{"id":577152,"date":"2023-03-13T00:06:13","date_gmt":"2023-03-13T06:06:13","guid":{"rendered":"https:\/\/www.diarioimagen.net\/?p=577152"},"modified":"2023-03-14T00:34:06","modified_gmt":"2023-03-14T06:34:06","slug":"un-sueno-hecho-realidad-trascender-en-el-equipo-de-tocho-bandera-de-la-uaemex-joanna-jimenez-estrada","status":"publish","type":"post","link":"https:\/\/www.diarioimagen.net\/?p=577152","title":{"rendered":"Un sue\u00f1o hecho realidad, trascender en el equipo de tocho bandera de la UAEM\u00e9x: Joanna Jim\u00e9nez Estrada"},"content":{"rendered":"<p>&nbsp;<\/p>\n<div id=\"attachment_577236\" style=\"width: 470px\" class=\"wp-caption aligncenter\"><a href=\"https:\/\/www.diarioimagen.net\/?attachment_id=577236\" rel=\"attachment wp-att-577236\"><img loading=\"lazy\" decoding=\"async\" aria-describedby=\"caption-attachment-577236\" class=\"size-full wp-image-577236\" src=\"https:\/\/www.diarioimagen.net\/wp-content\/uploads\/2023\/03\/uaem-joanna-jimenez.jpg\" alt=\"\" width=\"460\" height=\"270\" \/><\/a><p id=\"caption-attachment-577236\" class=\"wp-caption-text\">Actualmente, cursa el octavo semestre en la Licenciatura en Administraci\u00f3n y Promoci\u00f3n de la Obra Urbana; desde 2016, forma parte de las filas del equipo auriverde, en el cual ha desempe\u00f1ado distintas posiciones, sin embargo, ha destacado como receptora en la l\u00ednea ofensiva.<\/p><\/div>\n<p>&nbsp;<\/p>\n<p><strong>Toluca, Estado de M\u00e9xico.\u2013 <\/strong>Tras ocho a\u00f1os de practicar tocho bandera en la Universidad Aut\u00f3noma del Estado de M\u00e9xico (UAEM\u00e9x), Joanna Jim\u00e9nez Estrada, estudiante de la Facultad de Arquitectura y Dise\u00f1o, ha visto cristalizar su sue\u00f1o como deportista al participar en torneos locales y nacionales de la especialidad, siendo campeona, con el representativo universitario, en la Liga Mexicana de Flag Football (LMFF) y la Liga Abierta de Tocho Bandera de la UAEM\u00e9x en el a\u00f1o 2022.<\/p>\n<p>Actualmente, cursa el octavo semestre en la Licenciatura en Administraci\u00f3n y Promoci\u00f3n de la Obra Urbana; desde 2016, forma parte de las filas del equipo auriverde, en el cual ha desempe\u00f1ado distintas posiciones, sin embargo, ha destacado como receptora en la l\u00ednea ofensiva.<\/p>\n<p>\u201cSiempre me hab\u00eda gustado el f\u00fatbol, pero se dieron otras circunstancias y mi mam\u00e1, nos llev\u00f3 a mi hermana y a mi a entrenar (tochito bandera) a un parque con un equipo, y desde ah\u00ed me encant\u00f3\u201d, apunt\u00f3 la deportista universitaria.<\/p>\n<p>Jim\u00e9nez Estrada ha participado en diferentes torneos y ligas como la Asociaci\u00f3n de Flag Football del Estado de M\u00e9xico A.C. (AFFEMEX), del Consejo Nacional del Deporte de la Educaci\u00f3n A.C. (CONDDE), la Nacional de Tochito NFL, Valle Bowl, LMFF, entre otras. Actualmente se encuentra en preparaci\u00f3n para la etapa estatal rumbo a la Universiada Nacional 2023, pr\u00f3xima a celebrarse en el estado de Sonora.<\/p>\n<p>\u201cRepresentar a la Universidad en este certamen significa mucha disciplina, compromiso, esfuerzo, pasi\u00f3n y dedicaci\u00f3n por lo que hago, adem\u00e1s de poder mantener una vida deportiva y acad\u00e9mica que vayan de la mano y, sobre todo, mucho orgullo representar a la UAEM\u00e9x en estas justas deportivas\u201d, mencion\u00f3 la integrante de tocho bandera. Ser\u00e1n 12 jugadoras de la Aut\u00f3noma mexiquense las que estar\u00e1n presentes en esta fase y quienes buscar\u00e1n el boleto a Universiada Nacional, que se realizar\u00e1 en el mes de mayo en el norte del pa\u00eds.<\/p>\n<p>\u201cEl equipo representativo de tocho bandera de la UAEM\u00e9x comenz\u00f3 el 24 de marzo con el proceso de estatales, posteriormente los regionales, con el trabajo de nuestra entrenadora Topacio Conde. Ha sido fuerte e intensa la preparaci\u00f3n f\u00edsica, t\u00e1ctica y t\u00e9cnica. Estamos siempre listas y nuestro principal objetivo es poder tener el pase a Universiada Nacional\u201d, detall\u00f3 la deportista de 23 a\u00f1os.<\/p>\n<p>Ser\u00e1 a finales de este mes de marzo cuando est\u00e9n encarando la fase estatal y posteriormente, avanzar a la fase regional, con el objetivo de estar en Sonora. Por ello mismo, agreg\u00f3 Jim\u00e9nez Estrada, hay mucha emoci\u00f3n para iniciar con la etapa estatal.<\/p>\n","protected":false},"excerpt":{"rendered":"<p>Tras ocho a\u00f1os de practicar tocho bandera en la Universidad Aut\u00f3noma del Estado de M\u00e9xico (UAEM\u00e9x), Joanna Jim\u00e9nez Estrada, estudiante de la Facultad de Arquitectura y Dise\u00f1o, ha visto cristalizar su sue\u00f1o como deportista al participar en torneos locales y nacionales de la especialidad, siendo campeona, con el representativo universitario, en la Liga Mexicana de Flag Football (LMFF) y la Liga Abierta de Tocho Bandera de la UAEM\u00e9x en el a\u00f1o 2022.<\/p>\n","protected":false},"author":3,"featured_media":577236,"comment_status":"open","ping_status":"open","sticky":false,"template":"","format":"standard","meta":{"_monsterinsights_skip_tracking":false,"_monsterinsights_sitenote_active":false,"_monsterinsights_sitenote_note":"","_monsterinsights_sitenote_category":0,"footnotes":""},"categories":[5],"tags":[43675,452,91439,67878],"class_list":["post-577152","post","type-post","status-publish","format-standard","has-post-thumbnail","hentry","category-estado-de-mexico","tag-estado-de-mexico","tag-toluca","tag-trascender","tag-uaemex"],"_links":{"self":[{"href":"https:\/\/www.diarioimagen.net\/index.php?rest_route=\/wp\/v2\/posts\/577152","targetHints":{"allow":["GET"]}}],"collection":[{"href":"https:\/\/www.diarioimagen.net\/index.php?rest_route=\/wp\/v2\/posts"}],"about":[{"href":"https:\/\/www.diarioimagen.net\/index.php?rest_route=\/wp\/v2\/types\/post"}],"author":[{"embeddable":true,"href":"https:\/\/www.diarioimagen.net\/index.php?rest_route=\/wp\/v2\/users\/3"}],"replies":[{"embeddable":true,"href":"https:\/\/www.diarioimagen.net\/index.php?rest_route=%2Fwp%2Fv2%2Fcomments&post=577152"}],"version-history":[{"count":0,"href":"https:\/\/www.diarioimagen.net\/index.php?rest_route=\/wp\/v2\/posts\/577152\/revisions"}],"wp:featuredmedia":[{"embeddable":true,"href":"https:\/\/www.diarioimagen.net\/index.php?rest_route=\/wp\/v2\/media\/577236"}],"wp:attachment":[{"href":"https:\/\/www.diarioimagen.net\/index.php?rest_route=%2Fwp%2Fv2%2Fmedia&parent=577152"}],"wp:term":[{"taxonomy":"category","embeddable":true,"href":"https:\/\/www.diarioimagen.net\/index.php?rest_route=%2Fwp%2Fv2%2Fcategories&post=577152"},{"taxonomy":"post_tag","embeddable":true,"href":"https:\/\/www.diarioimagen.net\/index.php?rest_route=%2Fwp%2Fv2%2Ftags&post=577152"}],"curies":[{"name":"wp","href":"https:\/\/api.w.org\/{rel}","templated":true}]}}