{"id":577183,"date":"2023-03-13T00:02:17","date_gmt":"2023-03-13T06:02:17","guid":{"rendered":"https:\/\/www.diarioimagen.net\/?p=577183"},"modified":"2023-03-13T02:19:42","modified_gmt":"2023-03-13T08:19:42","slug":"exitosa-participacion-de-quintana-roo-en-la-feria-de-turismo-de-berlin","status":"publish","type":"post","link":"https:\/\/www.diarioimagen.net\/?p=577183","title":{"rendered":"Exitosa participaci\u00f3n de Quintana Roo en la Feria de Turismo de Berl\u00edn"},"content":{"rendered":"<p>&nbsp;<\/p>\n<h3 style=\"text-align: center;\">La m\u00e1s importante del mundo<\/h3>\n<p>&nbsp;<\/p>\n<ul>\n<li><strong><em>Delegaci\u00f3n de Playa del Carmen destaca que son reconocidos como destino favorito<\/em><\/strong><\/li>\n<\/ul>\n<p><strong>\u00a0<\/strong><\/p>\n<div id=\"attachment_577253\" style=\"width: 470px\" class=\"wp-caption aligncenter\"><a href=\"https:\/\/www.diarioimagen.net\/?attachment_id=577253\" rel=\"attachment wp-att-577253\"><img loading=\"lazy\" decoding=\"async\" aria-describedby=\"caption-attachment-577253\" class=\"size-full wp-image-577253\" src=\"https:\/\/www.diarioimagen.net\/wp-content\/uploads\/2023\/03\/TURISMO01-2.jpg\" alt=\"\" width=\"460\" height=\"270\" \/><\/a><p id=\"caption-attachment-577253\" class=\"wp-caption-text\">Quintana Roo concluy\u00f3 exitosamente su participaci\u00f3n en la Feria Internacional de Turismo de Berl\u00edn.<\/p><\/div>\n<p>&nbsp;<\/p>\n<p><strong>Berl\u00edn.\u2014<\/strong> Quintana Roo concluy\u00f3 exitosamente su participaci\u00f3n en la Feria Internacional de Turismo de Berl\u00edn (ITB), una de las m\u00e1s importantes del mundo, con una delegaci\u00f3n de autoridades, empresarios y l\u00edderes de la industria, encabezada por el titular de la Secretar\u00eda de Turismo\u00a0 estatal (Sedetur), Bernardo Cueto Riestra, y el director del Consejo de Promoci\u00f3n Tur\u00edstica (CTPQ), Javier Aranda Pedrero.<\/p>\n<p>La delegaci\u00f3n del Caribe mexicano acudi\u00f3 con el objetivo de dar a conocer los nuevos atractivos y proyectos como el Tren Maya, las inversiones en infraestructura y las pol\u00edticas del gobierno de Quintana Roo. Cabe destacar que la ITB de Berl\u00edn regres\u00f3 este a\u00f1o al formato presencial, luego de tres ediciones en l\u00ednea, y enfoc\u00f3 su contenido exclusivamente al B2B (Business-to-Business hace referencia a aquellos modelos de negocio en los que las prestaciones de servicio o venta de productos se realiza de una empresa o negocio a otro), as\u00ed como encuentro entre profesionales, para crear relaciones comerciales entre empresas.<\/p>\n<p>Desde Quintana Roo viajaron a Alemania representantes de grupos empresariales, presidentes de las Asociaciones de Hoteles de Canc\u00fan, Isla Mujeres, Puerto Morelos, del sur del estado, Riviera Maya y de Tulum adem\u00e1s de autoridades del ramo tur\u00edstico y econ\u00f3mico, quienes desarrollaron una agenda que incluye reuniones con empresarios de todas las \u00e1reas de negocios, touroperadores y directivos de l\u00edneas a\u00e9reas como grupo Lufthansa y C\u00f3ndor.<\/p>\n<p>En el caso de la delegaci\u00f3n de Playa del Carmen, destacaron que son reconocidos como el destino m\u00e1s visitado del estado y uno de los m\u00e1s reconocidos a nivel mundial. Y tras esta exitosa participaci\u00f3n, adelantaron que ya se est\u00e1 preparando porque a finales de mes, del 26 al 29 de marzo, se realizar\u00e1 la Feria de Turismo en la Ciudad de M\u00e9xico, a donde tambi\u00e9n acudir\u00e1n.<\/p>\n<p>Bernardo Cueto Riestra, secretario de Turismo de Quintana Roo, quien encabeza la delegaci\u00f3n del Caribe Mexicano, felicit\u00f3 a Solidaridad (Playa del Carmen) por su 30 aniversario \u201cQuintana Roo, todo el Caribe Mexicano, es la suma de esfuerzo de todos los destinos. Aqu\u00ed tuvimos la representaci\u00f3n de los presidentes y directores de las asociaciones de hoteles m\u00e1s importantes, para seguir impulsando el turismo y que sea la herramienta de bienestar y desarrollo para todos los habitantes del estado\u201d.<\/p>\n<p>En 2021, el mercado alem\u00e1n represent\u00f3 el 0.64 por ciento del turismo por origen en Quintana Roo, mientras que el a\u00f1o 2022 aument\u00f3 a 0.92 por ciento, pues el estado pas\u00f3 de recibir 75 mil 568 visitantes de Alemania a 143 mil 393, casi el doble.<\/p>\n<p>En el ITB tambi\u00e9n se hizo la invitaci\u00f3n a la 47 edici\u00f3n del Tianguis Tur\u00edstico M\u00e9xico, que se celebrar\u00e1 en la Ciudad de M\u00e9xico, del 26 al 29 de marzo donde participa Quintana Roo.<\/p>\n<p style=\"text-align: center;\"><strong>Marina abre vacantes en Cozumel\u00a0<\/strong><\/p>\n<p>Por otro lado, se inform\u00f3 que, a trav\u00e9s de la D\u00e9cima Quinta Zona Naval, la Secretar\u00eda de Marina ha lanzado una convocatoria para que habitantes de Cozumel se postulen y puedan incorporarse a diversos trabajos.<\/p>\n<p>En un comunicado, informaron a la poblaci\u00f3n en general sobre las ofertas de trabajo que esta instituci\u00f3n mantiene, entre ellas para trabajar en Infanter\u00eda de Marina, como cocineros y Camareros (SGA), choferes, oficinistas, un t\u00e9cnico en Inform\u00e1tica, fontaneros, electricistas (SGMI), un licenciado en Derecho y para trabajar en Protecci\u00f3n Portuaria y Aeroportuaria. De tal manera que el personal interesado puede consultar requisitos en la p\u00e1gina de Internet de la Instituci\u00f3n: <em>https:\/\/www.gob.mx\/semar\/documentos\/contratacion-vigentes<\/em> o acudir personalmente a las instalaciones de la Zona Naval para postularse y saber si pueden acceder a alguno de los puestos solicitados.<\/p>\n","protected":false},"excerpt":{"rendered":"<p>Quintana Roo concluy\u00f3 exitosamente su participaci\u00f3n en la Feria Internacional de Turismo de Berl\u00edn (ITB), una de las m\u00e1s importantes del mundo, con una delegaci\u00f3n de autoridades, empresarios y l\u00edderes de la industria, encabezada por el titular de la Secretar\u00eda de Turismo\u00a0 estatal (Sedetur), Bernardo Cueto Riestra, y el director del Consejo de Promoci\u00f3n Tur\u00edstica (CTPQ), Javier Aranda Pedrero.<\/p>\n","protected":false},"author":3,"featured_media":577253,"comment_status":"open","ping_status":"open","sticky":false,"template":"","format":"standard","meta":{"_monsterinsights_skip_tracking":false,"_monsterinsights_sitenote_active":false,"_monsterinsights_sitenote_note":"","_monsterinsights_sitenote_category":0,"footnotes":""},"categories":[11],"tags":[92679,97475,43681],"class_list":["post-577183","post","type-post","status-publish","format-standard","has-post-thumbnail","hentry","category-turismo","tag-exitosa","tag-feria-de-turismo-de-berlin","tag-turismo"],"_links":{"self":[{"href":"https:\/\/www.diarioimagen.net\/index.php?rest_route=\/wp\/v2\/posts\/577183","targetHints":{"allow":["GET"]}}],"collection":[{"href":"https:\/\/www.diarioimagen.net\/index.php?rest_route=\/wp\/v2\/posts"}],"about":[{"href":"https:\/\/www.diarioimagen.net\/index.php?rest_route=\/wp\/v2\/types\/post"}],"author":[{"embeddable":true,"href":"https:\/\/www.diarioimagen.net\/index.php?rest_route=\/wp\/v2\/users\/3"}],"replies":[{"embeddable":true,"href":"https:\/\/www.diarioimagen.net\/index.php?rest_route=%2Fwp%2Fv2%2Fcomments&post=577183"}],"version-history":[{"count":0,"href":"https:\/\/www.diarioimagen.net\/index.php?rest_route=\/wp\/v2\/posts\/577183\/revisions"}],"wp:featuredmedia":[{"embeddable":true,"href":"https:\/\/www.diarioimagen.net\/index.php?rest_route=\/wp\/v2\/media\/577253"}],"wp:attachment":[{"href":"https:\/\/www.diarioimagen.net\/index.php?rest_route=%2Fwp%2Fv2%2Fmedia&parent=577183"}],"wp:term":[{"taxonomy":"category","embeddable":true,"href":"https:\/\/www.diarioimagen.net\/index.php?rest_route=%2Fwp%2Fv2%2Fcategories&post=577183"},{"taxonomy":"post_tag","embeddable":true,"href":"https:\/\/www.diarioimagen.net\/index.php?rest_route=%2Fwp%2Fv2%2Ftags&post=577183"}],"curies":[{"name":"wp","href":"https:\/\/api.w.org\/{rel}","templated":true}]}}