{"id":577324,"date":"2023-03-14T00:06:15","date_gmt":"2023-03-14T06:06:15","guid":{"rendered":"https:\/\/www.diarioimagen.net\/?p=577324"},"modified":"2023-03-14T23:37:28","modified_gmt":"2023-03-15T05:37:28","slug":"recibe-uaemex-distintivo-naranja-por-fomentar-igualdad-laboral-es-la-primera-universidad-publica-en-obtenerla","status":"publish","type":"post","link":"https:\/\/www.diarioimagen.net\/?p=577324","title":{"rendered":"Recibe UAEM\u00e9x distintivo naranja por fomentar igualdad laboral; es la primera universidad p\u00fablica en obtenerla"},"content":{"rendered":"<p><em>\u00a0<\/em><\/p>\n<ul>\n<li><strong><em>Fue una de las dos instituciones de educaci\u00f3n superior mexiquenses reconocidas por su compromiso con la implementaci\u00f3n de acciones orientadas a erradicar cualquier tipo de desigualdad, discriminaci\u00f3n o acto de violencia de g\u00e9nero en su lugar de trabajo<\/em><\/strong><\/li>\n<\/ul>\n<p><strong>\u00a0<\/strong><\/p>\n<div id=\"attachment_577432\" style=\"width: 470px\" class=\"wp-caption aligncenter\"><a href=\"https:\/\/www.diarioimagen.net\/?attachment_id=577432\" rel=\"attachment wp-att-577432\"><img loading=\"lazy\" decoding=\"async\" aria-describedby=\"caption-attachment-577432\" class=\"size-full wp-image-577432\" src=\"https:\/\/www.diarioimagen.net\/wp-content\/uploads\/2023\/03\/uaem-distintivo.jpg\" alt=\"\" width=\"460\" height=\"270\" \/><\/a><p id=\"caption-attachment-577432\" class=\"wp-caption-text\">El rector Carlos Eduardo Barrera D\u00edaz recibi\u00f3 por parte del gobernador mexiquense, Alfredo Del Mazo Maza, el Distintivo Naranja por la Igualdad Laboral 2023 en tres modalidades.<\/p><\/div>\n<p>&nbsp;<\/p>\n<p><strong>Toluca, Estado de M\u00e9xico.\u2013<\/strong> Por implementar pr\u00e1cticas en materia de igualdad laboral entre mujeres y hombres, el rector de la Universidad Aut\u00f3noma del Estado de M\u00e9xico (UAEM\u00e9x), Carlos Eduardo Barrera D\u00edaz, recibi\u00f3 a nombre de la instituci\u00f3n el Distintivo Naranja por la Igualdad Laboral 2023 en tres modalidades: Igualdad laboral, inclusi\u00f3n laboral y gesti\u00f3n de los cuidados, que entreg\u00f3 el gobernador mexiquense, Alfredo del Mazo Maza.<\/p>\n<p>El mandatario estatal otorg\u00f3 el Distintivo Naranja por la Igualdad Laboral 2023 a 67 empresas, cuatro sindicatos y dos instituciones de educaci\u00f3n superior mexiquenses, -entre ellas la UAEM\u00e9x-, por implementar acciones como la promoci\u00f3n y el balance entre la vida familiar y laboral; el reclutamiento y la selecci\u00f3n de personal con igualdad de oportunidades entre mujeres y hombres; as\u00ed como la mejora de condiciones f\u00edsicas de los espacios de trabajo, salud y de ambiente laboral.<\/p>\n<p>Adem\u00e1s, se reconoce la capacitaci\u00f3n y sensibilizaci\u00f3n en materia de igualdad y prevenci\u00f3n de la violencia contra las mujeres; la prevenci\u00f3n y atenci\u00f3n del acoso y hostigamiento sexual; la correcci\u00f3n de la segregaci\u00f3n ocupacional, incrementando el n\u00famero de mujeres en puestos directivos y la disminuci\u00f3n de las brechas salariales.<\/p>\n<p>La UAEM\u00e9x obtuvo el distintivo en las modalidades por igualdad laboral que se refiere a centros de trabajo que cuentan con la implementaci\u00f3n de buenas pr\u00e1cticas en favor de la igualdad y no discriminaci\u00f3n; inclusi\u00f3n laboral por implementar buenas pr\u00e1cticas en favor de la incorporaci\u00f3n laboral de mujeres adultas mayores, con discapacidad y de la diversidad sexual y de g\u00e9nero y, en gesti\u00f3n de los cuidados por tener buenas pr\u00e1cticas en favor del personal que provee cuidados a familiares con alguna enfermedad, discapacidad, personas adultas mayores dependientes o primeras infancias.<\/p>\n<p>El Distintivo que se entrega por cuarta ocasi\u00f3n y por primera vez a instituciones de educaci\u00f3n superior como la UAEM\u00e9x, reconociendo y visibilizando el compromiso que tienen con la implementaci\u00f3n de acciones orientadas a erradicar cualquier tipo de desigualdad, discriminaci\u00f3n o acto de violencia de g\u00e9nero en su lugar de trabajo.<\/p>\n<p>Uno de los ejes de la presente administraci\u00f3n universitaria, encabezada por el rector Carlos Eduardo Barrera D\u00edaz, es la igualdad y equidad de g\u00e9nero. Tan solo el gabinete universitario 2021-2025 est\u00e1 conformado por ocho mujeres y cinco hombres.<\/p>\n<p>Este reconocimiento que otorga el gobierno estatal, a trav\u00e9s de la Secretar\u00eda de las Mujeres del Estado de M\u00e9xico, en colaboraci\u00f3n con la Secretar\u00eda del Trabajo y la Secretar\u00eda de Desarrollo Econ\u00f3mico, tambi\u00e9n tiene como objetivo reconocer y fomentar las mejores pr\u00e1cticas laborales en materia de g\u00e9nero, fortalecer el empoderamiento y la independencia de las mujeres trabajadoras y garantizar el cumplimiento de sus derechos en un ambiente libre de discriminaci\u00f3n.<\/p>\n","protected":false},"excerpt":{"rendered":"<p>Por implementar pr\u00e1cticas en materia de igualdad laboral entre mujeres y hombres, el rector de la Universidad Aut\u00f3noma del Estado de M\u00e9xico (UAEM\u00e9x), Carlos Eduardo Barrera D\u00edaz, recibi\u00f3 a nombre de la instituci\u00f3n el Distintivo Naranja por la Igualdad Laboral 2023 en tres modalidades: Igualdad laboral, inclusi\u00f3n laboral y gesti\u00f3n de los cuidados, que entreg\u00f3 el gobernador mexiquense, Alfredo del Mazo Maza.<\/p>\n","protected":false},"author":3,"featured_media":577432,"comment_status":"open","ping_status":"open","sticky":false,"template":"","format":"standard","meta":{"_monsterinsights_skip_tracking":false,"_monsterinsights_sitenote_active":false,"_monsterinsights_sitenote_note":"","_monsterinsights_sitenote_category":0,"footnotes":""},"categories":[5],"tags":[43675,97503,452,67878,94414],"class_list":["post-577324","post","type-post","status-publish","format-standard","has-post-thumbnail","hentry","category-estado-de-mexico","tag-estado-de-mexico","tag-obtenerla","tag-toluca","tag-uaemex","tag-universidad-publica"],"_links":{"self":[{"href":"https:\/\/www.diarioimagen.net\/index.php?rest_route=\/wp\/v2\/posts\/577324","targetHints":{"allow":["GET"]}}],"collection":[{"href":"https:\/\/www.diarioimagen.net\/index.php?rest_route=\/wp\/v2\/posts"}],"about":[{"href":"https:\/\/www.diarioimagen.net\/index.php?rest_route=\/wp\/v2\/types\/post"}],"author":[{"embeddable":true,"href":"https:\/\/www.diarioimagen.net\/index.php?rest_route=\/wp\/v2\/users\/3"}],"replies":[{"embeddable":true,"href":"https:\/\/www.diarioimagen.net\/index.php?rest_route=%2Fwp%2Fv2%2Fcomments&post=577324"}],"version-history":[{"count":0,"href":"https:\/\/www.diarioimagen.net\/index.php?rest_route=\/wp\/v2\/posts\/577324\/revisions"}],"wp:featuredmedia":[{"embeddable":true,"href":"https:\/\/www.diarioimagen.net\/index.php?rest_route=\/wp\/v2\/media\/577432"}],"wp:attachment":[{"href":"https:\/\/www.diarioimagen.net\/index.php?rest_route=%2Fwp%2Fv2%2Fmedia&parent=577324"}],"wp:term":[{"taxonomy":"category","embeddable":true,"href":"https:\/\/www.diarioimagen.net\/index.php?rest_route=%2Fwp%2Fv2%2Fcategories&post=577324"},{"taxonomy":"post_tag","embeddable":true,"href":"https:\/\/www.diarioimagen.net\/index.php?rest_route=%2Fwp%2Fv2%2Ftags&post=577324"}],"curies":[{"name":"wp","href":"https:\/\/api.w.org\/{rel}","templated":true}]}}