{"id":577326,"date":"2023-03-14T00:05:38","date_gmt":"2023-03-14T06:05:38","guid":{"rendered":"https:\/\/www.diarioimagen.net\/?p=577326"},"modified":"2023-03-14T23:38:05","modified_gmt":"2023-03-15T05:38:05","slug":"alcanzo-uaemex-cifra-historica-95-mil-estudiantes-en-los-niveles-medio-superior-y-posgrado","status":"publish","type":"post","link":"https:\/\/www.diarioimagen.net\/?p=577326","title":{"rendered":"Alcanz\u00f3 UAEM\u00e9x cifra hist\u00f3rica: 95 mil estudiantes en los niveles medio, superior y posgrado"},"content":{"rendered":"<p>&nbsp;<\/p>\n<div id=\"attachment_577436\" style=\"width: 470px\" class=\"wp-caption aligncenter\"><a href=\"https:\/\/www.diarioimagen.net\/?attachment_id=577436\" rel=\"attachment wp-att-577436\"><img loading=\"lazy\" decoding=\"async\" aria-describedby=\"caption-attachment-577436\" class=\"size-full wp-image-577436\" src=\"https:\/\/www.diarioimagen.net\/wp-content\/uploads\/2023\/03\/uaem-cifra-historica.jpg\" alt=\"\" width=\"460\" height=\"270\" \/><\/a><p id=\"caption-attachment-577436\" class=\"wp-caption-text\">El programa \u201cRegresa a la UAEM\u00e9x\u201d, a trav\u00e9s del cual se ha abatido la deserci\u00f3n causada a ra\u00edz de la pandemia de COVID-19, brind\u00f3 a las y los estudiantes la posibilidad de retomar sus estudios.<\/p><\/div>\n<p>&nbsp;<\/p>\n<p><strong>Toluca, Estado de M\u00e9xico.\u2013<\/strong> La demanda de servicios educativos en la entidad mexiquense ha impulsado el crecimiento de la Universidad Aut\u00f3noma del Estado de M\u00e9xico (UAEM\u00e9x). Como parte de los esfuerzos institucionales se ha mantenido la tendencia creciente en la matr\u00edcula, ya que durante el \u00faltimo a\u00f1o se alcanz\u00f3 una cifra hist\u00f3rica de 95 mil 51 estudiantes: 23 mil 530 de bachillerato, 67 mil 620 de estudios profesionales y tres mil 901 de posgrado.<\/p>\n<p>Alcanzar esta matr\u00edcula ha sido un esfuerzo considerable y ha exigido una estricta disciplina financiera, ya que se requiere incrementar la infraestructura, el equipamiento de las aulas y el fortalecimiento del personal docente, de manera que todas y todos los estudiantes que se integran a la comunidad de la Aut\u00f3noma mexiquense puedan contar con espacios dignos y con los elementos necesarios para desarrollar de forma \u00f3ptima sus actividades acad\u00e9micas.<\/p>\n<p>El apoyo a la comunidad estudiantil es un elemento fundamental en el trabajo universitario, as\u00ed que durante este a\u00f1o se ha puesto especial \u00e9nfasis en el mejoramiento de los programas educativos, as\u00ed como en la tutor\u00eda, las actividades de asesor\u00eda y las pol\u00edticas de aprovechamiento formativo.<\/p>\n<p>En este sentido, destaca el Programa \u201cRegresa a la UAEM\u00e9x\u201d, a trav\u00e9s del cual se ha abatido la deserci\u00f3n causada a ra\u00edz de la pandemia de COVID-19, y que brind\u00f3 a las y los estudiantes la posibilidad de retomar sus estudios. Como resultado de este programa se reincorporaron a las aulas 567 estudiantes de nivel medio superior y 896 de estudios profesionales.<\/p>\n<p>El esfuerzo en torno a la labor educativa requiere de forma permanente excelencia y calidad, por lo que los procesos de evaluaci\u00f3n de los programas educativos han permitido a la instituci\u00f3n alcanzar est\u00e1ndares de calidad reconocida por organismos acreditadores en los \u00e1mbitos nacional e internacional.<\/p>\n<p>As\u00ed, la Aut\u00f3noma mexiquense mejor\u00f3 su posici\u00f3n en el QS Latin American University Ranking 2023, al escalar ocho posiciones y colocarse como parte de las 65 mejores instituciones de educaci\u00f3n superior de Am\u00e9rica Latina. Esta misma instancia evaluadora reconoci\u00f3 a la instituci\u00f3n en el \u00e1mbito de \u201cMejora Educativa\u201d, distinci\u00f3n que sobresale al ser la \u00fanica universidad mexicana en obtener dicho reconocimiento.<\/p>\n<p>En un hecho hist\u00f3rico para la M\u00e1xima Casa de Estudios mexiquense, se devel\u00f3 en los arcos ponientes del Patio de los Naranjos del Edificio de Rector\u00eda la inscripci\u00f3n de la fecha \u201c14 julio 2022\u201d, con motivo del reconocimiento otorgado por Times Higher Education a la UAEM\u00e9x como la Mejor Universidad P\u00fablica Estatal de M\u00e9xico.<\/p>\n<p>La Universidad Aut\u00f3noma del Estado de M\u00e9xico ha impulsado la adquisici\u00f3n de un acervo electr\u00f3nico multidisciplinario y especializado, con lo que se brinda el acceso a 401 mil libros electr\u00f3nicos y 102 mil revistas electr\u00f3nicas. Cabe se\u00f1alar que estos recursos son de acceso y consulta gratuita.<\/p>\n","protected":false},"excerpt":{"rendered":"<p>La demanda de servicios educativos en la entidad mexiquense ha impulsado el crecimiento de la Universidad Aut\u00f3noma del Estado de M\u00e9xico (UAEM\u00e9x). Como parte de los esfuerzos institucionales se ha mantenido la tendencia creciente en la matr\u00edcula, ya que durante el \u00faltimo a\u00f1o se alcanz\u00f3 una cifra hist\u00f3rica de 95 mil 51 estudiantes: 23 mil 530 de bachillerato, 67 mil 620 de estudios profesionales y tres mil 901 de posgrado.<\/p>\n","protected":false},"author":3,"featured_media":577436,"comment_status":"open","ping_status":"open","sticky":false,"template":"","format":"standard","meta":{"_monsterinsights_skip_tracking":false,"_monsterinsights_sitenote_active":false,"_monsterinsights_sitenote_note":"","_monsterinsights_sitenote_category":0,"footnotes":""},"categories":[5],"tags":[19577,88797,64863,67878],"class_list":["post-577326","post","type-post","status-publish","format-standard","has-post-thumbnail","hentry","category-estado-de-mexico","tag-alumnos","tag-cifra","tag-historica","tag-uaemex"],"_links":{"self":[{"href":"https:\/\/www.diarioimagen.net\/index.php?rest_route=\/wp\/v2\/posts\/577326","targetHints":{"allow":["GET"]}}],"collection":[{"href":"https:\/\/www.diarioimagen.net\/index.php?rest_route=\/wp\/v2\/posts"}],"about":[{"href":"https:\/\/www.diarioimagen.net\/index.php?rest_route=\/wp\/v2\/types\/post"}],"author":[{"embeddable":true,"href":"https:\/\/www.diarioimagen.net\/index.php?rest_route=\/wp\/v2\/users\/3"}],"replies":[{"embeddable":true,"href":"https:\/\/www.diarioimagen.net\/index.php?rest_route=%2Fwp%2Fv2%2Fcomments&post=577326"}],"version-history":[{"count":0,"href":"https:\/\/www.diarioimagen.net\/index.php?rest_route=\/wp\/v2\/posts\/577326\/revisions"}],"wp:featuredmedia":[{"embeddable":true,"href":"https:\/\/www.diarioimagen.net\/index.php?rest_route=\/wp\/v2\/media\/577436"}],"wp:attachment":[{"href":"https:\/\/www.diarioimagen.net\/index.php?rest_route=%2Fwp%2Fv2%2Fmedia&parent=577326"}],"wp:term":[{"taxonomy":"category","embeddable":true,"href":"https:\/\/www.diarioimagen.net\/index.php?rest_route=%2Fwp%2Fv2%2Fcategories&post=577326"},{"taxonomy":"post_tag","embeddable":true,"href":"https:\/\/www.diarioimagen.net\/index.php?rest_route=%2Fwp%2Fv2%2Ftags&post=577326"}],"curies":[{"name":"wp","href":"https:\/\/api.w.org\/{rel}","templated":true}]}}