{"id":577328,"date":"2023-03-14T00:03:52","date_gmt":"2023-03-14T06:03:52","guid":{"rendered":"https:\/\/www.diarioimagen.net\/?p=577328"},"modified":"2023-03-14T03:33:31","modified_gmt":"2023-03-14T09:33:31","slug":"a-la-ex-alcaldesa-patricia-duran-le-fallaron-colaboradores-afirma-mauricio-aguirre","status":"publish","type":"post","link":"https:\/\/www.diarioimagen.net\/?p=577328","title":{"rendered":"A la ex alcaldesa Patricia Dur\u00e1n le fallaron colaboradores, afirma Mauricio Aguirre"},"content":{"rendered":"<p>&nbsp;<\/p>\n<ul>\n<li><em><strong>Ex funcionario en la anterior administraci\u00f3n<\/strong><\/em><\/li>\n<\/ul>\n<p><strong>\u00a0<\/strong><\/p>\n<h6>Arturo Baena<\/h6>\n<p>&nbsp;<\/p>\n<div id=\"attachment_577458\" style=\"width: 470px\" class=\"wp-caption aligncenter\"><a href=\"https:\/\/www.diarioimagen.net\/?attachment_id=577458\" rel=\"attachment wp-att-577458\"><img loading=\"lazy\" decoding=\"async\" aria-describedby=\"caption-attachment-577458\" class=\"size-full wp-image-577458\" src=\"https:\/\/www.diarioimagen.net\/wp-content\/uploads\/2023\/03\/ex-alcaldesa.jpg\" alt=\"\" width=\"460\" height=\"270\" \/><\/a><p id=\"caption-attachment-577458\" class=\"wp-caption-text\">El regidor del PT Mauricio Aguirre se\u00f1al\u00f3 que son muy agresivos los descalificativos hacia la persona de Patricia Dur\u00e1n.<\/p><\/div>\n<p>&nbsp;<\/p>\n<p><strong>Naucalpan, Estado de M\u00e9xico.\u2014<\/strong> Hay que decirlo como es: A la ex presidenta municipal, Patricia Dur\u00e1n Reveles, le fallaron varios ex colaboradores. Yo respeto mucho a Paty, he dado la cara y lo seguir\u00e9 haciendo por ella. Conozco de su probidad, honestidad y valores. El error que yo veo es que, reitero, conf\u00edo en muchas personas (no proporcion\u00f3 nombres) que no le cumplieron.<\/p>\n<p>As\u00ed lo reconoci\u00f3 en entrevista, el regidor del PT Mauricio Aguirre, en su calidad de ex funcionario en la pasada administraci\u00f3n morenista, luego de se\u00f1alar que fueron y son muy agresivos los descalificativos hacia la persona de Patricia Dur\u00e1n.<\/p>\n<p>\u201cYo creo que en alguna medida si t\u00fa haces mal las cosas, debes de estar consciente y debes tener la humildad y serenidad de que va a haber un ataque. Hay ex funcionarios, efectivamente, que deben responder por sus actos\u201d, dijo.<\/p>\n<p>Aguirre Lozano reiter\u00f3 que \u201ccomo presidente, debes de responder por tus funcionarios, sean buenos o malos, en este caso, lamentablemente a Paty le ha tocado resolver y enfrentar estos hechos\u201d, dijo. Por otra parte, Mauricio Aguirre destac\u00f3 que \u201chubo rudeza innecesaria en contra de Paty Dur\u00e1n, los procedimientos siguen su curso y tendr\u00e1n (los ex servidores p\u00fablicos) que responder de sus actos\u201d.<\/p>\n<p>Finalmente, el representante popular, manifest\u00f3 conocer la honestidad de la ex alcaldesa Patricia Dur\u00e1n y ser\u00e1n las autoridades competentes quienes tomen una determinaci\u00f3n y tendr\u00e1n que pagar las consecuencias aquellos que le fallaron a su gobierno.<\/p>\n","protected":false},"excerpt":{"rendered":"<p>Hay que decirlo como es: A la ex presidenta municipal, Patricia Dur\u00e1n Reveles, le fallaron varios ex colaboradores. Yo respeto mucho a Paty, he dado la cara y lo seguir\u00e9 haciendo por ella. Conozco de su probidad, honestidad y valores. El error que yo veo es que, reitero, conf\u00edo en muchas personas (no proporcion\u00f3 nombres) que no le cumplieron.<\/p>\n","protected":false},"author":3,"featured_media":577458,"comment_status":"open","ping_status":"open","sticky":false,"template":"","format":"standard","meta":{"_monsterinsights_skip_tracking":false,"_monsterinsights_sitenote_active":false,"_monsterinsights_sitenote_note":"","_monsterinsights_sitenote_category":0,"footnotes":""},"categories":[5],"tags":[43675,970,81467],"class_list":["post-577328","post","type-post","status-publish","format-standard","has-post-thumbnail","hentry","category-estado-de-mexico","tag-estado-de-mexico","tag-naucalpan","tag-patricia-duran-reveles"],"_links":{"self":[{"href":"https:\/\/www.diarioimagen.net\/index.php?rest_route=\/wp\/v2\/posts\/577328","targetHints":{"allow":["GET"]}}],"collection":[{"href":"https:\/\/www.diarioimagen.net\/index.php?rest_route=\/wp\/v2\/posts"}],"about":[{"href":"https:\/\/www.diarioimagen.net\/index.php?rest_route=\/wp\/v2\/types\/post"}],"author":[{"embeddable":true,"href":"https:\/\/www.diarioimagen.net\/index.php?rest_route=\/wp\/v2\/users\/3"}],"replies":[{"embeddable":true,"href":"https:\/\/www.diarioimagen.net\/index.php?rest_route=%2Fwp%2Fv2%2Fcomments&post=577328"}],"version-history":[{"count":0,"href":"https:\/\/www.diarioimagen.net\/index.php?rest_route=\/wp\/v2\/posts\/577328\/revisions"}],"wp:featuredmedia":[{"embeddable":true,"href":"https:\/\/www.diarioimagen.net\/index.php?rest_route=\/wp\/v2\/media\/577458"}],"wp:attachment":[{"href":"https:\/\/www.diarioimagen.net\/index.php?rest_route=%2Fwp%2Fv2%2Fmedia&parent=577328"}],"wp:term":[{"taxonomy":"category","embeddable":true,"href":"https:\/\/www.diarioimagen.net\/index.php?rest_route=%2Fwp%2Fv2%2Fcategories&post=577328"},{"taxonomy":"post_tag","embeddable":true,"href":"https:\/\/www.diarioimagen.net\/index.php?rest_route=%2Fwp%2Fv2%2Ftags&post=577328"}],"curies":[{"name":"wp","href":"https:\/\/api.w.org\/{rel}","templated":true}]}}