{"id":577332,"date":"2023-03-14T00:02:07","date_gmt":"2023-03-14T06:02:07","guid":{"rendered":"https:\/\/www.diarioimagen.net\/?p=577332"},"modified":"2023-03-14T03:34:39","modified_gmt":"2023-03-14T09:34:39","slug":"el-pan-solicitara-al-instituto-electoral-cinco-debates-entre-abanderadas-para-el-edomex","status":"publish","type":"post","link":"https:\/\/www.diarioimagen.net\/?p=577332","title":{"rendered":"El PAN solicitar\u00e1 al Instituto Electoral cinco debates entre abanderadas para el Edomex"},"content":{"rendered":"<p>&nbsp;<\/p>\n<ul>\n<li><strong><em>Anuncia el dirigente panista estatal<\/em><\/strong><\/li>\n<\/ul>\n<p><strong>\u00a0<\/strong><\/p>\n<h6>Arturo Baena<\/h6>\n<p>&nbsp;<\/p>\n<div id=\"attachment_577460\" style=\"width: 470px\" class=\"wp-caption aligncenter\"><a href=\"https:\/\/www.diarioimagen.net\/?attachment_id=577460\" rel=\"attachment wp-att-577460\"><img loading=\"lazy\" decoding=\"async\" aria-describedby=\"caption-attachment-577460\" class=\"size-full wp-image-577460\" src=\"https:\/\/www.diarioimagen.net\/wp-content\/uploads\/2023\/03\/pan-solicitara.jpg\" alt=\"\" width=\"460\" height=\"270\" \/><\/a><p id=\"caption-attachment-577460\" class=\"wp-caption-text\">Anuar Azar Figueroa, presidente estatal del PAN, anunci\u00f3 que solicitar\u00e1 al IEEM se aprueben cinco debates entre las aspirantes al gobierno del Edomex.<\/p><\/div>\n<p>&nbsp;<\/p>\n<p><strong>Naucalpan, Estado de M\u00e9xico.\u2014<\/strong> Las ideas, los pensamientos y las propuestas son necesarias para conocer a las actoras pol\u00edticas, es por ello que el Partido Acci\u00f3n Nacional (PAN) solicitar\u00e1 al Instituto Electoral del Estado de M\u00e9xico (IEEM) que en la pr\u00f3xima campa\u00f1a para la gubernatura del Estado de M\u00e9xico se aprueben y se concreten cinco debates sobre temas que importan a las y los mexiquenses.<\/p>\n<p>Asegur\u00f3 lo anterior Anuar Azar Figueroa, presidente estatal de ese instituto pol\u00edtico, al tiempo de asegurar que es importante ccnocer de temas como: seguridad, econom\u00eda y empleo, transporte y movilidad, as\u00ed como salud, educaci\u00f3n y desarrollo social.<\/p>\n<p>Anuar Azar se\u00f1al\u00f3 que dichos temas importan y preocupan a la sociedad mexiquense, por lo que pedir\u00e1 al IEEM se realicen los debates entre la abanderada Alejandra Del Moral (PAN-PRI-PRD-NA), quien invit\u00f3 a la abanderada de Morena-PT-PVE, Delfina G\u00f3mez, a debatir temas que la gente desea saber y son apremiantes en el Edomex.<\/p>\n<p>El dirigente estatal de Acci\u00f3n Nacional, resalt\u00f3 que con los debates las y los mexiquenses podr\u00e1n valorar, medir y opinar los proyectos pol\u00edticos de ambas en la entidad, por lo que se espera una respuesta inmediata sin evasivas ni discursos huidizos de la propuesta de la precandidata de Morena.<\/p>\n<p>En el pasado D\u00eda Internacional de la Mujer, con mujeres panistas, Alejandra Del Moral, como invitada especial, pidi\u00f3 a Delfina acepte el debate y ser sororas por el bien del Estado de M\u00e9xico, concluy\u00f3.<\/p>\n","protected":false},"excerpt":{"rendered":"<p>Las ideas, los pensamientos y las propuestas son necesarias para conocer a las actoras pol\u00edticas, es por ello que el Partido Acci\u00f3n Nacional (PAN) solicitar\u00e1 al Instituto Electoral del Estado de M\u00e9xico (IEEM) que en la pr\u00f3xima campa\u00f1a para la gubernatura del Estado de M\u00e9xico se aprueben y se concreten cinco debates sobre temas que importan a las y los mexiquenses.<\/p>\n","protected":false},"author":3,"featured_media":577460,"comment_status":"open","ping_status":"open","sticky":false,"template":"","format":"standard","meta":{"_monsterinsights_skip_tracking":false,"_monsterinsights_sitenote_active":false,"_monsterinsights_sitenote_note":"","_monsterinsights_sitenote_category":0,"footnotes":""},"categories":[5],"tags":[97504,43675,694,970],"class_list":["post-577332","post","type-post","status-publish","format-standard","has-post-thumbnail","hentry","category-estado-de-mexico","tag-debates","tag-estado-de-mexico","tag-ieem","tag-naucalpan"],"_links":{"self":[{"href":"https:\/\/www.diarioimagen.net\/index.php?rest_route=\/wp\/v2\/posts\/577332","targetHints":{"allow":["GET"]}}],"collection":[{"href":"https:\/\/www.diarioimagen.net\/index.php?rest_route=\/wp\/v2\/posts"}],"about":[{"href":"https:\/\/www.diarioimagen.net\/index.php?rest_route=\/wp\/v2\/types\/post"}],"author":[{"embeddable":true,"href":"https:\/\/www.diarioimagen.net\/index.php?rest_route=\/wp\/v2\/users\/3"}],"replies":[{"embeddable":true,"href":"https:\/\/www.diarioimagen.net\/index.php?rest_route=%2Fwp%2Fv2%2Fcomments&post=577332"}],"version-history":[{"count":0,"href":"https:\/\/www.diarioimagen.net\/index.php?rest_route=\/wp\/v2\/posts\/577332\/revisions"}],"wp:featuredmedia":[{"embeddable":true,"href":"https:\/\/www.diarioimagen.net\/index.php?rest_route=\/wp\/v2\/media\/577460"}],"wp:attachment":[{"href":"https:\/\/www.diarioimagen.net\/index.php?rest_route=%2Fwp%2Fv2%2Fmedia&parent=577332"}],"wp:term":[{"taxonomy":"category","embeddable":true,"href":"https:\/\/www.diarioimagen.net\/index.php?rest_route=%2Fwp%2Fv2%2Fcategories&post=577332"},{"taxonomy":"post_tag","embeddable":true,"href":"https:\/\/www.diarioimagen.net\/index.php?rest_route=%2Fwp%2Fv2%2Ftags&post=577332"}],"curies":[{"name":"wp","href":"https:\/\/api.w.org\/{rel}","templated":true}]}}