{"id":577505,"date":"2023-03-15T00:01:19","date_gmt":"2023-03-15T06:01:19","guid":{"rendered":"https:\/\/www.diarioimagen.net\/?p=577505"},"modified":"2023-03-15T03:02:28","modified_gmt":"2023-03-15T09:02:28","slug":"exigen-a-delfina-gomez-aclarar-el-pago-a-una-empresa-por-253-mdp-cuando-era-titular-de-sep","status":"publish","type":"post","link":"https:\/\/www.diarioimagen.net\/?p=577505","title":{"rendered":"Exigen a Delfina G\u00f3mez aclarar el pago a una empresa por 253 mdp cuando era titular de SEP"},"content":{"rendered":"<p>&nbsp;<\/p>\n<ul>\n<li><em><strong>Irregularidades en renta de computadoras<\/strong><\/em><\/li>\n<\/ul>\n<p>&nbsp;<\/p>\n<div id=\"attachment_577628\" style=\"width: 470px\" class=\"wp-caption aligncenter\"><a href=\"https:\/\/www.diarioimagen.net\/?attachment_id=577628\" rel=\"attachment wp-att-577628\"><img loading=\"lazy\" decoding=\"async\" aria-describedby=\"caption-attachment-577628\" class=\"size-full wp-image-577628\" src=\"https:\/\/www.diarioimagen.net\/wp-content\/uploads\/2023\/03\/exigen-a-delfina.jpg\" alt=\"\" width=\"460\" height=\"270\" \/><\/a><p id=\"caption-attachment-577628\" class=\"wp-caption-text\">Implican a Delfina G\u00f3mez \u00c1lvarez en contrato millonario a una empresa ligada a una presunta red de saqueo a Petr\u00f3leos Mexicanos.<\/p><\/div>\n<p>&nbsp;<\/p>\n<p><strong>Valle de M\u00e9xico.\u2014<\/strong> L\u00edderes sociales del PRI, PAN y PRD exigieron a Delfina G\u00f3mez \u00c1lvarez, virtual candidata de Morena al gobierno del Estado de M\u00e9xico, aclare el motivo por el cual dio 253 millones de pesos, por renta de computadoras, a una empresa ligada a una presunta red de saqueo a Petr\u00f3leos Mexicanos (Pemex), esto cuando era titular de la SEP.<\/p>\n<p>Los quejosos a trav\u00e9s del regidor panista, Agust\u00edn Belgodere, se\u00f1ala que seg\u00fan informes, que \u201cla\u00a0 compa\u00f1\u00eda se trata de DSTI M\u00e9xico, que se encuentra relacionada con Claudia Mar\u00eda Rinc\u00f3n P\u00e9rez, mejor conocida por los medios de comunicaci\u00f3n como \u201cLa reina de las licitaciones\u201d, por encabezar, supuestamente, una red depredadora que orde\u00f1\u00f3 miles de millones de pesos a la petrolera estatal durante los sexenios de Felipe Calder\u00f3n y Enrique Pe\u00f1a Nieto a trav\u00e9s de un esquema de simulaci\u00f3n de competencia\u201d, dijo.<\/p>\n<p>Afirmaron los denunciantes que\u00a0 de acuerdo con una investigaci\u00f3n de Esteban David Rodr\u00edguez en el medio EMEEQUIS, DSTI M\u00e9xico fue fundada por empleados de Rinc\u00f3n P\u00e9rez en STE M\u00e9xico, entre gerentes y abogados, pero tambi\u00e9n por Ricardo Reyes Mill\u00e1n, ex gerente de operaci\u00f3n de Pemex, quien fue operador dentro de la petrolera estatal para tener ventaja en procedimientos de contrataci\u00f3n de acuerdo con el ex socio y cu\u00f1ado de \u201cla reina\u201d, Jos\u00e9 Carlos Chew.<\/p>\n<p>Cada equipo contratado -computadoras de escritorio, laptops, tabletas, con implementos y accesorios- habr\u00eda costado a los contribuyentes casi 25 mil pesos, un costo promedio superior al de una terminal convencional en el mercado, al menos en el caso de una tableta.<\/p>\n<p>EMEEQUIS solicit\u00f3 la postura de Eduardo Javier Lazcano Uribe, titular de la unidad jur\u00eddica de STE M\u00e9xico y simult\u00e1neamente apoderado legal de DSTI M\u00e9xico, pero, despu\u00e9s de varios intentos, su personal respondi\u00f3: \u201cNo est\u00e1 interesado en comentar\u201d.<\/p>\n<p>Tambi\u00e9n se solicit\u00f3 el comentario de la SEP, pero tambi\u00e9n nunca respondieron.<\/p>\n<p>Claudia Mar\u00eda Rinc\u00f3n P\u00e9rez es propietaria, entre otras empresas, de Soluciones Tecnol\u00f3gicas Especializadas S.A. de C.V.\u00a0 (STE M\u00e9xico), dedicada al arrendamiento de computadoras, un giro al que se dedica desde 2004, y que tuvo su despegue en contrataciones p\u00fablicas durante el sexenio de Felipe Calder\u00f3n, con ventas a Pemex, un fil\u00f3n que se consolid\u00f3 en el sexenio de Enrique Pe\u00f1a Nieto.<\/p>\n","protected":false},"excerpt":{"rendered":"<p>L\u00edderes sociales del PRI, PAN y PRD exigieron a Delfina G\u00f3mez \u00c1lvarez, virtual candidata de Morena al gobierno del Estado de M\u00e9xico, aclare el motivo por el cual dio 253 millones de pesos, por renta de computadoras, a una empresa ligada a una presunta red de saqueo a Petr\u00f3leos Mexicanos (Pemex), esto cuando era titular de la SEP.<\/p>\n","protected":false},"author":3,"featured_media":577628,"comment_status":"open","ping_status":"open","sticky":false,"template":"","format":"standard","meta":{"_monsterinsights_skip_tracking":false,"_monsterinsights_sitenote_active":false,"_monsterinsights_sitenote_note":"","_monsterinsights_sitenote_category":0,"footnotes":""},"categories":[5],"tags":[97512,57859,97513,72998],"class_list":["post-577505","post","type-post","status-publish","format-standard","has-post-thumbnail","hentry","category-estado-de-mexico","tag-aclare","tag-delfina-gomez-alvarez","tag-desfio","tag-fondos"],"_links":{"self":[{"href":"https:\/\/www.diarioimagen.net\/index.php?rest_route=\/wp\/v2\/posts\/577505","targetHints":{"allow":["GET"]}}],"collection":[{"href":"https:\/\/www.diarioimagen.net\/index.php?rest_route=\/wp\/v2\/posts"}],"about":[{"href":"https:\/\/www.diarioimagen.net\/index.php?rest_route=\/wp\/v2\/types\/post"}],"author":[{"embeddable":true,"href":"https:\/\/www.diarioimagen.net\/index.php?rest_route=\/wp\/v2\/users\/3"}],"replies":[{"embeddable":true,"href":"https:\/\/www.diarioimagen.net\/index.php?rest_route=%2Fwp%2Fv2%2Fcomments&post=577505"}],"version-history":[{"count":0,"href":"https:\/\/www.diarioimagen.net\/index.php?rest_route=\/wp\/v2\/posts\/577505\/revisions"}],"wp:featuredmedia":[{"embeddable":true,"href":"https:\/\/www.diarioimagen.net\/index.php?rest_route=\/wp\/v2\/media\/577628"}],"wp:attachment":[{"href":"https:\/\/www.diarioimagen.net\/index.php?rest_route=%2Fwp%2Fv2%2Fmedia&parent=577505"}],"wp:term":[{"taxonomy":"category","embeddable":true,"href":"https:\/\/www.diarioimagen.net\/index.php?rest_route=%2Fwp%2Fv2%2Fcategories&post=577505"},{"taxonomy":"post_tag","embeddable":true,"href":"https:\/\/www.diarioimagen.net\/index.php?rest_route=%2Fwp%2Fv2%2Ftags&post=577505"}],"curies":[{"name":"wp","href":"https:\/\/api.w.org\/{rel}","templated":true}]}}