{"id":577543,"date":"2023-03-15T00:00:00","date_gmt":"2023-03-15T06:00:00","guid":{"rendered":"https:\/\/www.diarioimagen.net\/?p=577543"},"modified":"2023-03-15T02:13:33","modified_gmt":"2023-03-15T08:13:33","slug":"premio-biblos-ratifica-presencia-de-la-comunidad-libanesa-en-mexico","status":"publish","type":"post","link":"https:\/\/www.diarioimagen.net\/?p=577543","title":{"rendered":"Premio BIBLOS ratifica presencia de la comunidad libanesa en M\u00e9xico"},"content":{"rendered":"<h2>Hora 14<\/h2>\n<h5>Mauricio Conde Olivares<\/h5>\n<p>&nbsp;<\/p>\n<p>En el marco de la celebraci\u00f3n de los 200 a\u00f1os de relaciones bilaterales Estados Unidos-M\u00e9xico, el Consejo Coordinador Empresarial (CCE) del Caribe en coordinaci\u00f3n con el Consulado de Estados Unidos en M\u00e9rida, promueve el programa de Global Entry, que facilita el registro de pasajeros en internaci\u00f3n entre los pa\u00edses.<\/p>\n<p>En el evento realizado en el Hotel Hampton Inn Canc\u00fan, la Presidenta Municipal, Ana Patricia Peralta, asegur\u00f3 que el gobierno de Benito Ju\u00e1rez est\u00e1 comprometido con impulsar el turismo y los negocios, para avanzar en la construcci\u00f3n de una ciudad moderna, que responda a las necesidades del presente y del futuro.<\/p>\n<p>Con la presencia de la gobernadora, Mara Lezama y la c\u00f3nsul general de EEUU en M\u00e9rida, Dorothy Ngutter; la Primera Autoridad Municipal se\u00f1al\u00f3 que, en esta serie de entrevistas, 150 postulados podr\u00e1n ser beneficiados con la agilizaci\u00f3n de entradas y salidas a Estados Unidos, al ser viajeros frecuentes y confiables.<\/p>\n<p>\u201cEs un orgullo y un honor que tengamos en Canc\u00fan estas entrevistas del programa Global Entry, porque refleja la confianza en nuestras ciudadanas y ciudadanos, as\u00ed como del trabajo coordinado entre las autoridades de Estados Unidos y Quintana Roo\u201d, dijo.<\/p>\n<p>Asegur\u00f3 que esto abre una ventana de oportunidad para aumentar el flujo de turistas y viajeros de negocios entre Canc\u00fan y los diversos destinos del pa\u00eds vecino, adem\u00e1s de ser una clara muestra de que a Canc\u00fan y EEUU estrechan lazos de hermandad, ya que es el principal mercado emisor de turistas, quienes cada a\u00f1o eligen vacacionar en las playas cancunenses y disfrutar de la gastronom\u00eda local, los servicios y la riqueza cultural.<\/p>\n<p>A su vez, el presidente del CCE del Caribe, Eduardo Mart\u00ednez Gonz\u00e1lez, expres\u00f3 la gratitud por trabajar en coordinaci\u00f3n estos dos gobiernos, asimismo reconoci\u00f3 que, de los m\u00e1s de 30 millones de pasajeros recibidos en el Aeropuerto Internacional de Canc\u00fan, 60 por ciento son estadounidenses. Agreg\u00f3 que se realizan todos los esfuerzos para facilitar el cruce de los visitantes.<\/p>\n<p>Por otra parte, y en el marco de la celebraci\u00f3n del D\u00eda Internacional del Inmigrante Liban\u00e9s en M\u00e9xico, la Asociaci\u00f3n Premio BIBLOS A.C., que preside el Lic. Alejandro Kuri Pheres, dio a conocer a los ganadores del Premio BIBLOS al M\u00e9rito 2023, en las \u00e1reas de Ciencias para el Dr. Luis Enrique Sucar Succar, y de Humanidades, para el Mtro. Nabih Chartouni Jalil.<\/p>\n<p>Los galardonados recibir\u00e1n medalla y diploma de reconocimiento, en una reuni\u00f3n de gala que se llevar\u00e1 a cabo en fecha pr\u00f3xima, en el sal\u00f3n Baalbeck del Centro Liban\u00e9s.<\/p>\n<p>En el Sal\u00f3n BIBLOS del Centro Liban\u00e9s, se llev\u00f3 a cabo la ceremonia oficial del D\u00eda Internacional del Inmigrante Libanes en M\u00e9xico y se depositaron ofrendas florales al pie de las estatuas del Inmigrante Liban\u00e9s ubicadas en la calle de Minerva y al interior del Centro Liban\u00e9s, eventos que fueron encabezados por Carlos Jorge Letayf Wehbe, presidente del Centro Liban\u00e9s, en donde estuvieron presentes integrantes de la comunidad libanesa en M\u00e9xico e invitados especiales.<\/p>\n<p>El Excelent\u00edsimo Embajador de L\u00edbano en M\u00e9xico, Sami Nmeir, dio a conocer la decisi\u00f3n del Jurado Calificador del Premio BIBLOS al M\u00e9rito 2023, y por unanimidad de sus miembros otorg\u00f3 el Premio BIBLOS al M\u00e9rito 2023, en su edici\u00f3n 16, al Dr. Sucar Succar y al Mtro. Chartouni Jalil, por su labor en favor de la comunidad acad\u00e9mica y cient\u00edfica de M\u00e9xico al destacar con sus trabajos en las \u00e1reas de las Ciencias y las Humanidades.<\/p>\n<p>\u201cEs una tradici\u00f3n que en un d\u00eda tan importante se reconozca a paisanos (de origen liban\u00e9s) y de la sociedad mexicana que hayan logrado cosas importantes para M\u00e9xico y para el mundo. Entregar este importante premio es con el prop\u00f3sito de reconocer a los miembros de las comunidad su importante trabajo realizado para el bienestar y desarrollo del pa\u00eds y de la humanidad, en el \u00e1reas cient\u00edfico tecnol\u00f3gicas, art\u00edsticas y de las humanidades, por ello se ha decido otorgar el premio BIBLOS al M\u00e9rito 2023 en las \u00e1reas de Ciencias para el Dr. Luis Enrique Sucar Succar, y de Humanidades, para el Mtro. Nabih Chartouni Jalil\u201d, destac\u00f3 el embajador Sami Nmeir.<\/p>\n<p>El director general del Instituto Nacional de Astrof\u00edsica, \u00d3ptica y Electr\u00f3nica (INAOE), Dr. Edmundo Antonio Guti\u00e9rrez Dom\u00ednguez, entreg\u00f3 a la Asociaci\u00f3n Premio BIBLOS A.C. la propuesta en favor del Dr. Luis Enrique Sucar Succar, como candidato al Premio en el \u00e1rea de Ciencias, el cual fue calificado como bueno por el Jurado Calificador.<\/p>\n<p>En la petici\u00f3n del INAOE se se\u00f1ala que el Dr. Sucar Succar ha llevado a cabo una excelente labor de investigaci\u00f3n y desarrollo lo que le ha merecido el otorgamiento de diversos premios, adem\u00e1s de que ha sido factor importante en la formaci\u00f3n de recursos humanos, con cerca de 100 tesis dirigidas de doctorado, maestr\u00eda y licenciatura, as\u00ed como el impacto en cientos de estudiantes a trav\u00e9s de la impartici\u00f3n de c\u00e1tedra por m\u00e1s de 30 a\u00f1os.<\/p>\n<p>Luis Enrique Sucar es Doctor en Computaci\u00f3n por el Imperial College, Londres, Inglaterra; Maestro en Ciencias en Ingenier\u00eda El\u00e9ctrica por la Universidad de Stanford, CA, EUA; e Ingeniero en Electr\u00f3nica y Comunicaciones por el ITESM, Monterrey. Tiene experiencia como investigador y profesor en el Instituto de Investigaciones El\u00e9ctricas, el Tecnol\u00f3gico de Monterrey, y el INAOE. Ha realizado estancias de investigaci\u00f3n en el Imperial College, Londres, en la Universidad de British Columbia, Canad\u00e1, en el INRIA, Francia, y en CREATE-NET, Italia.<\/p>\n<p>El Dr. Sucar es miembro del Sistema Nacional de Investigadores, Nivel III, de la Academia Mexicana de Ciencias y de la Academia de Ingenier\u00eda.<\/p>\n<p>Ha sido presidente de la Academia Mexicana de Computaci\u00f3n, de la Sociedad Mexicana de Inteligencia Artificial y de la Federaci\u00f3n Mexicana de Rob\u00f3tica; miembro del Comit\u00e9 Asesor del IJCAI, es Senior Member de la IEEE y es Editor Asociado de las revistas Pattern Recognition, Computational Intelligence, y Computaci\u00f3n y Sistemas.<\/p>\n<p>Tiene m\u00e1s de 400 publicaciones en revistas, libros y conferencias, ha dirigido m\u00e1s de 90 tesis de licenciatura, maestr\u00eda y doctorado, y cuenta con dos patentes. Ha sido profesor por m\u00e1s de 30 a\u00f1os en INAOE, ITESM, UPAEP y CENIDET; y es autor del libro \u201cProbabilistic Graphical Models: Principles and Applications\u201d, Springer, 2015 y 2021.<\/p>\n<p>Recibi\u00f3 en 2016 el \u201cPremio Nacional de Ciencias\u201d por la Presidencia de la Rep\u00fablica. Su investigaci\u00f3n se centra en inteligencia artificial, principalmente en el desarrollo de modelos gr\u00e1ficos probabilistas y su aplicaci\u00f3n en visi\u00f3n computacional, rob\u00f3tica, energ\u00eda y bio-medicina.<\/p>\n<p>Ha sido pionero en el desarrollo de las redes bayesianas, destacando sus aportaciones en el modelado de visi\u00f3n de alto nivel, y en el desarrollo de nuevos modelos y t\u00e9cnicas para representaciones temporales, validaci\u00f3n de informaci\u00f3n, an\u00e1lisis de confiabilidad, recuperaci\u00f3n de informaci\u00f3n multimodal, reconocimiento de ademanes, modelado del estudiante en sistemas tutores, clasificadores multidimensionales y jer\u00e1rquicos, y aprendizaje de modelos causales.<\/p>\n<p>Por su parte, el Presidente del Consejo Nacional de la Rep\u00fablica Mexicana de la Uni\u00f3n Libanesa Cultural Mundial, Lic. Miguel Athie Lajud, present\u00f3 la candidatura al Premio BIBLOS 2023 en Humanidades del Mtro. Nabih Chartouni Jalil, quien recibir\u00e1 el galard\u00f3n y medalla respectiva en una reuni\u00f3n de gala que se llevar\u00e1 a cabo en el sal\u00f3n Baalbek del Centro Libanes en la Ciudad de M\u00e9xico.<\/p>\n<p>En la exposici\u00f3n de motivos presentada por la Uni\u00f3n Libanesa Cultural Mundial se se\u00f1ala que la obra del Mtro. Chartouni Jalil irradia un haz de sentidos hacia el mundo, es decir, que al hacer tareas positivas, concretas, todo el tiempo, ordena el v\u00ednculo entre el mundo de la lengua \u00e1rabe y el mundo de habla hispana.<\/p>\n<p>Necesariamente contribuye de esta manera a zanjar los abismos entre las culturas, abismos que suelen terminar en desigualdad e injusticia, donde por el contrario, al tenderse el puente, pueden conducir a postulados m\u00e1s igualitarios y equilibrados, ponderados y que se complementan entre s\u00ed, combatiendo la exclusi\u00f3n y la visi\u00f3n unilateral del mundo.<\/p>\n<p>Emigr\u00f3 a M\u00e9xico en 1969, proveniente de Chartoun, L\u00edbano, y ha residido de manera permanente en M\u00e9xico. Abogado por Facultad de Derecho de la Universidad Libanesa, es tambi\u00e9n Profesor Normalista diplomado en Pedagog\u00eda por LE\u00b4Cole des Letres y doctorante por la Universidad Nacional Aut\u00f3noma de M\u00e9xico (UNAM).<\/p>\n<p>Ha escrito m\u00e1s de 40 libros con temas relacionados con la ense\u00f1anza del idioma \u00e1rabe, con el estudio de la historia de M\u00e9xico y L\u00edbano, ensayos sobre temas de derecho constitucional, traducciones diversas, poemas cuentos, haci\u00e9ndolo con destreza notable tanto en espa\u00f1ol como en \u00e1rabe.<\/p>\n<p>A sus 82 a\u00f1os preside actualmente la Uni\u00f3n Libanesa Cultural Mundial responsabilidad que lo ha llevado durante su gesti\u00f3n a recorrer el mundo, visitando todos aquellos pa\u00edses donde hay presencia de emigrantes libaneses, pero tambi\u00e9n exponiendo muchas de sus demandas e ideales en foros tan relevantes como la Organizaci\u00f3n de la Naciones Unidas en Nueva York; empero, lo anterior ser\u00e1 motivo de otro an\u00e1lisis en posterior entrega de <strong><em>Hora 14<\/em><\/strong>.<\/p>\n<p><em><a href=\"mailto:%20mauricio_conde@msn.com\" target=\"_blank\" rel=\"noopener noreferrer\">mauricioconde59@outlook.com<\/a><\/em><br \/>\n<em>Twitter: <a href=\"https:\/\/twitter.com\/mauconde\" target=\"_blank\" rel=\"noopener\">@mauconde<\/a><\/em><\/p>\n","protected":false},"excerpt":{"rendered":"<p><span style=\"color: #005497;\"><strong>Mauricio Conde Olivares<\/strong><\/span><\/p>\n","protected":false},"author":3,"featured_media":0,"comment_status":"open","ping_status":"open","sticky":false,"template":"","format":"standard","meta":{"_monsterinsights_skip_tracking":false,"_monsterinsights_sitenote_active":false,"_monsterinsights_sitenote_note":"","_monsterinsights_sitenote_category":0,"footnotes":""},"categories":[35889],"tags":[43712,43674,44860],"class_list":["post-577543","post","type-post","status-publish","format-standard","hentry","category-mauricio-conde-olivares","tag-mauricio-conde-olivares","tag-opinion","tag-hora-14"],"_links":{"self":[{"href":"https:\/\/www.diarioimagen.net\/index.php?rest_route=\/wp\/v2\/posts\/577543","targetHints":{"allow":["GET"]}}],"collection":[{"href":"https:\/\/www.diarioimagen.net\/index.php?rest_route=\/wp\/v2\/posts"}],"about":[{"href":"https:\/\/www.diarioimagen.net\/index.php?rest_route=\/wp\/v2\/types\/post"}],"author":[{"embeddable":true,"href":"https:\/\/www.diarioimagen.net\/index.php?rest_route=\/wp\/v2\/users\/3"}],"replies":[{"embeddable":true,"href":"https:\/\/www.diarioimagen.net\/index.php?rest_route=%2Fwp%2Fv2%2Fcomments&post=577543"}],"version-history":[{"count":0,"href":"https:\/\/www.diarioimagen.net\/index.php?rest_route=\/wp\/v2\/posts\/577543\/revisions"}],"wp:attachment":[{"href":"https:\/\/www.diarioimagen.net\/index.php?rest_route=%2Fwp%2Fv2%2Fmedia&parent=577543"}],"wp:term":[{"taxonomy":"category","embeddable":true,"href":"https:\/\/www.diarioimagen.net\/index.php?rest_route=%2Fwp%2Fv2%2Fcategories&post=577543"},{"taxonomy":"post_tag","embeddable":true,"href":"https:\/\/www.diarioimagen.net\/index.php?rest_route=%2Fwp%2Fv2%2Ftags&post=577543"}],"curies":[{"name":"wp","href":"https:\/\/api.w.org\/{rel}","templated":true}]}}