{"id":577546,"date":"2023-03-15T00:05:52","date_gmt":"2023-03-15T06:05:52","guid":{"rendered":"https:\/\/www.diarioimagen.net\/?p=577546"},"modified":"2023-03-15T02:53:57","modified_gmt":"2023-03-15T08:53:57","slug":"anastasia-invita-a-darte-un-break-con-la-obra-es-ella-mas-que-yo","status":"publish","type":"post","link":"https:\/\/www.diarioimagen.net\/?p=577546","title":{"rendered":"Anastasia invita a darte un \u201cbreak\u201d con la obra \u201cEs ella m\u00e1s que yo\u201d"},"content":{"rendered":"<p>&nbsp;<\/p>\n<h3 style=\"text-align: center;\">Funciones en el Teatro de la Rep\u00fablica<\/h3>\n<p><strong>\u00a0<\/strong><\/p>\n<ul>\n<li><strong><em>Da c\u00e1tedra de buen humor en esta divertida comedia de enredo<\/em><\/strong><\/li>\n<\/ul>\n<p>&nbsp;<\/p>\n<h6>Arturo Arellano<\/h6>\n<p>&nbsp;<\/p>\n<p><a href=\"https:\/\/www.diarioimagen.net\/?attachment_id=577613\" rel=\"attachment wp-att-577613\"><img loading=\"lazy\" decoding=\"async\" class=\"aligncenter wp-image-577613\" src=\"https:\/\/www.diarioimagen.net\/wp-content\/uploads\/2023\/03\/anastasia.jpg\" alt=\"\" width=\"420\" height=\"560\" \/><\/a><\/p>\n<p>&nbsp;<\/p>\n<p>Anastasia es una actriz que ha participado en telenovelas como \u201cMarisol\u201d, \u201cLa usurpadora\u201d, \u201cUn refugio para el amor\u201d y \u201cLos miserables\u201d, asimismo, tiene una vasta carrera en el mundo de la comedia siendo parte de proyectos ic\u00f3nicos como \u201cCero en conducta\u201d y \u201cHumor es\u2026 los comediantes\u201d, y ahora regresa a las tablas despu\u00e9s de algunos a\u00f1os de ausencia con una producci\u00f3n titulada \u201cEs ella m\u00e1s que yo\u201d, que ofrece funciones en el Teatro de la Rep\u00fablica.<\/p>\n<p>A fin de dar detalles sobre este montaje, la actriz concedi\u00f3 una entrevista a <strong>DIARIO IMAGEN<\/strong> \u201cya llevamos un mes en cartelera y nos ha ido muy bien, hay mucha gente en e teatro, se divierten mucho y finalmente es el prop\u00f3sito b\u00e1sico de la obra, no queremos ense\u00f1ar nada, no es pretenciosa, es una historia para re\u00edr, divertirse, para pasar un momento m\u00e1gico y espectacular\u201d, dijo,<\/p>\n<p>En pocas palabras, la intenci\u00f3n es que la gente se pueda dar un \u201cbreak\u201d de sus ajetreadas vidas, dijo \u201cen estos tiempos hace falta, vivimos tiempos complicados, hay que tomar en cuenta que salimos corriendo del encierro despu\u00e9s de la pandemia y ahora todo es vertiginoso, la gente va a la oficina, a sus trabajos, regresan cansados, est\u00e1n en un proceso dif\u00edcil. Nos tenemos que desahogar despu\u00e9s de cosas tan fuertes, estamos cansados de sufrir, hemos perdido gente, hemos llorado, eso es cansado, ahora estamos en una etapa de tratar de salir adelante y esta obra quiere poner un granito de arena\u201d.<\/p>\n<p>Explic\u00f3 que se trata de una comedia de enredo, \u201cdonde una mujer quiere cortarse el cabello, cambiar de look, pero llega con un peluquero tradicional, acostumbrado a los cortes varoniles y ah\u00ed empiezan los problemas. Pero todo muy divertido, muy padre, me siento afortunada porque me ha tocado hacer comedia antes, y me he preparado, no es f\u00e1cil, no hay que caer en los clich\u00e9s y en este texto realmente contamos algo diferente\u201d.<\/p>\n<p>Celebr\u00f3 que su paso por otros proyectos de comedia, le han dado experiencia \u201ctrabajaba en \u2018Humor es los comediantes\u2019 donde aprend\u00ed much\u00edsimo, luego en \u2018La escuelita\u2019 con Jorge Ortiz de Pinedo, donde muchos escritores eran los mismos actores, tambi\u00e9n he trabajado con Los Mascabrothers, con Omar Chaparro. Y algo que me fascina y me ha ayudado es que cuando haces algo dif\u00edcil de drama y llora la gente te conmueves, es padre, pero cuando conectas con la risa, es en lo personal m\u00e1s gratificante y maravilloso, me lleno de felicidad y alegr\u00eda\u201d.<\/p>\n<p>En este contexto, afirma que el buen humor es muy importante en la vida diaria \u201cproblemas hay muchos y no se acaban, entonces hay que disfrutar lo que nos queda de vida, sea corta, sea larga, que sea divirti\u00e9ndonos y ri\u00e9ndonos, en un momentito es un buen empiezo la catarsis a trav\u00e9s de la risa, es sanador, puedes llorar de risa y es eso es una catarsis, porque tambi\u00e9n te toca fibras\u201d.<\/p>\n<p>Entonces, a decir de la actriz \u201cEs super importante la comedia y en esta obra, nosotros queremos eso, darles un respiro. Todos mis compa\u00f1eros son relativamente nuevos, pero profesionales y agradables, estamos en esa sincron\u00eda del buen humor. Llegamos dos horas antes al teatro y nos re\u00edmos, nos divertimos, platicamos, pasamos el texto, repasamos la canci\u00f3n, porque al final hay dos n\u00fameros musicales, probamos los micr\u00f3fonos y la verdad ha sido buenismo trabajar con gente tan profesional\u201d.<\/p>\n<p>Sobre el t\u00edtulo de la obra, reconoce que, si tiene que ver con la canci\u00f3n de Yuri, pero la historia no est\u00e1 propiamente inspirada en eso \u201cporque se dicen varias frases de la canci\u00f3n de Yuri, que al final habla de muchas verdades. La historia no est\u00e1 inspirada en la canci\u00f3n, pero s\u00ed la tomamos en cuenta y al final cantamos, siempre nos encontramos en una situaci\u00f3n en que decimos \u2018es ella m\u00e1s que yo\u2019, no solo las mujeres, tambi\u00e9n los hombres\u201d.<\/p>\n<p>La puesta en escena se presenta en el Teatro de la Rep\u00fablica todos los s\u00e1bados a las 6 de la tarde \u201ces de los viejos teatros que siguen activos y es muy bonito, con una cafeter\u00eda espectacular, es muy bello para pasar tu s\u00e1bado\u201d concluy\u00f3 la actriz.<\/p>\n<p><strong>\u00a0<\/strong><\/p>\n<blockquote><p><strong>\u201cEs ella m\u00e1s que yo\u201d tiene funciones los s\u00e1bados a las 18 horas en el teatro de la Rep\u00fablica, ubicado en Antonio Caso 48, colonia Tabacalera, cerca del Monumento a la Revoluci\u00f3n. Cerrar\u00e1 temporada el 25 de marzo<\/strong><\/p><\/blockquote>\n","protected":false},"excerpt":{"rendered":"<p>Anastasia es una actriz que ha participado en telenovelas como \u201cMarisol\u201d, \u201cLa usurpadora\u201d, \u201cUn refugio para el amor\u201d y \u201cLos miserables\u201d, asimismo, tiene una vasta carrera en el mundo de la comedia siendo parte de proyectos ic\u00f3nicos como \u201cCero en conducta\u201d y \u201cHumor es\u2026 los comediantes\u201d, y ahora regresa a las tablas despu\u00e9s de algunos a\u00f1os de ausencia con una producci\u00f3n titulada \u201cEs ella m\u00e1s que yo\u201d, que ofrece funciones en el Teatro de la Rep\u00fablica.<\/p>\n","protected":false},"author":3,"featured_media":577614,"comment_status":"open","ping_status":"open","sticky":false,"template":"","format":"standard","meta":{"_monsterinsights_skip_tracking":false,"_monsterinsights_sitenote_active":false,"_monsterinsights_sitenote_note":"","_monsterinsights_sitenote_category":0,"footnotes":""},"categories":[48033],"tags":[97516,96991],"class_list":["post-577546","post","type-post","status-publish","format-standard","has-post-thumbnail","hentry","category-teatro","tag-breack-es-ella-mas-que-yo","tag-teatro-de-la-republica"],"_links":{"self":[{"href":"https:\/\/www.diarioimagen.net\/index.php?rest_route=\/wp\/v2\/posts\/577546","targetHints":{"allow":["GET"]}}],"collection":[{"href":"https:\/\/www.diarioimagen.net\/index.php?rest_route=\/wp\/v2\/posts"}],"about":[{"href":"https:\/\/www.diarioimagen.net\/index.php?rest_route=\/wp\/v2\/types\/post"}],"author":[{"embeddable":true,"href":"https:\/\/www.diarioimagen.net\/index.php?rest_route=\/wp\/v2\/users\/3"}],"replies":[{"embeddable":true,"href":"https:\/\/www.diarioimagen.net\/index.php?rest_route=%2Fwp%2Fv2%2Fcomments&post=577546"}],"version-history":[{"count":0,"href":"https:\/\/www.diarioimagen.net\/index.php?rest_route=\/wp\/v2\/posts\/577546\/revisions"}],"wp:featuredmedia":[{"embeddable":true,"href":"https:\/\/www.diarioimagen.net\/index.php?rest_route=\/wp\/v2\/media\/577614"}],"wp:attachment":[{"href":"https:\/\/www.diarioimagen.net\/index.php?rest_route=%2Fwp%2Fv2%2Fmedia&parent=577546"}],"wp:term":[{"taxonomy":"category","embeddable":true,"href":"https:\/\/www.diarioimagen.net\/index.php?rest_route=%2Fwp%2Fv2%2Fcategories&post=577546"},{"taxonomy":"post_tag","embeddable":true,"href":"https:\/\/www.diarioimagen.net\/index.php?rest_route=%2Fwp%2Fv2%2Ftags&post=577546"}],"curies":[{"name":"wp","href":"https:\/\/api.w.org\/{rel}","templated":true}]}}