{"id":577675,"date":"2023-03-16T00:01:21","date_gmt":"2023-03-16T06:01:21","guid":{"rendered":"https:\/\/www.diarioimagen.net\/?p=577675"},"modified":"2023-03-16T01:25:13","modified_gmt":"2023-03-16T07:25:13","slug":"prohibira-el-presidente-amlo-uso-medico-de-fentanilo-en-mexico","status":"publish","type":"post","link":"https:\/\/www.diarioimagen.net\/?p=577675","title":{"rendered":"Prohibir\u00e1 el presidente L\u00f3pez Obrador uso m\u00e9dico de fentanilo en M\u00e9xico"},"content":{"rendered":"<p>&nbsp;<\/p>\n<ul>\n<li><em><strong>Pedir\u00e1 a expertos analizar posibilidad<\/strong><\/em><\/li>\n<\/ul>\n<p>&nbsp;<\/p>\n<div id=\"attachment_577725\" style=\"width: 470px\" class=\"wp-caption aligncenter\"><a href=\"https:\/\/www.diarioimagen.net\/?attachment_id=577725\" rel=\"attachment wp-att-577725\"><img loading=\"lazy\" decoding=\"async\" aria-describedby=\"caption-attachment-577725\" class=\"size-full wp-image-577725\" src=\"https:\/\/www.diarioimagen.net\/wp-content\/uploads\/2023\/03\/amlo-7.jpg\" alt=\"\" width=\"460\" height=\"270\" \/><\/a><p id=\"caption-attachment-577725\" class=\"wp-caption-text\">El presidente Andr\u00e9s Manuel L\u00f3pez Obrador analiza sustituir el fentanilo por otros analg\u00e9sicos como parte de la estrategia para el combate en el consumo de este opioide.<\/p><\/div>\n<p>&nbsp;<\/p>\n<p>Con el fin de prohibir el uso m\u00e9dico del fentanilo en M\u00e9xico y con ello su importaci\u00f3n, el presidente Andr\u00e9s Manuel L\u00f3pez Obrador adelant\u00f3 en su ma\u00f1anera que pedir\u00e1 a m\u00e9dicos y cient\u00edficos analizar la posibilidad de sustituirlo por otros analg\u00e9sicos.<\/p>\n<p>\u201cVoy a pedir a m\u00e9dicos y cient\u00edficos mexicanos que analicen la posibilidad de poder sustituir el fentanilo con fines m\u00e9dicos por otros analg\u00e9sicos para dejar de usarlo; a ver si es posible, porque antes se usaban otros analg\u00e9sicos. \u201cEntonces, aunque tenemos el control, que no se ten\u00eda antes sobre el ingresos del fentanilo con usos m\u00e9dicos, de todas formas al estar prohibido ya no habr\u00eda ninguna posibilidad de que pudiese importarse y lo sustituimos por otros analg\u00e9sicos; a ver si es viable\u201d, declar\u00f3.<\/p>\n<p>El mandatario se\u00f1al\u00f3 que el compromiso ser\u00e1 que todos los precursores qu\u00edmicos del fentanilo que entren a M\u00e9xico de forma ilegal o por contrabando van a seguir siendo combatidos, y que si se logra sustituir el opioide sint\u00e9tico en este pa\u00eds, Estados Unidos tambi\u00e9n deber\u00e1 prohibir su uso para fines m\u00e9dicos.<\/p>\n<p>L\u00f3pez Obrador record\u00f3 que el fentanilo se usa en M\u00e9xico en materia m\u00e9dica, pues se aplica para tratar el dolor intenso en cirug\u00edas o enfermedades, como en etapas avanzadas de c\u00e1ncer.<\/p>\n<p>Adem\u00e1s, el mandatario coment\u00f3 que en la reuni\u00f3n que sostuvo hace unos d\u00edas con la asesora de Seguridad Nacional de la Casa Blanca, Liz Sherwood-Randall, acordaron que seguir\u00e1n trabajando de manera conjunta para que no llegue el fentanilo a Estados Unidos por la frontera con M\u00e9xico.<\/p>\n<p>\u201cExiste un plan con ese prop\u00f3sito de cooperaci\u00f3n; sin embargo, lo que gener\u00f3 la discrepancia es que quisieron, con prop\u00f3sitos politiqueros, algunos legisladores republicanos culpar a M\u00e9xico, incluso, amenazar con intervenir con el Ej\u00e9rcito estadounidense. Muy ofensivo e hip\u00f3crita, porque este es un asunto de las dos naciones; no es culpar al vecino: es ver la paja del ojo ajeno y no la viga en el propio\u201d, declar\u00f3.<\/p>\n<p style=\"text-align: center;\"><strong>L\u00f3pez Obrador celebra orden de Biden<br \/>\npara mayor control en venta de armas <\/strong><\/p>\n<p>El presidente L\u00f3pez Obrador tambi\u00e9n celebr\u00f3 la orden ejecutiva firmada por su hom\u00f3logo Joe Biden para imponer mayor control y verificaciones en la venta de armas en Estados Unidos, tras se\u00f1alar que este \u201ces un gran negocio\u201d en ese pa\u00eds, ya que pueden adquirirse hasta en un supermercado.<\/p>\n<p>\u201c\u00a1Qu\u00e9 bueno que lo hizo!\u201d Sin embargo cuestion\u00f3: \u201c\u00bfDe d\u00f3nde vienen las armas que utilizan los narcotraficantes en M\u00e9xico? De Estados Unidos, se compran en Estados Unidos \u00bfpor qu\u00e9 no controlan la venta de armas de alto poder? \u00bfQu\u00e9 hacen con esto?. El 80 por ciento de las armas de alto poder vienen de Estados Unidos. No hay control\u201d<\/p>\n<p>Dijo que el 80 por ciento del armamento que utilizan las bandas del crimen organizado se importan del pa\u00eds del norte porque. All\u00e1 un civil puede comprar hasta una ametralladora en un supermercado .<\/p>\n<p>Se\u00f1al\u00f3 que es positivo que se promuevan estas acciones y se ventile el tema p\u00fablicamente porque antes las autoridades mexicanas \u201cse quedaban calladas, no dec\u00edan nada, al contrario se hizo el acuerdo del operativo r\u00e1pido y furioso para meter armas a M\u00e9xico con sensores\u201d supuestamente para localizar a los criminales.<\/p>\n","protected":false},"excerpt":{"rendered":"<p>Con el fin de prohibir el uso m\u00e9dico del fentanilo en M\u00e9xico y con ello su importaci\u00f3n, el presidente Andr\u00e9s Manuel L\u00f3pez Obrador adelant\u00f3 en su ma\u00f1anera que pedir\u00e1 a m\u00e9dicos y cient\u00edficos analizar la posibilidad de sustituirlo por otros analg\u00e9sicos.<\/p>\n","protected":false},"author":3,"featured_media":577725,"comment_status":"open","ping_status":"open","sticky":false,"template":"","format":"standard","meta":{"_monsterinsights_skip_tracking":false,"_monsterinsights_sitenote_active":false,"_monsterinsights_sitenote_note":"","_monsterinsights_sitenote_category":0,"footnotes":""},"categories":[3],"tags":[2545,95454,43673],"class_list":["post-577675","post","type-post","status-publish","format-standard","has-post-thumbnail","hentry","category-nacional","tag-amlo","tag-fentanilo","tag-nacional"],"_links":{"self":[{"href":"https:\/\/www.diarioimagen.net\/index.php?rest_route=\/wp\/v2\/posts\/577675","targetHints":{"allow":["GET"]}}],"collection":[{"href":"https:\/\/www.diarioimagen.net\/index.php?rest_route=\/wp\/v2\/posts"}],"about":[{"href":"https:\/\/www.diarioimagen.net\/index.php?rest_route=\/wp\/v2\/types\/post"}],"author":[{"embeddable":true,"href":"https:\/\/www.diarioimagen.net\/index.php?rest_route=\/wp\/v2\/users\/3"}],"replies":[{"embeddable":true,"href":"https:\/\/www.diarioimagen.net\/index.php?rest_route=%2Fwp%2Fv2%2Fcomments&post=577675"}],"version-history":[{"count":0,"href":"https:\/\/www.diarioimagen.net\/index.php?rest_route=\/wp\/v2\/posts\/577675\/revisions"}],"wp:featuredmedia":[{"embeddable":true,"href":"https:\/\/www.diarioimagen.net\/index.php?rest_route=\/wp\/v2\/media\/577725"}],"wp:attachment":[{"href":"https:\/\/www.diarioimagen.net\/index.php?rest_route=%2Fwp%2Fv2%2Fmedia&parent=577675"}],"wp:term":[{"taxonomy":"category","embeddable":true,"href":"https:\/\/www.diarioimagen.net\/index.php?rest_route=%2Fwp%2Fv2%2Fcategories&post=577675"},{"taxonomy":"post_tag","embeddable":true,"href":"https:\/\/www.diarioimagen.net\/index.php?rest_route=%2Fwp%2Fv2%2Ftags&post=577675"}],"curies":[{"name":"wp","href":"https:\/\/api.w.org\/{rel}","templated":true}]}}