{"id":577780,"date":"2023-03-16T00:12:40","date_gmt":"2023-03-16T06:12:40","guid":{"rendered":"https:\/\/www.diarioimagen.net\/?p=577780"},"modified":"2023-03-16T02:15:47","modified_gmt":"2023-03-16T08:15:47","slug":"amlo-anda-enojado","status":"publish","type":"post","link":"https:\/\/www.diarioimagen.net\/?p=577780","title":{"rendered":"AMLO anda enojado"},"content":{"rendered":"<h2>Tras la puerta del poder<\/h2>\n<h5>Roberto Vizca\u00edno<\/h5>\n<p>&nbsp;<\/p>\n<p>Con el fulminante rev\u00e9s de jueces y tribunales al despido de <strong>Edmundo Jacobo Molina<\/strong> como administrador del INE, decretado por el presidente <strong>Andr\u00e9s Manuel L\u00f3pez Obrador<\/strong> como primera acci\u00f3n de su \u201cplan B\u201d, el mandatario entr\u00f3 en c\u00f3lera.<\/p>\n<p>Y m\u00e1s por las fanfarrias con las que regres\u00f3 el odiado funcionario, que llevaron a <strong>AMLO<\/strong> a indicar que \u00e9l estaba orgulloso de esa derrota porque demostraba que jueces y miembros del INE eran la misma cosa.<\/p>\n<p>La verdad es que desde ese momento andaba buscando qui\u00e9n se la pagara y ayer quienes se le atravesaron fueron los reci\u00e9n designados nuevos comisionados del Instituto Nacional de Transparencia, Acceso a la Informaci\u00f3n y Protecci\u00f3n de Datos Personales, el INAI, un organismo aut\u00f3nomo tan aborrecido por \u00e9l, como el INE.<\/p>\n<p>As\u00ed fue que <strong>Yadira Alarc\u00f3n M\u00e1rquez <\/strong>y<strong> Rafael Luna Alviso<\/strong> fueron vetados por <strong>AMLO <\/strong>de ipso-facto y sin explicaci\u00f3n alguna.<\/p>\n<p>Tal cual lo dio a conocer el vocero presidencial, <strong>Jes\u00fas Ram\u00edrez,<\/strong> mientras que el titular de Gobernaci\u00f3n, Ad\u00e1n Augusto L\u00f3pez, se lo informaba a <strong>Ricardo Monreal<\/strong>, presidente de la Junta de Coordinaci\u00f3n Pol\u00edtica en el Senado para que se vuelva a realizar otra selecci\u00f3n y aprobaci\u00f3n de consejeros.<\/p>\n<p>Los vetados fueron electos en el Senado por mayor\u00eda calificada como lo mandata la Constituci\u00f3n, apenas el pasado primero de marzo.<\/p>\n<p>Ante la evidente apat\u00eda del mandatario por publicar estos nombramientos en el Diario Oficial de la Federaci\u00f3n y sin oficializar estas promociones, en la ma\u00f1anera del lunes 6 de marzo alguien le pregunt\u00f3 a L\u00f3pez Obrador por qu\u00e9 no hab\u00eda hecho tal publicaci\u00f3n dado que los mismos comisionados del INAI estaban urgiendo la llegada de sus nuevos compa\u00f1eros, pero fue ayer que AMLO decidi\u00f3 pasarlos al bote de la basura burocr\u00e1tica.<\/p>\n<p>\u00bfPor qu\u00e9 lo hizo? S\u00f3lo \u00e9l y su h\u00edgado lo saben. Lo que se ve es que anda ardido por eso de las marchas de ciudadanos y militares, las concentraciones ajenas a \u00e9l en el Z\u00f3calo y por las fiestas con que regres\u00f3 el gerente del INE que son un presagio de lo que va a pasar quiz\u00e1 con el resto del \u201cplan B\u201d electoral tan deseado por \u00e9l.<\/p>\n<p style=\"text-align: center;\"><strong>Alejandra urge a Delfina a debatir<\/strong><\/p>\n<p>Con apenas dos meses de campa\u00f1a por delante, la candidata de PRI, PAN y PRD a la gubernatura del Estado de M\u00e9xico, <strong>Alejandra Del Moral<\/strong>, urgi\u00f3 ayer a la profesora <strong>Delfina G\u00f3mez <\/strong>a presentarse ya al primer debate.<\/p>\n<p>La priista indic\u00f3 que al menos deben realizarse 5 debates en lo que resta de campa\u00f1a para poder dar respuesta a los temas que \u201cm\u00e1s preocupan a los mexiquenses\u201d.<\/p>\n<p>V\u00eda redes sociales <strong>Del Moral<\/strong> \u2014a quien las encuestas hacen unos puntos debajo de la morenista\u2014, dijo que ella y su contendiente deber\u00e1n explicar qu\u00e9 van a hacer cada una de llegar a la gubernatura en el muy urgente tema de la seguridad, la econom\u00eda y el empleo; transporte y movilidad; salud; educaci\u00f3n, as\u00ed como desarrollo social.<\/p>\n<p>\u201cEspero que aceptes y desde ahora podemos comenzar un cambio para bien de los mexiquenses\u201d, indic\u00f3.<\/p>\n<p>Debatir es m\u00e1s urgente cuando ya se sabe que la contienda est\u00e1 entre 2 mujeres y por primera vez habr\u00e1 gobernadora en el Estado de M\u00e9xico.<\/p>\n<p style=\"text-align: center;\"><strong>Senado aprueba integrantes de Comisi\u00f3n Bicameral<\/strong><\/p>\n<p>El Pleno de la C\u00e1mara de Senadores aprob\u00f3 ayer el acuerdo presentado por la Junta de Coordinaci\u00f3n Pol\u00edtica para designar a los senadores que integrar\u00e1n la Comisi\u00f3n Bicameral que se encargar\u00e1 del an\u00e1lisis y dictamen de los informes que remita el Ejecutivo federal sobre las acciones de las fuerzas armadas en tareas de seguridad p\u00fablica.<\/p>\n<p>El pleno aprob\u00f3 en el mismo acto que los primeros seis meses de su ejercicio, la presidencia de esta Comisi\u00f3n sea ocupada por el coordinador parlamentario de Morena, <strong>Ricardo Monreal<\/strong>.<\/p>\n<p>Los otros senadores integrantes son: <strong>Dami\u00e1n Zepeda Vidales<\/strong>, del PAN; <strong>Jorge Carlos Ram\u00edrez Mar\u00edn<\/strong>, del PRI; <strong>Clemente Casta\u00f1eda Hoeflich<\/strong>, de Movimiento Ciudadano; e <strong>Israel Zamora Guzm\u00e1n<\/strong>, del PVEM, as\u00ed como <strong>Alejandro Gonz\u00e1lez Y\u00e1\u00f1ez<\/strong>, del PT; <strong>Marcela Mora Arellano<\/strong>, del PES; <strong>Miguel \u00c1ngel Mancera Espinosa<\/strong>, del PRD; y <strong>Emilio \u00c1lvarez Icaza Longoria<\/strong>, del Grupo Plural.<\/p>\n<p>Conforme al Art\u00edculo Quinto Transitorio del Decreto constitucional en materia de Guardia Nacional, entre las facultades y atribuciones de esta Comisi\u00f3n est\u00e1 requerir los informes que semestralmente debe presentar el Ejecutivo federal al Congreso de la Uni\u00f3n respecto de las acciones de la Fuerza Armada permanente en tareas de seguridad p\u00fablica.<\/p>\n<p>Dichos informes deber\u00e1n contener indicadores cuantificables y verificables, que permitan corroborar, entre otros asuntos, el respeto a los derechos humanos y a los de los pueblos y comunidades ind\u00edgenas y afromexicanas, as\u00ed como el cumplimiento de los criterios de participaci\u00f3n en las tareas seguridad p\u00fablica: extraordinaria, regulada, fiscalizada, subordinada y complementaria.<\/p>\n<p>Adem\u00e1s, entre otros puntos, podr\u00e1 formular los indicadores que deben contener dichos informes, as\u00ed como convocar a integrantes de la sociedad civil, acad\u00e9micos y a personas con comprobada experiencia para auxiliarla en el dise\u00f1o de dichos indicadores.<\/p>\n<p>De igual forma podr\u00e1 citar a los titulares de las Secretar\u00edas de la Defensa Nacional, de Marina y de Seguridad y Protecci\u00f3n Ciudadana y de la Guardia Nacional, a comparecer para ampliar los informes.<\/p>\n<p>La Junta Directiva de la Comisi\u00f3n Bicameral se integra con una Presidencia que corresponde al inicio de sus funciones al Senado \u2014rotativa entre los Grupos Parlamentarios y alternada entre ambas C\u00e1maras\u2014, dos vicepresidencias y dos secretar\u00edas; durar\u00e1 seis meses en su ejercicio.<\/p>\n<p>A m\u00e1s tardar, dentro de los primeros treinta d\u00edas de cada periodo legislativo se deber\u00e1 elegir la Junta Directiva que conducir\u00e1 los trabajos durante el periodo establecido.<\/p>\n<p>Adem\u00e1s, las vicepresidencias y secretar\u00edas ser\u00e1n integradas por una diputada o diputado federal y una senadora o un senador.<\/p>\n<p>\u00a1Uch! Creo que el enojo presidencial crecer\u00e1 con esta Comisi\u00f3n.<\/p>\n<p><em><a href=\"mailto:rvizcainoa@gmail.com\" target=\"_blank\" rel=\"noopener noreferrer\">vizcainoa@gmail.com<\/a><a href=\"mailto:rvizcainoa@gmail.com\" target=\"_blank\" rel=\"noopener noreferrer\"><br \/>\n<\/a><a href=\"http:\/\/endirecto.mx\" target=\"_blank\" rel=\"noopener noreferrer\">www.endirecto.mx<\/a><a href=\"mailto:rvizcainoa@gmail.com\" target=\"_blank\" rel=\"noopener noreferrer\"><br \/>\n<\/a><a href=\"https:\/\/twitter.com\/_rvizcaino\" target=\"_blank\" rel=\"noopener noreferrer\">@_RVizcaino<\/a><a href=\"mailto:rvizcainoa@gmail.com\" target=\"_blank\" rel=\"noopener noreferrer\"><br \/>\n<\/a><a href=\"https:\/\/www.facebook.com\/rvizcainoa\" target=\"_blank\" rel=\"noopener noreferrer\">facebook.com\/rvizcainoa<\/a><\/em><\/p>\n","protected":false},"excerpt":{"rendered":"<p><span style=\"color: #005497;\"><strong>Roberto Vizca\u00edno<\/strong><\/span><\/p>\n","protected":false},"author":3,"featured_media":0,"comment_status":"open","ping_status":"open","sticky":false,"template":"","format":"standard","meta":{"_monsterinsights_skip_tracking":false,"_monsterinsights_sitenote_active":false,"_monsterinsights_sitenote_note":"","_monsterinsights_sitenote_category":0,"footnotes":""},"categories":[136],"tags":[43674,93,94],"class_list":["post-577780","post","type-post","status-publish","format-standard","hentry","category-roberto-vizcaino-opinion","tag-opinion","tag-roberto-vizcaino","tag-tras-la-puerta-del-poder"],"_links":{"self":[{"href":"https:\/\/www.diarioimagen.net\/index.php?rest_route=\/wp\/v2\/posts\/577780","targetHints":{"allow":["GET"]}}],"collection":[{"href":"https:\/\/www.diarioimagen.net\/index.php?rest_route=\/wp\/v2\/posts"}],"about":[{"href":"https:\/\/www.diarioimagen.net\/index.php?rest_route=\/wp\/v2\/types\/post"}],"author":[{"embeddable":true,"href":"https:\/\/www.diarioimagen.net\/index.php?rest_route=\/wp\/v2\/users\/3"}],"replies":[{"embeddable":true,"href":"https:\/\/www.diarioimagen.net\/index.php?rest_route=%2Fwp%2Fv2%2Fcomments&post=577780"}],"version-history":[{"count":0,"href":"https:\/\/www.diarioimagen.net\/index.php?rest_route=\/wp\/v2\/posts\/577780\/revisions"}],"wp:attachment":[{"href":"https:\/\/www.diarioimagen.net\/index.php?rest_route=%2Fwp%2Fv2%2Fmedia&parent=577780"}],"wp:term":[{"taxonomy":"category","embeddable":true,"href":"https:\/\/www.diarioimagen.net\/index.php?rest_route=%2Fwp%2Fv2%2Fcategories&post=577780"},{"taxonomy":"post_tag","embeddable":true,"href":"https:\/\/www.diarioimagen.net\/index.php?rest_route=%2Fwp%2Fv2%2Ftags&post=577780"}],"curies":[{"name":"wp","href":"https:\/\/api.w.org\/{rel}","templated":true}]}}