{"id":577804,"date":"2023-03-17T00:01:20","date_gmt":"2023-03-17T06:01:20","guid":{"rendered":"https:\/\/www.diarioimagen.net\/?p=577804"},"modified":"2023-03-17T02:11:52","modified_gmt":"2023-03-17T08:11:52","slug":"pueden-quebrar-bancos-en-eu-pero-en-mexico-no-pasa-nada-asegura-amlo","status":"publish","type":"post","link":"https:\/\/www.diarioimagen.net\/?p=577804","title":{"rendered":"Pueden quebrar bancos en EU, pero en M\u00e9xico no pasa nada, asegura AMLO"},"content":{"rendered":"<p><strong>\u00a0<\/strong><\/p>\n<h3 style=\"text-align: center;\">Presume buena marcha de la econom\u00eda<\/h3>\n<p>&nbsp;<\/p>\n<ul>\n<li><strong><em>El a\u00f1o pasado este sector obtuvo alrededor de 250 mil mdp de utilidades, destaca<\/em><\/strong><\/li>\n<\/ul>\n<p>&nbsp;<\/p>\n<div id=\"attachment_577876\" style=\"width: 470px\" class=\"wp-caption aligncenter\"><a href=\"https:\/\/www.diarioimagen.net\/?attachment_id=577876\" rel=\"attachment wp-att-577876\"><img loading=\"lazy\" decoding=\"async\" aria-describedby=\"caption-attachment-577876\" class=\"size-full wp-image-577876\" src=\"https:\/\/www.diarioimagen.net\/wp-content\/uploads\/2023\/03\/amlo-8.jpg\" alt=\"\" width=\"460\" height=\"270\" \/><\/a><p id=\"caption-attachment-577876\" class=\"wp-caption-text\">Andr\u00e9s Manuel L\u00f3pez Obrador destac\u00f3 la fortaleza de los bancos y la econom\u00eda mexicana frente al colapso bancario que han sufrido entidades estadounidenses en la \u00faltima semana.<\/p><\/div>\n<p>&nbsp;<\/p>\n<p>El presidente Andr\u00e9s Manuel L\u00f3pez Obrador asegur\u00f3 que la marcha de la econom\u00eda del pa\u00eds es buena y que a diferencia del neoliberalismo, cuando si a Estados Unidos le daba gripe, a M\u00e9xico, pulmon\u00eda, ahora no se sufrir\u00e1n los efectos negativos de la marcha de la econom\u00eda estadounidense.<\/p>\n<p>El mandatario refiri\u00f3 que aunque el sistema bancario de aquel pa\u00eds est\u00e1 en crisis por la reciente quiebra del Silicon Valley Bank (SVB), en M\u00e9xico no se aprecia alg\u00fan contagio y al contrario, destac\u00f3 las ganancias que los bancos nacionales tuvieron el a\u00f1o pasado.<\/p>\n<p>\u201cLes puedo decir que ahora no es como en los tiempos del neoliberalismo que, en efecto, les daba gripe en Estados Unidos y aqu\u00ed, pulmon\u00eda, ahora es al rev\u00e9s, all\u00e1 pueden quebrar los bancos y aqu\u00ed no pasa nada o pasan cosas buenas.<\/p>\n<p>\u201cLes puedo decir que el a\u00f1o pasado, fue el a\u00f1o en que m\u00e1s utilidades obtuvo la banca en nuestro pa\u00eds, alrededor de 250 mil millones de pesos de utilidades, entonces no pueden decir que est\u00e1 mal la econom\u00eda, est\u00e1 mal para Loret porque ya no recibe el \u2018chayote\u2019 que recib\u00eda, ya no tiene la influencia que ten\u00eda antes y para otros.<\/p>\n<p>\u201cLos empresarios, los banqueros los hombres de negocios saben que est\u00e1n bien las finanzas p\u00fablicas, la econom\u00eda y as\u00ed como reciben utilidades los banqueros y empresarios de M\u00e9xico, tambi\u00e9n los trabajadores, es r\u00e9cord el salario promedio de los trabajadores inscritos al Seguro Social\u201d, enfatiz\u00f3 el jefe del Ejecutivo federal en conferencia de prensa.<\/p>\n<p style=\"text-align: center;\"><strong>Plan de autosuficiencia energ\u00e9tica ha<br \/>\npermitido que no suban combustibles<\/strong><\/p>\n<p>L\u00f3pez Obrador tambi\u00e9n asegur\u00f3 que el plan de autosuficiencia en los energ\u00e9ticos tiene como objetivo que no aumenten los precios de los combustibles como ha sucedido en los dos \u00faltimos sexenios.<\/p>\n<p>El primer mandatario mostr\u00f3 un par de gr\u00e1ficas en las cuales se muestra el comportamiento de las gasolinas, di\u00e9sel y gas en los \u00faltimos sexenios.<\/p>\n<p>Expuso que en el caso de la gasolina magna en el tiempo del expresidente Felipe Calder\u00f3n aument\u00f3 22.9% el precio, con Enrique Pe\u00f1a Nieto aument\u00f3 42.8% y en su administraci\u00f3n ha habido una disminuci\u00f3n de 7.7%.<\/p>\n<p>En el caso de la gasolina premium dijo que con Calder\u00f3n hubo un aumento de 5.7%, con Pe\u00f1a Nieto 46% y en el actual gobierno una disminuci\u00f3n de 5.6%.<\/p>\n<p>En el caso del gas dijo que con Calder\u00f3n 1.5% menos; con Pe\u00f1a 28.9% de aumento y con su gobierno 13% menos en el precio del gas.<\/p>\n<p style=\"text-align: center;\"><strong>Un mill\u00f3n de personas menores de 29 a\u00f1os<br \/>\ncon discapacidad reciben pensi\u00f3n<\/strong><\/p>\n<p>En otro tema de la ma\u00f1anera, el Presidente inform\u00f3 que en la actualidad, las pensiones que se otorgan a personas menores de 29 a\u00f1os con discapacidad suman ya un mill\u00f3n en todo el pa\u00eds y, mediante acuerdos con gobiernos estatales, en la mitad de las entidades se ha alcanzado un acuerdo para que con aportaci\u00f3n de 50 por ciento de la Federaci\u00f3n y los estados, se ampliaron estas becas hasta los 65 a\u00f1os de edad.<\/p>\n<p>En respuesta a un joven discapacidad, Daniel Robles Haro, quien a trav\u00e9s de una grabaci\u00f3n y el apoyo de su madre le pidi\u00f3 incorporar tableros de comunicaci\u00f3n alternativa en los libros de texto, que les facilite la comunicaci\u00f3n y la incorporaci\u00f3n de infraestructura para atenci\u00f3n de estas personas en los planteles, L\u00f3pez Obrador dijo que en paralelo, se alcanz\u00f3 un acuerdo con la Fundaci\u00f3n Telet\u00f3n, a fin de otorgar 20 mil becas m\u00e1s para que se les proporcione terapia a personas con discapacidad y puedan lograr su rehabilitaci\u00f3n.<\/p>\n","protected":false},"excerpt":{"rendered":"<p>El presidente Andr\u00e9s Manuel L\u00f3pez Obrador asegur\u00f3 que la marcha de la econom\u00eda del pa\u00eds es buena y que a diferencia del neoliberalismo, cuando si a Estados Unidos le daba gripe, a M\u00e9xico, pulmon\u00eda, ahora no se sufrir\u00e1n los efectos negativos de la marcha de la econom\u00eda estadounidense.<\/p>\n","protected":false},"author":3,"featured_media":577876,"comment_status":"open","ping_status":"open","sticky":false,"template":"","format":"standard","meta":{"_monsterinsights_skip_tracking":false,"_monsterinsights_sitenote_active":false,"_monsterinsights_sitenote_note":"","_monsterinsights_sitenote_category":0,"footnotes":""},"categories":[8],"tags":[2545,6862,2786,43678,92244],"class_list":["post-577804","post","type-post","status-publish","format-standard","has-post-thumbnail","hentry","category-finanzas","tag-amlo","tag-bancos","tag-eu","tag-finanzas","tag-quebrar"],"_links":{"self":[{"href":"https:\/\/www.diarioimagen.net\/index.php?rest_route=\/wp\/v2\/posts\/577804","targetHints":{"allow":["GET"]}}],"collection":[{"href":"https:\/\/www.diarioimagen.net\/index.php?rest_route=\/wp\/v2\/posts"}],"about":[{"href":"https:\/\/www.diarioimagen.net\/index.php?rest_route=\/wp\/v2\/types\/post"}],"author":[{"embeddable":true,"href":"https:\/\/www.diarioimagen.net\/index.php?rest_route=\/wp\/v2\/users\/3"}],"replies":[{"embeddable":true,"href":"https:\/\/www.diarioimagen.net\/index.php?rest_route=%2Fwp%2Fv2%2Fcomments&post=577804"}],"version-history":[{"count":0,"href":"https:\/\/www.diarioimagen.net\/index.php?rest_route=\/wp\/v2\/posts\/577804\/revisions"}],"wp:featuredmedia":[{"embeddable":true,"href":"https:\/\/www.diarioimagen.net\/index.php?rest_route=\/wp\/v2\/media\/577876"}],"wp:attachment":[{"href":"https:\/\/www.diarioimagen.net\/index.php?rest_route=%2Fwp%2Fv2%2Fmedia&parent=577804"}],"wp:term":[{"taxonomy":"category","embeddable":true,"href":"https:\/\/www.diarioimagen.net\/index.php?rest_route=%2Fwp%2Fv2%2Fcategories&post=577804"},{"taxonomy":"post_tag","embeddable":true,"href":"https:\/\/www.diarioimagen.net\/index.php?rest_route=%2Fwp%2Fv2%2Ftags&post=577804"}],"curies":[{"name":"wp","href":"https:\/\/api.w.org\/{rel}","templated":true}]}}