{"id":577814,"date":"2023-03-17T00:02:23","date_gmt":"2023-03-17T06:02:23","guid":{"rendered":"https:\/\/www.diarioimagen.net\/?p=577814"},"modified":"2023-03-17T02:14:40","modified_gmt":"2023-03-17T08:14:40","slug":"llamado-del-pri-edomex-a-cerrar-filas-con-la-abanderada-alejandra-del-moral","status":"publish","type":"post","link":"https:\/\/www.diarioimagen.net\/?p=577814","title":{"rendered":"Llamado del PRI Edomex a cerrar filas con la abanderada Alejandra Del Moral"},"content":{"rendered":"<p>&nbsp;<\/p>\n<ul>\n<li><strong>Pide frenar la polarizaci\u00f3n<\/strong><\/li>\n<\/ul>\n<p>&nbsp;<\/p>\n<div id=\"attachment_577881\" style=\"width: 470px\" class=\"wp-caption aligncenter\"><a href=\"https:\/\/www.diarioimagen.net\/?attachment_id=577881\" rel=\"attachment wp-att-577881\"><img loading=\"lazy\" decoding=\"async\" aria-describedby=\"caption-attachment-577881\" class=\"size-full wp-image-577881\" src=\"https:\/\/www.diarioimagen.net\/wp-content\/uploads\/2023\/03\/llamado-del-pri.jpg\" alt=\"\" width=\"460\" height=\"270\" \/><\/a><p id=\"caption-attachment-577881\" class=\"wp-caption-text\">Eric Sevilla, l\u00edder del PRI en Edomex, se\u00f1ala que esta lucha electoral ser\u00e1 de ideas y argumentos para poner un alto a la politiquer\u00eda, al enga\u00f1o y a la polarizaci\u00f3n.<\/p><\/div>\n<p>&nbsp;<\/p>\n<p><strong>Valle de M\u00e9xico.\u2014<\/strong> La prioridad del Partido Revolucionario Institucional (PRI) es ganar la gubernatura, afirm\u00f3 el presidente del Comit\u00e9 Directivo Estatal (CDE), Eric Sevilla, al dejar en claro que esta lucha electoral ser\u00e1 de ideas y argumentos que puedan convencer con una pol\u00edtica eficaz y que le ponga un alto de una buena vez a la politiquer\u00eda, al enga\u00f1o y a la polarizaci\u00f3n.<\/p>\n<p>Durante la quincuag\u00e9sima Sesi\u00f3n del Consejo Pol\u00edtico Estatal, el dirigente priista sostuvo la necesidad de evitar que se instale un r\u00e9gimen que ya tuvo su oportunidad y les fall\u00f3 a todos los mexicanos; \u201cun r\u00e9gimen que ha ca\u00eddo en el pecado pol\u00edtico de ignorar la realidad y querer encajar los hechos en ideas cortas\u201d.<\/p>\n<p>Ante los consejeros pol\u00edticos dej\u00f3 en claro que el Estado de M\u00e9xico no est\u00e1 dispuesto a retroceder, \u201cconocemos los peligros del autoritarismo y la demagogia y no buscamos que pol\u00edticas fallidas destruyan lo que se ha construido o, peor a\u00fan, que el futuro de nuestros hijos quede en manos de incapaces\u201d.<\/p>\n<p>No est\u00e1n dispuestos a debatir los temas que m\u00e1s le importan a los ciudadanos del Estado, por el contrario, Alejandra Del Moral Vela es una priista adelantada a su tiempo que conoce su responsabilidad en esta etapa de la historia y que est\u00e1 preparada para debatir y ser la pr\u00f3xima gobernadora del Estado de M\u00e9xico.<\/p>\n<p>\u201cEs momento de cerrar filas en torno a nuestra precandidata y salir decididos en su defensa, con un Consejo Pol\u00edtico y militancia que la respalda, la defensa del Estado de M\u00e9xico es nuestra prioridad\u201d, agreg\u00f3.<\/p>\n<p>En esta Sesi\u00f3n Ordinaria de Consejo Pol\u00edtico Estatal se aprob\u00f3 por mayor\u00eda el Plan Estatal de Elecciones 2023, el Programa de Activismo Pol\u00edtico del CDE, el Calendario 2023 de las Sesiones Plenarias del Consejo Pol\u00edtico Estatal y de la Comisi\u00f3n Pol\u00edtica Permanente, as\u00ed como el Proyecto Presupuestal del a\u00f1o en curso.<\/p>\n","protected":false},"excerpt":{"rendered":"<p>La prioridad del Partido Revolucionario Institucional (PRI) es ganar la gubernatura, afirm\u00f3 el presidente del Comit\u00e9 Directivo Estatal (CDE), Eric Sevilla, al dejar en claro que esta lucha electoral ser\u00e1 de ideas y argumentos que puedan convencer con una pol\u00edtica eficaz y que le ponga un alto de una buena vez a la politiquer\u00eda, al enga\u00f1o y a la polarizaci\u00f3n.<\/p>\n","protected":false},"author":3,"featured_media":577881,"comment_status":"open","ping_status":"open","sticky":false,"template":"","format":"standard","meta":{"_monsterinsights_skip_tracking":false,"_monsterinsights_sitenote_active":false,"_monsterinsights_sitenote_note":"","_monsterinsights_sitenote_category":0,"footnotes":""},"categories":[5],"tags":[96388,27979,362],"class_list":["post-577814","post","type-post","status-publish","format-standard","has-post-thumbnail","hentry","category-estado-de-mexico","tag-cde","tag-filas","tag-pri"],"_links":{"self":[{"href":"https:\/\/www.diarioimagen.net\/index.php?rest_route=\/wp\/v2\/posts\/577814","targetHints":{"allow":["GET"]}}],"collection":[{"href":"https:\/\/www.diarioimagen.net\/index.php?rest_route=\/wp\/v2\/posts"}],"about":[{"href":"https:\/\/www.diarioimagen.net\/index.php?rest_route=\/wp\/v2\/types\/post"}],"author":[{"embeddable":true,"href":"https:\/\/www.diarioimagen.net\/index.php?rest_route=\/wp\/v2\/users\/3"}],"replies":[{"embeddable":true,"href":"https:\/\/www.diarioimagen.net\/index.php?rest_route=%2Fwp%2Fv2%2Fcomments&post=577814"}],"version-history":[{"count":0,"href":"https:\/\/www.diarioimagen.net\/index.php?rest_route=\/wp\/v2\/posts\/577814\/revisions"}],"wp:featuredmedia":[{"embeddable":true,"href":"https:\/\/www.diarioimagen.net\/index.php?rest_route=\/wp\/v2\/media\/577881"}],"wp:attachment":[{"href":"https:\/\/www.diarioimagen.net\/index.php?rest_route=%2Fwp%2Fv2%2Fmedia&parent=577814"}],"wp:term":[{"taxonomy":"category","embeddable":true,"href":"https:\/\/www.diarioimagen.net\/index.php?rest_route=%2Fwp%2Fv2%2Fcategories&post=577814"},{"taxonomy":"post_tag","embeddable":true,"href":"https:\/\/www.diarioimagen.net\/index.php?rest_route=%2Fwp%2Fv2%2Ftags&post=577814"}],"curies":[{"name":"wp","href":"https:\/\/api.w.org\/{rel}","templated":true}]}}