{"id":577827,"date":"2023-03-17T00:01:21","date_gmt":"2023-03-17T06:01:21","guid":{"rendered":"https:\/\/www.diarioimagen.net\/?p=577827"},"modified":"2023-03-19T22:22:17","modified_gmt":"2023-03-20T04:22:17","slug":"aumenta-la-oferta-de-trabajo-en-cancun-tras-estancamiento","status":"publish","type":"post","link":"https:\/\/www.diarioimagen.net\/?p=577827","title":{"rendered":"Aumenta la oferta de trabajo en Canc\u00fan, tras estancamiento"},"content":{"rendered":"<h2>Derecho de r\u00e9plica<\/h2>\n<h5>Jos\u00e9 Luis Monta\u00f1ez<\/h5>\n<p>&nbsp;<\/p>\n<ul>\n<li><strong><em>Hay 60% m\u00e1s de vacantes en la ciudad: Desarrollo Econ\u00f3mico<\/em><\/strong><\/li>\n<\/ul>\n<p>&nbsp;<\/p>\n<div id=\"attachment_577872\" style=\"width: 470px\" class=\"wp-caption aligncenter\"><a href=\"https:\/\/www.diarioimagen.net\/?attachment_id=577872\" rel=\"attachment wp-att-577872\"><img loading=\"lazy\" decoding=\"async\" aria-describedby=\"caption-attachment-577872\" class=\"size-full wp-image-577872\" src=\"https:\/\/www.diarioimagen.net\/wp-content\/uploads\/2023\/03\/Derecho-6.jpg\" alt=\"\" width=\"460\" height=\"270\" \/><\/a><p id=\"caption-attachment-577872\" class=\"wp-caption-text\">La Secretar\u00eda de Desarrollo Econ\u00f3mico en Canc\u00fan refiere que la oferta de puestos de trabajo en esta ciudad ha aumentado en m\u00e1s del 60%, en este a\u00f1o.<\/p><\/div>\n<p>&nbsp;<\/p>\n<p>A m\u00e1s de dos a\u00f1os de haberse declarado la contingencia sanitaria por la Covid-19 en M\u00e9xico, parece que la recuperaci\u00f3n de los sectores econ\u00f3micos por fin est\u00e1 encontrando un curso positivo, pues al menos en el caso de Quintana Roo, el turismo ya alcanza cifras iguales o mayores a las reportadas en 2019, mientras que la recuperaci\u00f3n de empleos tambi\u00e9n tiene un gran comportamiento.<\/p>\n<p>A decir de Desarrollo Econ\u00f3mico del municipio de Benito Ju\u00e1rez (Canc\u00fan), la oferta de puestos de trabajo en los programas de contrataci\u00f3n de esta ciudad ha aumentado en m\u00e1s del 60%, en el transcurso de 2023, mientras que la demanda ha crecido aproximadamente 20 puntos porcentuales.<\/p>\n<p>Enrique Morales Pardo, director de Desarrollo Econ\u00f3mico en este polo tur\u00edstico, declar\u00f3 que despu\u00e9s de haber celebrado cinco jornadas del programa Ven y Empl\u00e9ate Itinerante, han recibido en cada una, un promedio de entre 150 y 200 personas desempleadas y se han tenido hasta alrededor de dos mil 500 vacantes en conjunto, ofrecidas por diferentes empresas en varios sectores.<\/p>\n<p>De tal manera que, haciendo un recuento desde la puesta en marcha de la reactivaci\u00f3n econ\u00f3mica, en octubre del 2021 y hasta el 30 de noviembre del a\u00f1o pasado, se han celebrado 38 jornadas de este programa con un promedio estimado de 160 personas, y mil 600 vacantes en cada una de ellas.<\/p>\n<p style=\"text-align: center;\"><strong>Planean 46 jornadas de Empl\u00e9ate Itinerante <\/strong><\/p>\n<p>\u201cEste 2023 planeamos 46 jornadas de Empl\u00e9ate Itinerante, pero como empezamos con el programa Canc\u00fan nos Une, solamente tendremos dos por mes, porque en las dos vamos a estar en las dos ediciones del Canc\u00fan nos Une. El d\u00eda 22 de este mes (marzo) ah\u00ed vamos a estar agregado al programa de la presidenta. En las tres jornadas anteriores hemos estado\u201d, explic\u00f3.<\/p>\n<p>Asimismo, adelant\u00f3 que se llevar\u00e1n a cabo m\u00e1s eventos de contrataci\u00f3n que en 2022, cuando alrededor del 60% de los postulantes consiguieron trabajo. \u201cLa mayor\u00eda de las contrataciones son puestos de mano de obra y puestos administrativos, planeamos traer m\u00e1s vacantes en el segundo punto. Necesitamos estar unidos con todos los sectores, el empresarial, el social, los sindicatos, las universidades, porque tenemos la orden de ir a resolver las necesidades a trav\u00e9s de los programas sociales\u201d, dijo.<\/p>\n<p>El Instituto Nacional de Estad\u00edstica y Geograf\u00eda (Inegi) refiere que la tasa de desempleo en el estado es del 2%. En Canc\u00fan es de 2.2%, igual a 10 mil 624 personas sin trabajo de los 19 mil 466 ciudadanos econ\u00f3micamente activos.<\/p>\n<p>Finalmente, la Secretar\u00eda Municipal de Desarrollo Econ\u00f3mico record\u00f3 que en 2018 se ten\u00eda un promedio de hasta 800 asistentes en las ferias de empleo itinerante, pero con la pandemia se suspendieron las jornadas de manera presencial y ese n\u00famero se desplom\u00f3. Posteriormente, apenas se dio la reanudaci\u00f3n de los programas y la oferta de trabajo tuvo menos de 100 interesados, para empezar y luego ir creciendo paulatinamente.<\/p>\n<p>Morales Pardo concluy\u00f3 que en la \u00faltima jornada de Ven y Empl\u00e9ate, se ofrecieron dos mil 522 vacantes de 39 empresas y esperan ir mejorando esos n\u00fameros en el transcurso del a\u00f1o.<\/p>\n<p style=\"text-align: center;\"><strong>Expropian otros 8 predios para Tren Maya<\/strong><\/p>\n<p>Se public\u00f3 en el <em>Diario Oficial de la Federaci\u00f3n<\/em> (DOF), el decreto presidencial de expropiaci\u00f3n de una superficie total de 214 mil 801 metros cuadrados, correspondientes a 8 inmuebles de propiedad privada en los municipios de Bacalar, en Quintana Roo y Esc\u00e1rcega, en Campeche, para ser utilizados en las obras de construcci\u00f3n del Tren Maya.<\/p>\n<p>El acta expropiatoria refiere que se acredita la causa de utilidad p\u00fablica prevista en el art\u00edculo 1\u00ba, segundo p\u00e1rrafo, fracci\u00f3n III Bis, de la Ley de Expropiaci\u00f3n, consistente en la construcci\u00f3n de la obra de infraestructura p\u00fablica Tren Maya, para atender el principio de inter\u00e9s general para comunicar de manera eficiente a los habitantes de la pen\u00ednsula de Yucat\u00e1n.<\/p>\n<p>Aseguran que, por la importancia y magnitud del Tren Maya, se reactivar\u00e1 la econom\u00eda y el desarrollo en diversos sectores, como el comercial y el tur\u00edstico, que se traducir\u00e1 en bienestar de la poblaci\u00f3n del sureste mexicano.<\/p>\n<p>El documento adem\u00e1s agrega de manera textual: \u201cDebido a la trascendencia del Proyecto Tren Maya y a efecto de evitar p\u00e9rdidas econ\u00f3micas innecesarias al erario, es preciso fortalecer la viabilidad t\u00e9cnica durante la construcci\u00f3n del proyecto, por lo que resulta procedente decretar la ocupaci\u00f3n temporal inmediata de los 8 (ocho) inmuebles identificados por Fonatur Tren Maya, S.A. de C.V., en t\u00e9rminos de los art\u00edculos 2 Bis, 4o. y 7o. de la Ley de Expropiaci\u00f3n, y llevarse a cabo las inscripciones correspondientes con base en el art\u00edculo 8 Bis de la misma ley.\u201d<\/p>\n<p>Y aclaran que las indemnizaciones por la ocupaci\u00f3n temporal deben consistir en una compensaci\u00f3n a valor de mercado, \u201cel pago se realizar\u00e1 a quienes acrediten legalmente su derecho respecto de los bienes inmuebles se\u00f1alados\u201d.<\/p>\n<p>Finalmente, destaca que \u201cse declara de utilidad p\u00fablica la infraestructura, desarrollo socioecon\u00f3mico y turismo del Proyecto Tren Maya, que se materializa en la construcci\u00f3n de obras de infraestructura p\u00fablica sobre terrenos de propiedad privada, que suman una superficie total de 214,801.533 m\u00b2 (doscientos catorce mil ochocientos uno punto quinientos treinta y tres metros cuadrados), correspondientes a 8 (ocho) inmuebles de propiedad privada, ubicados en los municipios de Bacalar, estado de Quintana Roo, y Esc\u00e1rcega, estado de Campeche, detallados en la parte considerativa de este decreto\u201d.<\/p>\n<p style=\"text-align: center;\"><strong>La estaci\u00f3n m\u00e1s grande estar\u00e1 en Canc\u00fan<\/strong><\/p>\n<p>Por otro lado, se inform\u00f3 que la estaci\u00f3n m\u00e1s grande del Tren Maya en toda la extensi\u00f3n de su recorrido tendr\u00e1 lugar en Canc\u00fan, donde tambi\u00e9n se ubicar\u00e1n las oficinas administrativas del megaproyecto federal.<\/p>\n<p>La presidenta municipal de Benito Ju\u00e1rez (Canc\u00fan), Ana Patricia Peralta, asisti\u00f3 a una reuni\u00f3n y recorrido de supervisi\u00f3n de los trabajos de construcci\u00f3n del proyecto Tren Maya en el Tramo 4, en compa\u00f1\u00eda de autoridades de los tres \u00f3rdenes de gobierno y puntualizaron que en este polo tur\u00edstico confluyen dos trazos: el 4, que conectar\u00e1 a Canc\u00fan con Izamal, y el 5, que va de esta ciudad a Playa del Carmen.<\/p>\n<p>Peralta celebr\u00f3 que la estaci\u00f3n ubicada en Canc\u00fan ser\u00e1 la m\u00e1s grande en todo el trazo de este proyecto y que contar\u00e1 con 10 andenes, con lo que se promover\u00e1 el desarrollo econ\u00f3mico de los habitantes en los alrededores, asimismo, se contempla una gran conexi\u00f3n con el Aeropuerto Internacional de esta ciudad. \u201cDesde el gobierno municipal apoyaremos en agilizar los trabajos, comprometidos al ciento por ciento con el proyecto\u201d, sentenci\u00f3.<\/p>\n<p>Los responsables del Tramo 4, agregaron que se realiza un trabajo marat\u00f3nico en las obras del tren con el fin de poder inaugurarlo a finales de este a\u00f1o, \u201cse est\u00e1 avanzando en tiempo r\u00e9cord para concluir a finales de este a\u00f1o, adem\u00e1s de generar un beneficio econ\u00f3mico para la regi\u00f3n al contemplar en la plantilla laboral trabajadores de la regi\u00f3n\u201d detallaron.<\/p>\n<p>De acuerdo con estudios del Centro Nacional de Prevenci\u00f3n de Desastres (Cenapred), los trenes que se utilizar\u00e1n, podr\u00e1n resistir vientos de un hurac\u00e1n categor\u00eda 5, permitiendo trasladar a ciudadanos y visitantes a estaciones cercanas de una manera segura, en caso de cualquier eventualidad meteorol\u00f3gica.<\/p>\n<p><em>Escr\u00edbame a mi mail: <a href=\"mailto:montanezaguilar@gmail.com\" target=\"_blank\" rel=\"noopener noreferrer\">montanezaguilar@gmail.com<\/a><\/em><\/p>\n","protected":false},"excerpt":{"rendered":"<p><span style=\"color: #005497;\"><strong>Jos\u00e9 Luis Monta\u00f1ez<\/strong><\/span><br \/>\n<br \/>\nA m\u00e1s de dos a\u00f1os de haberse declarado la contingencia sanitaria por la Covid-19 en M\u00e9xico, parece que la recuperaci\u00f3n de los sectores econ\u00f3micos por fin est\u00e1 encontrando un curso positivo, pues al menos en el caso de Quintana Roo, el turismo ya alcanza cifras iguales o mayores a las reportadas en 2019, mientras que la recuperaci\u00f3n de empleos tambi\u00e9n tiene un gran comportamiento.<\/p>\n","protected":false},"author":3,"featured_media":577872,"comment_status":"open","ping_status":"open","sticky":false,"template":"","format":"standard","meta":{"_monsterinsights_skip_tracking":false,"_monsterinsights_sitenote_active":false,"_monsterinsights_sitenote_note":"","_monsterinsights_sitenote_category":0,"footnotes":""},"categories":[11622,25512],"tags":[47840,54579,43674],"class_list":["post-577827","post","type-post","status-publish","format-standard","has-post-thumbnail","hentry","category-jose-luis-montanez-aguilar","category-nacional-nacional","tag-derecho-de-replica","tag-jose-luis-montanez","tag-opinion"],"_links":{"self":[{"href":"https:\/\/www.diarioimagen.net\/index.php?rest_route=\/wp\/v2\/posts\/577827","targetHints":{"allow":["GET"]}}],"collection":[{"href":"https:\/\/www.diarioimagen.net\/index.php?rest_route=\/wp\/v2\/posts"}],"about":[{"href":"https:\/\/www.diarioimagen.net\/index.php?rest_route=\/wp\/v2\/types\/post"}],"author":[{"embeddable":true,"href":"https:\/\/www.diarioimagen.net\/index.php?rest_route=\/wp\/v2\/users\/3"}],"replies":[{"embeddable":true,"href":"https:\/\/www.diarioimagen.net\/index.php?rest_route=%2Fwp%2Fv2%2Fcomments&post=577827"}],"version-history":[{"count":0,"href":"https:\/\/www.diarioimagen.net\/index.php?rest_route=\/wp\/v2\/posts\/577827\/revisions"}],"wp:featuredmedia":[{"embeddable":true,"href":"https:\/\/www.diarioimagen.net\/index.php?rest_route=\/wp\/v2\/media\/577872"}],"wp:attachment":[{"href":"https:\/\/www.diarioimagen.net\/index.php?rest_route=%2Fwp%2Fv2%2Fmedia&parent=577827"}],"wp:term":[{"taxonomy":"category","embeddable":true,"href":"https:\/\/www.diarioimagen.net\/index.php?rest_route=%2Fwp%2Fv2%2Fcategories&post=577827"},{"taxonomy":"post_tag","embeddable":true,"href":"https:\/\/www.diarioimagen.net\/index.php?rest_route=%2Fwp%2Fv2%2Ftags&post=577827"}],"curies":[{"name":"wp","href":"https:\/\/api.w.org\/{rel}","templated":true}]}}