{"id":577829,"date":"2023-03-17T00:01:28","date_gmt":"2023-03-17T06:01:28","guid":{"rendered":"https:\/\/www.diarioimagen.net\/?p=577829"},"modified":"2023-03-17T02:09:16","modified_gmt":"2023-03-17T08:09:16","slug":"estudian-conexion-entre-aeropuerto-internacional-de-cancun-y-tren-maya","status":"publish","type":"post","link":"https:\/\/www.diarioimagen.net\/?p=577829","title":{"rendered":"Estudian conexi\u00f3n entre\u00a0Aeropuerto Internacional de Canc\u00fan y Tren Maya"},"content":{"rendered":"<p>&nbsp;<\/p>\n<h3 style=\"text-align: center;\">Hay tres opciones en la mesa<\/h3>\n<p>&nbsp;<\/p>\n<ul>\n<li><strong><em>Trazan plan de movilidad que conecta ambas instalaciones y pronto se dar\u00e1 a conocer<\/em><\/strong><\/li>\n<\/ul>\n<p><strong>\u00a0<\/strong><\/p>\n<div id=\"attachment_577868\" style=\"width: 470px\" class=\"wp-caption aligncenter\"><a href=\"https:\/\/www.diarioimagen.net\/?attachment_id=577868\" rel=\"attachment wp-att-577868\"><img loading=\"lazy\" decoding=\"async\" aria-describedby=\"caption-attachment-577868\" class=\"size-full wp-image-577868\" src=\"https:\/\/www.diarioimagen.net\/wp-content\/uploads\/2023\/03\/OBRAS01-1.jpg\" alt=\"\" width=\"460\" height=\"270\" \/><\/a><p id=\"caption-attachment-577868\" class=\"wp-caption-text\">La conexi\u00f3n entre el Aeropuerto Internacional de Canc\u00fan y la estaci\u00f3n del Tren Maya, a\u00fan no se ha definido, hay tres opciones.&lt;<\/p><\/div>\n<p>&nbsp;<\/p>\n<p><strong>Canc\u00fan.\u2013<\/strong> La conexi\u00f3n entre el Aeropuerto Internacional de Canc\u00fan y la estaci\u00f3n del Tren Maya a\u00fan no se ha definido, pero las autoridades afirman que ya est\u00e1n analizando tres opciones: un t\u00fanel, un circuito rodeando el aeropuerto y un transporte de lanzadera, de modo que pronto se anunciar\u00eda cual es la mejor en cuesti\u00f3n de movilidad.<\/p>\n<p>La gobernadora Mara Lezama Espinosa aclar\u00f3 que ya est\u00e1n en pl\u00e1ticas con empresas y la Secretar\u00eda de Infraestructura Comunicaciones y Transportes (SICT) para trazar el plan de movilidad que conecte ambos inmuebles y definir cu\u00e1l es la mejor conexi\u00f3n.<\/p>\n<p>\u201cEn unos d\u00edas estaremos tomando la decisi\u00f3n ya que debe estar la conexi\u00f3n cuando se termine la estaci\u00f3n del tren y as\u00ed poder trasladar a los pasajeros que van a requerir del trayecto\u201d, explic\u00f3.<\/p>\n<p>Por su parte, el presidente Andr\u00e9s Manuel L\u00f3pez Obrador, en su momento, dijo que era necesario hacer una conexi\u00f3n entre el aeropuerto con la estaci\u00f3n del tren que estar\u00e1 en las cercan\u00edas y dej\u00f3 entrever la posibilidad de un t\u00fanel para que pase por debajo del actual aeropuerto, y de hecho, fue algo que plante\u00f3 a la empresa Tesla, que se podr\u00eda encargar de construirlo en un tiempo r\u00e9cord.<\/p>\n<p>La propuesta es que se construyera un t\u00fanel de un kil\u00f3metro y medio, justo por debajo del AIC, con una tecnolog\u00eda de la empresa que se implement\u00f3 para realizar un proyecto en Las Vegas y que podr\u00edan llevar a cabo antes de la inauguraci\u00f3n del Tren Maya, en diciembre de este a\u00f1o.<\/p>\n<p>No obstante, primero deben llevarse a cabo las mesas de trabajo, que de acuerdo con la gobernadora, en estas tambi\u00e9n participan los representantes de Aeropuertos del Sureste (Asur), con la finalidad de determinar cu\u00e1l ser\u00e1 la mejor opci\u00f3n para todas las partes.<\/p>\n<p>Finalmente, el gobierno federal, reiter\u00f3 que el Tren Maya ser\u00e1 inaugurado en diciembre de este a\u00f1o, aunque los trabajos de prueba arrancar\u00e1n en julio, por lo que est\u00e1n acelerando la construcci\u00f3n a fin de tener todo listo en tiempo y forma.<\/p>\n","protected":false},"excerpt":{"rendered":"<p>La conexi\u00f3n entre el Aeropuerto Internacional de Canc\u00fan y la estaci\u00f3n del Tren Maya a\u00fan no se ha definido, pero las autoridades afirman que ya est\u00e1n analizando tres opciones: un t\u00fanel, un circuito rodeando el aeropuerto y un transporte de lanzadera, de modo que pronto se anunciar\u00eda cual es la mejor en cuesti\u00f3n de movilidad.\u00a0<\/p>\n","protected":false},"author":3,"featured_media":577868,"comment_status":"open","ping_status":"open","sticky":false,"template":"","format":"standard","meta":{"_monsterinsights_skip_tracking":false,"_monsterinsights_sitenote_active":false,"_monsterinsights_sitenote_note":"","_monsterinsights_sitenote_category":0,"footnotes":""},"categories":[3],"tags":[97534,76415],"class_list":["post-577829","post","type-post","status-publish","format-standard","has-post-thumbnail","hentry","category-nacional","tag-aeropuerto-internacional-de-cancun","tag-tren-maya"],"_links":{"self":[{"href":"https:\/\/www.diarioimagen.net\/index.php?rest_route=\/wp\/v2\/posts\/577829","targetHints":{"allow":["GET"]}}],"collection":[{"href":"https:\/\/www.diarioimagen.net\/index.php?rest_route=\/wp\/v2\/posts"}],"about":[{"href":"https:\/\/www.diarioimagen.net\/index.php?rest_route=\/wp\/v2\/types\/post"}],"author":[{"embeddable":true,"href":"https:\/\/www.diarioimagen.net\/index.php?rest_route=\/wp\/v2\/users\/3"}],"replies":[{"embeddable":true,"href":"https:\/\/www.diarioimagen.net\/index.php?rest_route=%2Fwp%2Fv2%2Fcomments&post=577829"}],"version-history":[{"count":0,"href":"https:\/\/www.diarioimagen.net\/index.php?rest_route=\/wp\/v2\/posts\/577829\/revisions"}],"wp:featuredmedia":[{"embeddable":true,"href":"https:\/\/www.diarioimagen.net\/index.php?rest_route=\/wp\/v2\/media\/577868"}],"wp:attachment":[{"href":"https:\/\/www.diarioimagen.net\/index.php?rest_route=%2Fwp%2Fv2%2Fmedia&parent=577829"}],"wp:term":[{"taxonomy":"category","embeddable":true,"href":"https:\/\/www.diarioimagen.net\/index.php?rest_route=%2Fwp%2Fv2%2Fcategories&post=577829"},{"taxonomy":"post_tag","embeddable":true,"href":"https:\/\/www.diarioimagen.net\/index.php?rest_route=%2Fwp%2Fv2%2Ftags&post=577829"}],"curies":[{"name":"wp","href":"https:\/\/api.w.org\/{rel}","templated":true}]}}