{"id":577910,"date":"2023-03-17T00:02:44","date_gmt":"2023-03-17T06:02:44","guid":{"rendered":"https:\/\/www.diarioimagen.net\/?p=577910"},"modified":"2023-03-17T02:30:59","modified_gmt":"2023-03-17T08:30:59","slug":"destapes-presidenciales-y-para-el-gobierno-de-la-cdmx","status":"publish","type":"post","link":"https:\/\/www.diarioimagen.net\/?p=577910","title":{"rendered":"Destapes presidenciales y para el gobierno de la CDMX"},"content":{"rendered":"<h2>La Retaguardia<\/h2>\n<h5>Adriana Moreno Cordero<\/h5>\n<p>&nbsp;<\/p>\n<ul>\n<li><strong><em>La sorpresa, Jos\u00e9 \u00c1ngel Gurr\u00eda; el c\u00e1ndido Ignacio Ovalle<\/em><\/strong><\/li>\n<\/ul>\n<p>&nbsp;<\/p>\n<p>Si por algo se caracteriz\u00f3 la semana que cierra es porque fue la de los destapes de la oposici\u00f3n, de cara al 2024. Cierto es que resulta imperativo que la oposici\u00f3n no debe quedarse dormida ni retrasarse en esta coyuntura, pero tambi\u00e9n es verdad que a\u00fan no cuentan con el l\u00edder que pueda aglutinar a la ciudadan\u00eda y al bloque opositor.<\/p>\n<p>Respecto a la Presidencia de la Rep\u00fablica, hace unos d\u00edas hizo lo propio ni m\u00e1s ni menos que el ex dirigente de la Coparmex, <strong>Gustavo de Hoyos Walther<\/strong>, de una manera un tanto cuanto radical y sin un proyecto concreto; s\u00f3lo puras ideas sueltas y sin mayor base. Y desde el Senado de la Rep\u00fablica, lo ratific\u00f3 nuevamente el presidente de la Junta de Coordinaci\u00f3n Pol\u00edtica de esa instancia legislativa, <strong>Ricardo Monreal \u00c1vila<\/strong>. Pero sin duda, la sorpresa fue el ex canciller y ex secretario de Hacienda y Cr\u00e9dito P\u00fablico, <strong>Jos\u00e9 \u00c1ngel Gurr\u00eda<\/strong>, quien luego de 15 a\u00f1os de presidir la Organizaci\u00f3n para la Cooperaci\u00f3n y el Desarrollo Econ\u00f3mico (OCDE), sin mayor ambage ni pre\u00e1mbulos que suelen volverse todo un laberinto, reconoci\u00f3 que \u00e9l quiere ser ese l\u00edder que demanda el 2024.<\/p>\n<p>De manera general, podr\u00eda decirse que la aspiraci\u00f3n del ex secretario de Relaciones Exteriores ha sido bien recibida. Estamos hablando de un hombre con una muy amplia trayectoria en el servicio p\u00fablico y en la pol\u00edtica, sin embargo, el prop\u00f3sito de Jos\u00e9 \u00c1ngel Gurr\u00eda podr\u00eda enfrentarse a muchos obst\u00e1culos, pero de que es un buen candidato, sin duda lo es.<\/p>\n<p>Cuesti\u00f3n de reparar en que cuando se anunci\u00f3 la conformaci\u00f3n del la alianza Va por M\u00e9xico, una de los objetivos centrales era que para las elecciones de este a\u00f1o en el Estado de M\u00e9xico y Coahuila, a celebrarse en el ya pr\u00f3ximo mes de junio, el PRI tendr\u00eda el derecho de elegir a quienes ser\u00edan sus abanderados, lo que recay\u00f3 en <strong>Alejandra Del Moral<\/strong>, para el Edomex, y <strong>Manolo Jim\u00e9nez<\/strong> en el caso de Coahuila.<\/p>\n<p>Para la presidencial,\u00a0 se supone que quien tendr\u00eda mano en esa decisi\u00f3n ser\u00eda el PAN, pero el resto de los partidos que conforman dicha coalici\u00f3n coinciden en que hay que convocar a la sociedad para que de ah\u00ed surja ese candidato capaz de unir a la oposici\u00f3n en una sola para ir contra Morena y quien resulte ser su \u201ccorcholata\u201d.<\/p>\n<p>El problema que hay que sortear es que en Va por M\u00e9xico son varios, de todos los partidos que conforman la coalici\u00f3n, los que han levantado la mano. Ah\u00ed est\u00e1, por ejemplo, cuando el l\u00edder nacional del PRD, <strong>Jes\u00fas Zambrano,<\/strong> destap\u00f3 al senador <strong>Miguel \u00c1ngel Mancera<\/strong> y en el Revolucionario Institucional han levantado la mano la tambi\u00e9n senadora <strong>Beatriz Paredes<\/strong> y el ex secretario de Turismo, <strong>Enrique de la Madrid<\/strong>.<\/p>\n<p>En el PAN, se puede hablar de <strong>Santiago Creel<\/strong>; el gobernador de Yucat\u00e1n, <strong>Mauricio Vila;<\/strong> y el de Quer\u00e9taro, <strong>Mauricio Kuri<\/strong>, porque el ex candidato presidencial, Ricardo Anaya, de plano, las tiene todas perdidas y nos deja la lecci\u00f3n de que tuvo que pagar haber construido su candidatura en base a las traiciones.<\/p>\n<p>El tiempo transcurre y como dijo el propio Jos\u00e9 \u00c1ngel Gurr\u00eda en una entrevista, es tiempo de las negociaciones. No deja de llamar la atenci\u00f3n que el ex titular de Hacienda, hiciera especial \u00e9nfasis en que resulta indispensable que Movimiento Ciudadano se integre a la coalici\u00f3n Va por M\u00e9xico.<\/p>\n<p>\u00bfAcaso lograr\u00e1 Gurr\u00eda convencer al dirigente naranja, <strong>Dante Delgado,<\/strong> para que deje de vender tan caro su amor a Morena, partido al que le allan\u00f3 el camino para los pr\u00f3ximos comicios en Coahuila y Estado de M\u00e9xico? Se ve dif\u00edcil.<\/p>\n<p>Ahora bien, respecto a la jefatura del Gobierno de la Ciudad de M\u00e9xico, en la semana que concluye se destaparon y promocionaron para ese cargo, por el PRD, el coordinador de la bancada de ese partido en la C\u00e1mara de Diputados, <strong>Luis Espinoza Ch\u00e1zaro<\/strong>, que asegura, va punteando en las encuestas, mientras que por el PAN, lo hizo la senadora <strong>X\u00f3chitl G\u00e1lvez<\/strong>, que desde la C\u00e1mara alta, siempre ha procurado mantenerse bajo los reflectores y tambi\u00e9n dice que ella va al frente en las encuestas.<\/p>\n<p>Sobre si la ex funcionaria del gabinete del ex presidente <strong>Vicente Fox<\/strong> dejar\u00eda su aspiraci\u00f3n por la Ciudad de M\u00e9xico para competir por la Presidencia de la Rep\u00fablica, definitivamente lo descart\u00f3 a la voz de que nada le quitar\u00e1 recorrer el camino para alcanzar despachar desde el Antiguo Palacio el Ayuntamiento.<\/p>\n<p style=\"text-align: center;\"><strong>Municiones<\/strong><\/p>\n<p>*** Y ma\u00f1ana, de nueva cuenta, los seguidores de L\u00f3pez Obrador le rendir\u00e1n culto y con sumisi\u00f3n extrema, le quemar\u00e1n incienso y lo venerar\u00e1n. Ese es el verdadero motivo de la concentraci\u00f3n a la que convoc\u00f3 en el Z\u00f3calo capitalino el tabasque\u00f1o. Y como es su movilizaci\u00f3n, entonces de seguro, izar\u00e1 la bandera nacional, no como lo hizo el d\u00eda de la concentraci\u00f3n en defensa del INE del pasado 26 de marzo y la marcha del D\u00eda Internacional de la Mujer del 8 de marzo pasado. Qu\u00e9 mal hace el Ejecutivo en creer que las marchas y movilizaciones son s\u00f3lo de su propiedad porque en caso contrario, las descalifica. Habr\u00e1 que estar muy atentos a los encuentros que habr\u00e1 ese d\u00eda en el Z\u00f3calo, ya que en d\u00edas pasados, el senador <strong>Ricardo Monreal<\/strong> anunci\u00f3 que asistir\u00eda y con eso de que hace unos d\u00edas, L\u00f3pez Obrador vet\u00f3 a los candidatos a comisionados del INAI, <strong>Yadira Alcarc\u00f3n<\/strong> y <strong>Rafael Luna<\/strong>, porque, dijo, era resultado de negociaciones con el PAN y eso no lo puede soportar el tabasque\u00f1o, habr\u00e1 que ver qu\u00e9 pasa ma\u00f1ana en el Z\u00f3calo.<\/p>\n<p>*** Lo que en el fondo busca el Presidente al haber vetado a los referidos aspirantes a comisionados del INAI, es aniquilar a ese Instituto. Tomar con los \u201cdedos en la puerta\u201d a los senadores para que ya no puedan hacer otras propuestas y as\u00ed, termine por tronar el INAI. La fecha fatal es el 1 de abril.<\/p>\n<p>*** En pol\u00edtica, ser c\u00e1ndido se le llama de otra forma. Ahora resulta que el ex director de Segalmex, <strong>Ignacio Ovalle<\/strong>, echeverrista de cepa, se vio tan ingenuo como c\u00e1ndido y como si fuera cuento o f\u00e1bula para ni\u00f1os que deja una sensata moraleja, el inocente funcionario ahora morenista, fue v\u00edctima ni m\u00e1s ni menos que de \u201cmalosos priistas\u201d que lo enga\u00f1aron y ni cuenta se dio del millonario fraude, provocando el desfalco de la instituci\u00f3n. \u00a1Pobrecito Ovalle!, tan buena buena gente que es, o por lo menos eso asegur\u00f3 en su gustad\u00edsimo \u201cstand-up\u201d ma\u00f1anero el presidente Andr\u00e9s Manuel L\u00f3pez Obrador, quien lo defendi\u00f3 con tanta enjundia como en el pasado lo hizo con el flamante director de la Comisi\u00f3n Federal de Electricidad, <strong>Manuel Bartlett<\/strong>. O sea, para sus amigos y desde luego, familiares, el inquilino de Palacio Nacional es sumamente benevolente y para sus enemigos, todo su odio y v\u00edscera.<\/p>\n<p><u><a href=\"mailto:morcora@gmail.com\" target=\"_blank\" rel=\"noopener noreferrer\"><em>morcora@gmail.com<\/em><\/a><\/u><\/p>\n","protected":false},"excerpt":{"rendered":"<p><span style=\"color: #005497;\"><strong>Adriana Moreno Cordero<\/strong><\/span><\/p>\n","protected":false},"author":3,"featured_media":0,"comment_status":"open","ping_status":"open","sticky":false,"template":"","format":"standard","meta":{"_monsterinsights_skip_tracking":false,"_monsterinsights_sitenote_active":false,"_monsterinsights_sitenote_note":"","_monsterinsights_sitenote_category":0,"footnotes":""},"categories":[69370],"tags":[69369,69368,43674],"class_list":["post-577910","post","type-post","status-publish","format-standard","hentry","category-adriana-moreno-cordero","tag-adriana-moreno-cordero","tag-la-retaguardia","tag-opinion"],"_links":{"self":[{"href":"https:\/\/www.diarioimagen.net\/index.php?rest_route=\/wp\/v2\/posts\/577910","targetHints":{"allow":["GET"]}}],"collection":[{"href":"https:\/\/www.diarioimagen.net\/index.php?rest_route=\/wp\/v2\/posts"}],"about":[{"href":"https:\/\/www.diarioimagen.net\/index.php?rest_route=\/wp\/v2\/types\/post"}],"author":[{"embeddable":true,"href":"https:\/\/www.diarioimagen.net\/index.php?rest_route=\/wp\/v2\/users\/3"}],"replies":[{"embeddable":true,"href":"https:\/\/www.diarioimagen.net\/index.php?rest_route=%2Fwp%2Fv2%2Fcomments&post=577910"}],"version-history":[{"count":0,"href":"https:\/\/www.diarioimagen.net\/index.php?rest_route=\/wp\/v2\/posts\/577910\/revisions"}],"wp:attachment":[{"href":"https:\/\/www.diarioimagen.net\/index.php?rest_route=%2Fwp%2Fv2%2Fmedia&parent=577910"}],"wp:term":[{"taxonomy":"category","embeddable":true,"href":"https:\/\/www.diarioimagen.net\/index.php?rest_route=%2Fwp%2Fv2%2Fcategories&post=577910"},{"taxonomy":"post_tag","embeddable":true,"href":"https:\/\/www.diarioimagen.net\/index.php?rest_route=%2Fwp%2Fv2%2Ftags&post=577910"}],"curies":[{"name":"wp","href":"https:\/\/api.w.org\/{rel}","templated":true}]}}