{"id":577916,"date":"2023-03-17T00:03:28","date_gmt":"2023-03-17T06:03:28","guid":{"rendered":"https:\/\/www.diarioimagen.net\/?p=577916"},"modified":"2023-03-17T02:37:29","modified_gmt":"2023-03-17T08:37:29","slug":"morenos-van-contra-delgado","status":"publish","type":"post","link":"https:\/\/www.diarioimagen.net\/?p=577916","title":{"rendered":"\u201cMorenos\u201d van contra Delgado"},"content":{"rendered":"<h2>Centro..!<\/h2>\n<h5>Arturo R\u00edos Ruiz<\/h5>\n<p>&nbsp;<\/p>\n<ul>\n<li><strong><em>Arrogancia y prepotencia<\/em><\/strong><\/li>\n<li><strong><em>Mala se\u00f1al para morenistas<\/em><\/strong><\/li>\n<\/ul>\n<p>&nbsp;<\/p>\n<p>Dirigentes y militantes de Morena de las 32 entidades acusan a Mario Delgado de manipular encuestas, de perseguir a quienes levantan la voz en contra de las injusticias que, acusan, se cometen en el partido.<\/p>\n<p>El<strong>\u00a0<\/strong>19 de junio de 1999, Manuel Camacho Sol\u00eds y Alejandro Rojas D\u00edaz-Dur\u00e1n inauguraron las oficinas del Partido Centro Democr\u00e1tico, PCD, en Pit\u00e1goras 945, colonia del Valle, adem\u00e1s de Silvia Polo, estaban Mario Delgado, y Marcelo Ebrard.<\/p>\n<p>Antes, al colimense economista, graduado en el ITAM y con maestr\u00eda por la Universidad de Essex, en Gran Breta\u00f1a; le lleg\u00f3 una llamada de Marcelo Ebrard, amigo de su t\u00edo, Mario Carrillo lo que, le cambi\u00f3 el panorama de lo que har\u00eda en su futuro. El canciller fue mentor. Hoy, est\u00e1 m\u00e1s apegado a AMLO.<\/p>\n<p>As\u00ed fue el inicio pol\u00edtico de Mario Delgado, al lado de Marcelo Ebrard y Manuel Camacho Sol\u00eds, en 1999 fund\u00f3 el PCD que tuvo como candidatos en el proceso del a\u00f1o 2000 a Camacho y a Ebrard para la jefatura de Gobierno, quien, al colapsar su parto declin\u00f3 a favor de Andr\u00e9s Manuel L\u00f3pez Obrador.<\/p>\n<p>Ya en el equipo de Marcelo, se defini\u00f3 como\u00a0hombre de convicciones, lealtades, con cuyos atributos buscaba ser considerado por quien elegir\u00eda al que ser\u00eda el candidato de la izquierda a la jefatura del Distrito Federal en 2012.<\/p>\n<p>Todo conduce que este pich\u00f3n quiere volar solo y que espera que ahora s\u00ed lo premien con su sue\u00f1o dorado, que es la capital que muchos desean y que esta entidad supli\u00f3 a Gobernaci\u00f3n como la incubadora de candidatos priistas y ahora, Andr\u00e9s Manuel lleg\u00f3 al poder m\u00e1ximo del pa\u00eds despu\u00e9s de ese esca\u00f1o.<\/p>\n<p>Su prepotencia, por la que ahora se quejan muchos, podr\u00eda ser la explicaci\u00f3n ligada a sus pretensiones pol\u00edticas y emula a su nuevo jefe, el Presidente, que exige obediencia ciega y no soporta a nadie que no se entregue, y Mario pretende ser igual, aunque es una mala copia del tabasque\u00f1o.<\/p>\n<p>De ser certera nuestra imaginaci\u00f3n, Mario vivir\u00eda un sue\u00f1o guajiro, pues los \u00fanicos definidos por la gracia presidencial son en el orden, Claudia Sheinbaum y Ad\u00e1n Augusto y \u00e9l no tiene chance alguno, al igual que el ex jefe Marcelo.<\/p>\n<p>Los que se quejan del l\u00edder de Morena, est\u00e1n apoyados por el senador Jos\u00e9 Ram\u00f3n Enr\u00edquez y denunciaron a Mario Delgado de \u201csecuestrar\u201d a Morena, convirti\u00e9ndolo, se\u00f1alan, en un partido donde hay represi\u00f3n, hostigamiento y persecuci\u00f3n pol\u00edtica. Acciones dictatoriales.\u00a0 \u00a0La queja se interpreta como la creaci\u00f3n de un problema para AMLO, que requiere a sus seguidores unidos; ya bastante ha sido, la separaci\u00f3n de la clase media, separada por el mismo mandatario, un sector m\u00e1s que importante que ayud\u00f3 a su llegada a la Presidencia.<\/p>\n<p>En conferencia de prensa en el Senado, Juan C\u00e1ceres, dirigente de la Coordinadora Nacional de Fundadores, Militantes y Simpatizantes de Morena, apunt\u00f3 que desde hace dos a\u00f1os ha buscado un di\u00e1logo con Delgado porque por las \u201cencuestas patito\u201d para la selecci\u00f3n de candidatos y s\u00f3lo han recibido \u201carrogancia y desplantes\u201d del l\u00edder.<\/p>\n<p><em><a href=\"mailto:rrrart2000@hotmail.com\" target=\"_blank\" rel=\"noopener noreferrer\">rrrart2000@hotmail.com<\/a><\/em><\/p>\n","protected":false},"excerpt":{"rendered":"<p><span style=\"color: #005497;\"><strong>Arturo R\u00edos Ruiz<\/strong><\/span><\/p>\n","protected":false},"author":3,"featured_media":0,"comment_status":"open","ping_status":"open","sticky":false,"template":"","format":"standard","meta":{"_monsterinsights_skip_tracking":false,"_monsterinsights_sitenote_active":false,"_monsterinsights_sitenote_note":"","_monsterinsights_sitenote_category":0,"footnotes":""},"categories":[82265],"tags":[82266,10806,43674],"class_list":["post-577916","post","type-post","status-publish","format-standard","hentry","category-arturo-rios-ruiz","tag-arturo-rios-ruiz","tag-centro","tag-opinion"],"_links":{"self":[{"href":"https:\/\/www.diarioimagen.net\/index.php?rest_route=\/wp\/v2\/posts\/577916","targetHints":{"allow":["GET"]}}],"collection":[{"href":"https:\/\/www.diarioimagen.net\/index.php?rest_route=\/wp\/v2\/posts"}],"about":[{"href":"https:\/\/www.diarioimagen.net\/index.php?rest_route=\/wp\/v2\/types\/post"}],"author":[{"embeddable":true,"href":"https:\/\/www.diarioimagen.net\/index.php?rest_route=\/wp\/v2\/users\/3"}],"replies":[{"embeddable":true,"href":"https:\/\/www.diarioimagen.net\/index.php?rest_route=%2Fwp%2Fv2%2Fcomments&post=577916"}],"version-history":[{"count":0,"href":"https:\/\/www.diarioimagen.net\/index.php?rest_route=\/wp\/v2\/posts\/577916\/revisions"}],"wp:attachment":[{"href":"https:\/\/www.diarioimagen.net\/index.php?rest_route=%2Fwp%2Fv2%2Fmedia&parent=577916"}],"wp:term":[{"taxonomy":"category","embeddable":true,"href":"https:\/\/www.diarioimagen.net\/index.php?rest_route=%2Fwp%2Fv2%2Fcategories&post=577916"},{"taxonomy":"post_tag","embeddable":true,"href":"https:\/\/www.diarioimagen.net\/index.php?rest_route=%2Fwp%2Fv2%2Ftags&post=577916"}],"curies":[{"name":"wp","href":"https:\/\/api.w.org\/{rel}","templated":true}]}}