{"id":577964,"date":"2023-03-20T00:05:09","date_gmt":"2023-03-20T06:05:09","guid":{"rendered":"https:\/\/www.diarioimagen.net\/?p=577964"},"modified":"2023-03-21T01:50:17","modified_gmt":"2023-03-21T07:50:17","slug":"en-el-camino-hacia-la-igualdad-las-mujeres-recorren-un-camino-mas-largo-que-los-hombres","status":"publish","type":"post","link":"https:\/\/www.diarioimagen.net\/?p=577964","title":{"rendered":"En el camino hacia la igualdad, las mujeres recorren un camino m\u00e1s largo que los hombres"},"content":{"rendered":"<p><em>\u00a0<\/em><\/p>\n<ul>\n<li><strong><em>La UAEM\u00e9x organiz\u00f3 el panel Mujeres Empoderadas \u201cEl reto de llegar\u201d, que encabez\u00f3 la secretaria T\u00e9cnica de la Rector\u00eda, Yolanda Ballesteros Sent\u00edes, en el que participaron cinco universitarias egresadas o investigadoras de esta casa de estudios<\/em><\/strong><\/li>\n<\/ul>\n<p><strong>\u00a0<\/strong><\/p>\n<div id=\"attachment_578075\" style=\"width: 470px\" class=\"wp-caption aligncenter\"><a href=\"https:\/\/www.diarioimagen.net\/?attachment_id=578075\" rel=\"attachment wp-att-578075\"><img loading=\"lazy\" decoding=\"async\" aria-describedby=\"caption-attachment-578075\" class=\"size-full wp-image-578075\" src=\"https:\/\/www.diarioimagen.net\/wp-content\/uploads\/2023\/03\/uaem-camino-a-igualdad.jpg\" alt=\"\" width=\"460\" height=\"270\" \/><\/a><p id=\"caption-attachment-578075\" class=\"wp-caption-text\">Las panelistas compartieron sus historias, los obst\u00e1culos y retos para lograr sus metas profesionales y personales.<\/p><\/div>\n<p>&nbsp;<\/p>\n<p><strong>Toluca, Estado de M\u00e9xico.\u2013 <\/strong>La educaci\u00f3n universitaria es una herramienta que favorece y posibilita la igualdad de g\u00e9nero y abre oportunidades a las mujeres para alcanzar sus metas profesionales y personales, coincidieron las participantes en el Panel Mujeres Empoderadas \u201cEl reto de llegar\u201d, que organiz\u00f3 la Universidad Aut\u00f3noma del Estado de M\u00e9xico (UAEM\u00e9x).<\/p>\n<p>En la Sala \u201cGustavo Baz Prada\u201d del Edificio de Rector\u00eda, las panelistas egresadas o investigadoras de la UAEM\u00e9x, Mariana Ortiz Reynoso, Doctora en Farmacia y Tecnolog\u00eda Farmac\u00e9utica; Carolina Santos Segundo, Maestra en Humanidades con Enfoque de Investigaci\u00f3n en \u00c9tica; Yolanda Elisa Sent\u00edes Echeverr\u00eda, Qu\u00edmica F\u00e1rmaco Bi\u00f3loga y Licenciada en Derecho; Mariana del Rosario Mej\u00eda Ayala, Maestra en Investigaci\u00f3n y Docencia Jur\u00eddica, y Adriana Antonio Segundo, Doctora en Derecho Procesal Constitucional, compartieron con el auditorio su experiencia de vida y los principales retos que por el hecho de ser mujeres enfrentaron para seguir estudiando o trabajando.<\/p>\n<p>Para Sent\u00edes Echeverr\u00eda, quien fue la primera mujer en ser presidenta municipal de Toluca y la primera senadora por el Estado de M\u00e9xico, participar en la pol\u00edtica fue un reto que enfrent\u00f3 con herramientas como la educaci\u00f3n universitaria y la convicci\u00f3n de servir, pese a los se\u00f1alamientos que buscaban desde\u00f1ar su funci\u00f3n por el solo hecho de ser mujer o estar embarazada.<\/p>\n<p>En ese sentido, la tambi\u00e9n Presea Estado de M\u00e9xico 2023 al Servicio P\u00fablico, sugiri\u00f3 a las mujeres seguir estudiando, estar informadas y no permitir que los derechos y oportunidades ganadas tengan un retroceso.<\/p>\n<p>En tanto, Santos Segundo, experta en pueblos ind\u00edgenas, derechos humanos y cooperaci\u00f3n internacional, comparti\u00f3 c\u00f3mo su origen \u00e9tnico la situ\u00f3 desde peque\u00f1a en una realidad en la que las mujeres de manera tradicional se dedican a labores dom\u00e9sticas y no estudian y su deseo por salir de ello le ha permitido tener estudios de posgrado y ser impulsora de la educaci\u00f3n entre las ni\u00f1as de su comunidad para que ocupen espacios que parecen ser negados para este sector de la sociedad mexicana.<\/p>\n<p>La tambi\u00e9n galardonada con la Presea Estado de M\u00e9xico 2023 a la Defensa de los Derechos Humanos reconoci\u00f3 que en el camino hacia la igualdad, las mujeres recorren un camino m\u00e1s largo que los hombres, pero las mujeres ind\u00edgenas uno mayor a todos, porque hay mayor cantidad de obst\u00e1culos con los que deben lidiar para acceder a la educaci\u00f3n.<\/p>\n<p>En coincidencia, Antonio Segundo record\u00f3 que tuvo que salirse de su casa a los 15 a\u00f1os para poder seguir estudiando, ya que pertenecer a la comunidad ind\u00edgena mazahua de San Felipe del Progreso la perfilaba a la actividad dom\u00e9stica, porque los roles de g\u00e9nero son muy marcados y, por lo tanto, no tendr\u00eda derecho a estudiar, trabajar, ni decidir sobre su propia persona.<\/p>\n<p>En ese sentido, la tambi\u00e9n perito en criminal\u00edstica y defensora de los pueblos ind\u00edgenas reconoci\u00f3 en la educaci\u00f3n universitaria la herramienta m\u00e1s valiosa que le ha permitido ocupar cargos que por su condici\u00f3n de mujer e ind\u00edgena no est\u00e1n contemplados para ella.<\/p>\n<p>En su oportunidad, Ortiz Reynoso refiri\u00f3 que para ella los obst\u00e1culos a los que se ha enfrentado por el solo hecho de ser mujer para ser investigadora han sido los micro machismos, el machismo que a\u00fan existe en el \u00e1mbito acad\u00e9mico y de investigaci\u00f3n, as\u00ed como la falta de oportunidades y adecuaciones para que una mujer pueda ser mam\u00e1 y tambi\u00e9n seguir con su trabajo.<\/p>\n<p>La tambi\u00e9n directora para la Internacionalizaci\u00f3n de la Investigaci\u00f3n y Estudios Avanzados de la UAEM\u00e9x dijo que la Universidad se ha convertido en un espacio ideal para seguir con su desarrollo profesional y personal.<\/p>\n<p>En su oportunidad, Mej\u00eda Ayala, quien tambi\u00e9n es comisionada del Instituto de Transparencia, Acceso a la Informaci\u00f3n P\u00fablica y Protecci\u00f3n de Datos Personales estatal (Infoem), record\u00f3 que la educaci\u00f3n p\u00fablica universitaria en el contexto que se encontraba era la \u00fanica manera para cambiar su realidad y cumplir sus metas personales y profesionales, por lo que seguir form\u00e1ndose y capacit\u00e1ndose fue fundamental para lograrlo.<\/p>\n<p>Sin embargo, afirm\u00f3 que en materia laboral, las mujeres siguen enfrent\u00e1ndose a la disyuntiva de convertirse en mam\u00e1s o seguir trabajando por la falta de oportunidades y adecuaciones en los trabajos para que puedan combinar ambas actividades,<\/p>\n<p>El panel, que encabez\u00f3 la secretar\u00eda T\u00e9cnica de la Rector\u00eda de la UAEM\u00e9x, Yolanda Ballesteros Sent\u00edes, fue moderado por la titular de la Coordinaci\u00f3n Institucional de Equidad de G\u00e9nero (CIEG) de esta casa de estudios, Alejandra Carmona Casta\u00f1eda.<\/p>\n","protected":false},"excerpt":{"rendered":"<p>La educaci\u00f3n universitaria es una herramienta que favorece y posibilita la igualdad de g\u00e9nero y abre oportunidades a las mujeres para alcanzar sus metas profesionales y personales, coincidieron las participantes en el Panel Mujeres Empoderadas \u201cEl reto de llegar\u201d, que organiz\u00f3 la Universidad Aut\u00f3noma del Estado de M\u00e9xico (UAEM\u00e9x).<\/p>\n","protected":false},"author":3,"featured_media":578075,"comment_status":"open","ping_status":"open","sticky":false,"template":"","format":"standard","meta":{"_monsterinsights_skip_tracking":false,"_monsterinsights_sitenote_active":false,"_monsterinsights_sitenote_note":"","_monsterinsights_sitenote_category":0,"footnotes":""},"categories":[5],"tags":[43675,7302,26688,1921,452],"class_list":["post-577964","post","type-post","status-publish","format-standard","has-post-thumbnail","hentry","category-estado-de-mexico","tag-estado-de-mexico","tag-hombres","tag-igualdad","tag-mujeres","tag-toluca"],"_links":{"self":[{"href":"https:\/\/www.diarioimagen.net\/index.php?rest_route=\/wp\/v2\/posts\/577964","targetHints":{"allow":["GET"]}}],"collection":[{"href":"https:\/\/www.diarioimagen.net\/index.php?rest_route=\/wp\/v2\/posts"}],"about":[{"href":"https:\/\/www.diarioimagen.net\/index.php?rest_route=\/wp\/v2\/types\/post"}],"author":[{"embeddable":true,"href":"https:\/\/www.diarioimagen.net\/index.php?rest_route=\/wp\/v2\/users\/3"}],"replies":[{"embeddable":true,"href":"https:\/\/www.diarioimagen.net\/index.php?rest_route=%2Fwp%2Fv2%2Fcomments&post=577964"}],"version-history":[{"count":0,"href":"https:\/\/www.diarioimagen.net\/index.php?rest_route=\/wp\/v2\/posts\/577964\/revisions"}],"wp:featuredmedia":[{"embeddable":true,"href":"https:\/\/www.diarioimagen.net\/index.php?rest_route=\/wp\/v2\/media\/578075"}],"wp:attachment":[{"href":"https:\/\/www.diarioimagen.net\/index.php?rest_route=%2Fwp%2Fv2%2Fmedia&parent=577964"}],"wp:term":[{"taxonomy":"category","embeddable":true,"href":"https:\/\/www.diarioimagen.net\/index.php?rest_route=%2Fwp%2Fv2%2Fcategories&post=577964"},{"taxonomy":"post_tag","embeddable":true,"href":"https:\/\/www.diarioimagen.net\/index.php?rest_route=%2Fwp%2Fv2%2Ftags&post=577964"}],"curies":[{"name":"wp","href":"https:\/\/api.w.org\/{rel}","templated":true}]}}