{"id":577966,"date":"2023-03-20T00:01:21","date_gmt":"2023-03-20T06:01:21","guid":{"rendered":"https:\/\/www.diarioimagen.net\/?p=577966"},"modified":"2023-03-20T03:10:41","modified_gmt":"2023-03-20T09:10:41","slug":"confirman-salida-de-lazaro-cardenas-batel-como-asesor-de-amlo","status":"publish","type":"post","link":"https:\/\/www.diarioimagen.net\/?p=577966","title":{"rendered":"Confirman salida de L\u00e1zaro C\u00e1rdenas Batel como asesor de AMLO"},"content":{"rendered":"<p>&nbsp;<\/p>\n<ul>\n<li><em><strong>Ser\u00e1 enviado a la CELAC<\/strong><\/em><\/li>\n<\/ul>\n<p>&nbsp;<\/p>\n<div id=\"attachment_578091\" style=\"width: 470px\" class=\"wp-caption aligncenter\"><a href=\"https:\/\/www.diarioimagen.net\/?attachment_id=578091\" rel=\"attachment wp-att-578091\"><img loading=\"lazy\" decoding=\"async\" aria-describedby=\"caption-attachment-578091\" class=\"size-full wp-image-578091\" src=\"https:\/\/www.diarioimagen.net\/wp-content\/uploads\/2023\/03\/cardenas-batel.jpg\" alt=\"\" width=\"460\" height=\"270\" \/><\/a><p id=\"caption-attachment-578091\" class=\"wp-caption-text\">L\u00e1zaro C\u00e1rdenas Batel, hijo de Cuauht\u00e9moc C\u00e1rdenas, ya no se desempe\u00f1a como jefe de asesores de Andr\u00e9s Manuel L\u00f3pez Obrador.<\/p><\/div>\n<p>&nbsp;<\/p>\n<p>Se confirm\u00f3 la salida de L\u00e1zaro C\u00e1rdenas Batel, hijo de Cuauht\u00e9moc C\u00e1rdenas y nieto de L\u00e1zaro C\u00e1rdenas, del gobierno de Andr\u00e9s Manuel L\u00f3pez Obrador, donde se desempe\u00f1aba como coordinador de asesores en la Presidencia de la Rep\u00fablica.<\/p>\n<p>Este viernes, el titular del Ejecutivo federal inform\u00f3 que su ex coordinador de asesores ser\u00e1 ahora enviado de M\u00e9xico en la Comunidad de Estados Latinoamericanos y Caribe\u00f1os (CELAC).<\/p>\n<p>Fuentes consultadas aseguran que C\u00e1rdenas Batel, de 58 a\u00f1os y quien fue gobernador de Michoac\u00e1n, present\u00f3 su renuncia dos d\u00edas despu\u00e9s de que el presidente L\u00f3pez Obrador hizo duras descalificaciones a su padre por estar vinculado a la fundaci\u00f3n de Colectivo por M\u00e9xico (o Mexicolectivo), un frente opositor impulsado por Movimiento Ciudadano (MC).<\/p>\n<p>En esa ocasi\u00f3n, el primer mandatario dijo que Cuauht\u00e9moc C\u00e1rdenas era su adversario y tambi\u00e9n un conservador, un adjetivo que L\u00f3pez Obrador suele usar para atacar a sus cr\u00edticos. Las fuentes, que tienen relaci\u00f3n \u00edntima de amistad con la familia, se\u00f1alan que C\u00e1rdenas Batel hizo notar su protesta por los comentarios de L\u00f3pez Obrador en la carta de renuncia entregada al mandatario, que acept\u00f3 su dimisi\u00f3n.<\/p>\n<p>\u201c\u00bfConsidera a C\u00e1rdenas adversario, Presidente?\u201d, le preguntaron los periodistas a L\u00f3pez Obrador en su conferencia del 31 de enero. \u201cEn pol\u00edtica, s\u00ed, si \u00e9l asume una postura de este tipo. Lo estimo mucho, lo respeto, lo considero precursor de este movimiento, pero estamos viviendo en un momento de definiciones y esta ancheta est\u00e1 muy angosta, no hay para d\u00f3nde hacerse, es estar con el pueblo o con la oligarqu\u00eda. No hay m\u00e1s. No hay justo medio\u201d, replic\u00f3 el mandatario.<\/p>\n<p>La Presidencia de la Rep\u00fablica no inform\u00f3 oficialmente de la renuncia de C\u00e1rdenas Batel hasta el viernes pasado, que L\u00f3pez Obrador fue cuestionado en su conferencia ma\u00f1anera. Tampoco se ha anunciado qui\u00e9n lo va a sustituir en la coordinaci\u00f3n de asesores de la Presidencia. C\u00e1rdenas Batel, que fue gobernador del Estado de Michoac\u00e1n (2002-2008), donde \u00e9l naci\u00f3, sigue siendo anunciado en el sitio oficial del Gobierno como si continuara en el cargo.<\/p>\n<p>Cuauht\u00e9moc C\u00e1rdenas, padre del ex funcionario federal , dijo en una entrevista el pasado mi\u00e9rcoles, que \u00e9l no se consideraba adversario de L\u00f3pez Obrador, sino que, al contrario, lo apreciaba y que era su amigo. C\u00e1rdenas padre fund\u00f3 en 1989 el Partido de la Revoluci\u00f3n Democr\u00e1tica (PRD), que convirti\u00f3 a L\u00f3pez Obrador en candidato a la jefatura de Gobierno y luego candidato presidencial.<\/p>\n<p>El Presidente ha explicado que C\u00e1rdenas Batel ser\u00e1 el enviado de M\u00e9xico para organizar el secretariado general de la CELAC. L\u00f3pez Obrador tambi\u00e9n ha vuelto sobre sus propios comentarios y ha refrendado su respeto a Cuauht\u00e9moc C\u00e1rdenas, a quien ha llamado \u201cprecursor\u201d de la lucha democr\u00e1tica de izquierda en M\u00e9xico.<\/p>\n<p>\u201cEs muy buena la relaci\u00f3n con el ingeniero C\u00e1rdenas, yo respeto mucho a la familia C\u00e1rdenas\u201d, ha dicho el mandatario. \u201cLe tengo mucho respeto al ingeniero C\u00e1rdenas. Adem\u00e1s de lo que fue su padre, \u00e9l comenz\u00f3 esta lucha [&#8230;] \u00e9l comenz\u00f3 este movimiento y yo me adher\u00ed a ese movimiento por el ingeniero C\u00e1rdenas, aqu\u00ed en Tabasco\u201d, se\u00f1al\u00f3.<\/p>\n<p>De C\u00e1rdenas Batel, el Presidente ha destacado su compromiso y dedicaci\u00f3n a su trabajo en el Gobierno, donde colabor\u00f3 desde el comienzo de la Administraci\u00f3n, en diciembre de 2018. \u201c(Es) de primera, profesional, con principios, muy definido pol\u00edticamente\u201d, ha referido L\u00f3pez Obrador.<\/p>\n<p>Apenas la semana pasada, una encuesta de <em>Reforma<\/em> situaba a C\u00e1rdenas Batel como aspirante de Morena -el partido oficialista- a la gubernatura de Ciudad de M\u00e9xico, cargo que gan\u00f3 su padre, Cuauht\u00e9moc, en 1997, cuando arrebat\u00f3 la capital al partido \u00fanico, el PRI.<\/p>\n","protected":false},"excerpt":{"rendered":"<p>Se confirm\u00f3 la salida de L\u00e1zaro C\u00e1rdenas Batel, hijo de Cuauht\u00e9moc C\u00e1rdenas y nieto de L\u00e1zaro C\u00e1rdenas, del gobierno de Andr\u00e9s Manuel L\u00f3pez Obrador, donde se desempe\u00f1aba como coordinador de asesores en la Presidencia de la Rep\u00fablica.<\/p>\n","protected":false},"author":3,"featured_media":578091,"comment_status":"open","ping_status":"open","sticky":false,"template":"","format":"standard","meta":{"_monsterinsights_skip_tracking":false,"_monsterinsights_sitenote_active":false,"_monsterinsights_sitenote_note":"","_monsterinsights_sitenote_category":0,"footnotes":""},"categories":[3],"tags":[2545,94602,11087,97537],"class_list":["post-577966","post","type-post","status-publish","format-standard","has-post-thumbnail","hentry","category-nacional","tag-amlo","tag-asesor","tag-lazaro-cardenas-batel","tag-saluda"],"_links":{"self":[{"href":"https:\/\/www.diarioimagen.net\/index.php?rest_route=\/wp\/v2\/posts\/577966","targetHints":{"allow":["GET"]}}],"collection":[{"href":"https:\/\/www.diarioimagen.net\/index.php?rest_route=\/wp\/v2\/posts"}],"about":[{"href":"https:\/\/www.diarioimagen.net\/index.php?rest_route=\/wp\/v2\/types\/post"}],"author":[{"embeddable":true,"href":"https:\/\/www.diarioimagen.net\/index.php?rest_route=\/wp\/v2\/users\/3"}],"replies":[{"embeddable":true,"href":"https:\/\/www.diarioimagen.net\/index.php?rest_route=%2Fwp%2Fv2%2Fcomments&post=577966"}],"version-history":[{"count":0,"href":"https:\/\/www.diarioimagen.net\/index.php?rest_route=\/wp\/v2\/posts\/577966\/revisions"}],"wp:featuredmedia":[{"embeddable":true,"href":"https:\/\/www.diarioimagen.net\/index.php?rest_route=\/wp\/v2\/media\/578091"}],"wp:attachment":[{"href":"https:\/\/www.diarioimagen.net\/index.php?rest_route=%2Fwp%2Fv2%2Fmedia&parent=577966"}],"wp:term":[{"taxonomy":"category","embeddable":true,"href":"https:\/\/www.diarioimagen.net\/index.php?rest_route=%2Fwp%2Fv2%2Fcategories&post=577966"},{"taxonomy":"post_tag","embeddable":true,"href":"https:\/\/www.diarioimagen.net\/index.php?rest_route=%2Fwp%2Fv2%2Ftags&post=577966"}],"curies":[{"name":"wp","href":"https:\/\/api.w.org\/{rel}","templated":true}]}}