{"id":578190,"date":"2023-03-21T00:01:56","date_gmt":"2023-03-21T06:01:56","guid":{"rendered":"https:\/\/www.diarioimagen.net\/?p=578190"},"modified":"2023-03-21T22:14:55","modified_gmt":"2023-03-22T04:14:55","slug":"aumento-en-el-precio-del-huevo-rebasa-a-la-inflacion-general","status":"publish","type":"post","link":"https:\/\/www.diarioimagen.net\/?p=578190","title":{"rendered":"Aumento en el precio del huevo rebasa a la inflaci\u00f3n general"},"content":{"rendered":"<p>&nbsp;<\/p>\n<div id=\"attachment_578224\" style=\"width: 470px\" class=\"wp-caption aligncenter\"><a href=\"https:\/\/www.diarioimagen.net\/?attachment_id=578224\" rel=\"attachment wp-att-578224\"><img loading=\"lazy\" decoding=\"async\" aria-describedby=\"caption-attachment-578224\" class=\"size-full wp-image-578224\" src=\"https:\/\/www.diarioimagen.net\/wp-content\/uploads\/2023\/03\/HUEVO-INFLACION.jpg\" alt=\"\" width=\"460\" height=\"270\" \/><\/a><p id=\"caption-attachment-578224\" class=\"wp-caption-text\">Seg\u00fan la Profeco, el alza en el huevo se debe m\u00e1s a las especulaciones de los intermediarios o a un posible acaparamiento del alimento.<\/p><\/div>\n<p>&nbsp;<\/p>\n<p>El precio del huevo, uno de los alimentos m\u00e1s consumidos por los mexicanos, contin\u00faa encareci\u00e9ndose de forma considerable, al registrar un incremento al consumidor de 35.17% anual en febrero pasado, una cifra de doble d\u00edgito que result\u00f3 mayor a la tasa de inflaci\u00f3n general de 7.62%, seg\u00fan datos del Inegi.<\/p>\n<p>Ese incremento ha ocurrido pese a que el pa\u00eds es superavitario en su producci\u00f3n, seg\u00fan lo declar\u00f3 el titular de la Procuradur\u00eda Federal del Consumidor, Francisco Ricardo Sheffield Padilla el mes pasado. Su alza, a\u00f1adi\u00f3, se debe m\u00e1s a las especulaciones de los intermediarios o a un posible acaparamiento del alimento, situaci\u00f3n que la Profeco est\u00e1 investigando.<\/p>\n<p>Tambi\u00e9n dijo que los grandes mayoristas quieren hacer creer a la gente que la gripe aviar es la causante, pese a que la enfermedad se present\u00f3 primero en Estados Unidos.<\/p>\n<p>La Secretar\u00eda de Agricultura y Desarrollo Rural (Sader) y el SIAP estiman que la producci\u00f3n de huevo para el a\u00f1o 2023 sea de 3.1 millones de toneladas, 1.3% mayor a lo obtenido en el a\u00f1o previo.<\/p>\n<p style=\"text-align: center;\"><strong>Alza en supermercados en el pa\u00eds<\/strong><\/p>\n<p>\u00a0En distintos supermercados ubicados en la zona Norte de Zapopan, en Jalisco, el kilo de huevo cuesta hasta 58 pesos, con lo que una cartera de 30 sale en 97.50.<\/p>\n<p>\u201cEste \u00faltimo mes no ha dejado de subir. La semana pasada me cost\u00f3 93 y ve ahora\u201d, dice Ang\u00e9lica Ruiz, vecina de Zapopan.<\/p>\n<p>En tiendas de abarrotes los precios son menores. Por ejemplo, en la Colonia Jardines Alcalde, de Guadalajara, est\u00e1 en 45 pesos el kilo, y en la Colonia Progreso, del mismo municipio, en 44.<\/p>\n<p>De acuerdo con Mar\u00eda de Jes\u00fas de la Mora, acad\u00e9mica de la Universidad de Guadalajara (UdeG), se prev\u00e9 que suba otros 10 pesos antes de que comience su estabilizaci\u00f3n, en mayo pr\u00f3ximo.<\/p>\n<p>El alto costo del kilo de huevo ha mermado el gasto de muchas familias. Una de ellas es la de Ang\u00e9lica Ruiz, quien dice que el dinero cada vez alcanza menos.<\/p>\n","protected":false},"excerpt":{"rendered":"<p>El precio del huevo, uno de los alimentos m\u00e1s consumidos por los mexicanos, contin\u00faa encareci\u00e9ndose de forma considerable, al registrar un incremento al consumidor de 35.17% anual en febrero pasado, una cifra de doble d\u00edgito que result\u00f3 mayor a la tasa de inflaci\u00f3n general de 7.62%, seg\u00fan datos del Inegi.<\/p>\n","protected":false},"author":3,"featured_media":578224,"comment_status":"open","ping_status":"open","sticky":false,"template":"","format":"standard","meta":{"_monsterinsights_skip_tracking":false,"_monsterinsights_sitenote_active":false,"_monsterinsights_sitenote_note":"","_monsterinsights_sitenote_category":0,"footnotes":""},"categories":[8],"tags":[43678,193,43673,356],"class_list":["post-578190","post","type-post","status-publish","format-standard","has-post-thumbnail","hentry","category-finanzas","tag-finanzas","tag-inegi","tag-nacional","tag-profeco"],"_links":{"self":[{"href":"https:\/\/www.diarioimagen.net\/index.php?rest_route=\/wp\/v2\/posts\/578190","targetHints":{"allow":["GET"]}}],"collection":[{"href":"https:\/\/www.diarioimagen.net\/index.php?rest_route=\/wp\/v2\/posts"}],"about":[{"href":"https:\/\/www.diarioimagen.net\/index.php?rest_route=\/wp\/v2\/types\/post"}],"author":[{"embeddable":true,"href":"https:\/\/www.diarioimagen.net\/index.php?rest_route=\/wp\/v2\/users\/3"}],"replies":[{"embeddable":true,"href":"https:\/\/www.diarioimagen.net\/index.php?rest_route=%2Fwp%2Fv2%2Fcomments&post=578190"}],"version-history":[{"count":0,"href":"https:\/\/www.diarioimagen.net\/index.php?rest_route=\/wp\/v2\/posts\/578190\/revisions"}],"wp:featuredmedia":[{"embeddable":true,"href":"https:\/\/www.diarioimagen.net\/index.php?rest_route=\/wp\/v2\/media\/578224"}],"wp:attachment":[{"href":"https:\/\/www.diarioimagen.net\/index.php?rest_route=%2Fwp%2Fv2%2Fmedia&parent=578190"}],"wp:term":[{"taxonomy":"category","embeddable":true,"href":"https:\/\/www.diarioimagen.net\/index.php?rest_route=%2Fwp%2Fv2%2Fcategories&post=578190"},{"taxonomy":"post_tag","embeddable":true,"href":"https:\/\/www.diarioimagen.net\/index.php?rest_route=%2Fwp%2Fv2%2Ftags&post=578190"}],"curies":[{"name":"wp","href":"https:\/\/api.w.org\/{rel}","templated":true}]}}