{"id":578311,"date":"2023-03-22T00:06:40","date_gmt":"2023-03-22T06:06:40","guid":{"rendered":"https:\/\/www.diarioimagen.net\/?p=578311"},"modified":"2023-03-23T00:44:07","modified_gmt":"2023-03-23T06:44:07","slug":"presentan-en-uaemex-el-libro-libertad-de-pensamiento-privilegio-universitario","status":"publish","type":"post","link":"https:\/\/www.diarioimagen.net\/?p=578311","title":{"rendered":"Presentan en UAEM\u00e9x el libro \u201cLibertad de pensamiento: privilegio universitario\u201d"},"content":{"rendered":"<p><em>\u00a0<\/em><\/p>\n<ul>\n<li><strong><em>Los investigadores de la UAEM\u00e9x: Mar\u00eda del Rosario Guerra Gonz\u00e1lez, Juvenal Vargas Mu\u00f1oz y Carlos Alfonso Ledesma Ibarra son autores de la obra<\/em><\/strong><\/li>\n<\/ul>\n<p><strong>\u00a0<\/strong><\/p>\n<div id=\"attachment_578396\" style=\"width: 470px\" class=\"wp-caption aligncenter\"><a href=\"https:\/\/www.diarioimagen.net\/?attachment_id=578396\" rel=\"attachment wp-att-578396\"><img loading=\"lazy\" decoding=\"async\" aria-describedby=\"caption-attachment-578396\" class=\"size-full wp-image-578396\" src=\"https:\/\/www.diarioimagen.net\/wp-content\/uploads\/2023\/03\/uaem-libro.jpg\" alt=\"\" width=\"460\" height=\"270\" \/><\/a><p id=\"caption-attachment-578396\" class=\"wp-caption-text\">El libro es una obra conmemorativa por el 195 aniversario de la fundaci\u00f3n de la UAEM\u00e9x.<\/p><\/div>\n<p>&nbsp;<\/p>\n<p><strong>Toluca, Estado de M\u00e9xico.\u2013<\/strong> El pensamiento liberal como sustento de las universidades p\u00fablicas y forjador del sendero, en 1828, del Instituto Literario hoy Universidad Aut\u00f3noma del Estado de M\u00e9xico (UAEM\u00e9x) es el tema sobre el que versa el libro: \u201cLibertad de pensamiento: privilegio universitario\u201d, autor\u00eda de los profesores e investigadores de esta casa de estudios Mar\u00eda del Rosario Guerra Gonz\u00e1lez, Juvenal Vargas Mu\u00f1oz y Carlos Alfonso Ledesma Ibarra.<\/p>\n<p>El libro que se present\u00f3 en la Galer\u00eda Universitaria \u201cFernando Cano\u201d del Edificio de Rector\u00eda, acto que encabez\u00f3 el rector Carlos Eduardo Barrera D\u00edaz, est\u00e1 conformado por tres ensayos: \u201cLibertad de pensamiento largo camino para hacerla realidad\u201d a cargo de Guerra Gonz\u00e1lez; \u201cBenito Pablo Ju\u00e1rez Garc\u00eda, el presidente que vivi\u00f3 a salto de mata y la Universidad Aut\u00f3noma del Estado de M\u00e9xico ilustrada y liberal\u201d, escrito por Vargas Mu\u00f1oz y \u201cEl pensamiento liberal y la conformaci\u00f3n del Instituto Literario\u201d de Ledesma Ibarra.<\/p>\n<p>Vargas Mu\u00f1oz expres\u00f3 que la obra es un documento hist\u00f3rico y de consulta que tiene como prop\u00f3sito valorar el crecimiento y evoluci\u00f3n que de la mano con el pensamiento liberal tuvo el entonces Instituto Literario.<\/p>\n<p>En su oportunidad, Guerra Gonz\u00e1lez refiri\u00f3 que su participaci\u00f3n en la obra busca llevar a la lector a la reflexi\u00f3n de la trascendencia de la universidad como un sistema de educaci\u00f3n p\u00fablica en donde queda consagrada la libertad de expresi\u00f3n, de pensamiento, de disentir y de ser responsable de lo que se transmite como conocimiento.<\/p>\n<p>Asimismo, Ledesma Ibarra comparti\u00f3 que su participaci\u00f3n busc\u00f3 transmitir lo que signific\u00f3 el proceso hist\u00f3rico y las posibilidades del libre pensamiento como un privilegio y la funci\u00f3n de la universidad de mostrar a las personas que pasan por sus aulas sobre la importancia de pensar y transformar el mundo que les rodea si se atreven a pensar.<\/p>\n<p>El libro tiene una edici\u00f3n especial y se puede encontrar en dos presentaciones, fue coordinado por el titular del Consejo Editorial del Estado de M\u00e9xico, Alfredo Barrera Baca y es una obra conmemorativa por el 195 aniversario de la fundaci\u00f3n del Instituto Literario, hoy UAEM\u00e9x.<\/p>\n","protected":false},"excerpt":{"rendered":"<p>El pensamiento liberal como sustento de las universidades p\u00fablicas y forjador del sendero, en 1828, del Instituto Literario hoy Universidad Aut\u00f3noma del Estado de M\u00e9xico (UAEM\u00e9x) es el tema sobre el que versa el libro: \u201cLibertad de pensamiento: privilegio universitario\u201d, autor\u00eda de los profesores e investigadores de esta casa de estudios Mar\u00eda del Rosario Guerra Gonz\u00e1lez, Juvenal Vargas Mu\u00f1oz y Carlos Alfonso Ledesma Ibarra.<\/p>\n","protected":false},"author":3,"featured_media":578396,"comment_status":"open","ping_status":"open","sticky":false,"template":"","format":"standard","meta":{"_monsterinsights_skip_tracking":false,"_monsterinsights_sitenote_active":false,"_monsterinsights_sitenote_note":"","_monsterinsights_sitenote_category":0,"footnotes":""},"categories":[5],"tags":[43675,97552,452,67878],"class_list":["post-578311","post","type-post","status-publish","format-standard","has-post-thumbnail","hentry","category-estado-de-mexico","tag-estado-de-mexico","tag-pensameinto","tag-toluca","tag-uaemex"],"_links":{"self":[{"href":"https:\/\/www.diarioimagen.net\/index.php?rest_route=\/wp\/v2\/posts\/578311","targetHints":{"allow":["GET"]}}],"collection":[{"href":"https:\/\/www.diarioimagen.net\/index.php?rest_route=\/wp\/v2\/posts"}],"about":[{"href":"https:\/\/www.diarioimagen.net\/index.php?rest_route=\/wp\/v2\/types\/post"}],"author":[{"embeddable":true,"href":"https:\/\/www.diarioimagen.net\/index.php?rest_route=\/wp\/v2\/users\/3"}],"replies":[{"embeddable":true,"href":"https:\/\/www.diarioimagen.net\/index.php?rest_route=%2Fwp%2Fv2%2Fcomments&post=578311"}],"version-history":[{"count":0,"href":"https:\/\/www.diarioimagen.net\/index.php?rest_route=\/wp\/v2\/posts\/578311\/revisions"}],"wp:featuredmedia":[{"embeddable":true,"href":"https:\/\/www.diarioimagen.net\/index.php?rest_route=\/wp\/v2\/media\/578396"}],"wp:attachment":[{"href":"https:\/\/www.diarioimagen.net\/index.php?rest_route=%2Fwp%2Fv2%2Fmedia&parent=578311"}],"wp:term":[{"taxonomy":"category","embeddable":true,"href":"https:\/\/www.diarioimagen.net\/index.php?rest_route=%2Fwp%2Fv2%2Fcategories&post=578311"},{"taxonomy":"post_tag","embeddable":true,"href":"https:\/\/www.diarioimagen.net\/index.php?rest_route=%2Fwp%2Fv2%2Ftags&post=578311"}],"curies":[{"name":"wp","href":"https:\/\/api.w.org\/{rel}","templated":true}]}}