{"id":578315,"date":"2023-03-22T00:01:17","date_gmt":"2023-03-22T06:01:17","guid":{"rendered":"https:\/\/www.diarioimagen.net\/?p=578315"},"modified":"2023-03-22T23:01:39","modified_gmt":"2023-03-23T05:01:39","slug":"el-presidente-amlo-descalifica-informe-de-eu-sobre-derechos-humanos-en-mexico","status":"publish","type":"post","link":"https:\/\/www.diarioimagen.net\/?p=578315","title":{"rendered":"El presidente AMLO descalifica informe de EU sobre derechos humanos en M\u00e9xico"},"content":{"rendered":"<p>&nbsp;<\/p>\n<h3 style=\"text-align: center;\">Acusa de politiquer\u00eda los se\u00f1alamientos<\/h3>\n<p>&nbsp;<\/p>\n<ul>\n<li><em><strong>\u201cSe creen el gobierno del mundo y nada m\u00e1s ven la paja en el ojo ajeno y no la viga en el propio\u201d<\/strong> <\/em><\/li>\n<\/ul>\n<p>&nbsp;<\/p>\n<div id=\"attachment_578391\" style=\"width: 470px\" class=\"wp-caption aligncenter\"><a href=\"https:\/\/www.diarioimagen.net\/?attachment_id=578391\" rel=\"attachment wp-att-578391\"><img loading=\"lazy\" decoding=\"async\" aria-describedby=\"caption-attachment-578391\" class=\"size-full wp-image-578391\" src=\"https:\/\/www.diarioimagen.net\/wp-content\/uploads\/2023\/03\/amlo-10.jpg\" alt=\"\" width=\"460\" height=\"270\" \/><\/a><p id=\"caption-attachment-578391\" class=\"wp-caption-text\">Andr\u00e9s Manuel L\u00f3pez Obrador descalific\u00f3 el informe del Departamento de Estado de Estados Unidos sobre la situaci\u00f3n de derechos humanos en M\u00e9xico en el que se\u00f1ala que prevalece la impunidad.<\/p><\/div>\n<p>&nbsp;<\/p>\n<p>El presidente Andr\u00e9s Manuel L\u00f3pez Obrador arremeti\u00f3 contra el Departamento de Estado de Estados Unidos tras el informe emitido sobre la situaci\u00f3n de derechos humanos en M\u00e9xico en el que se\u00f1ala que prevalece la impunidad, la corrupci\u00f3n y las agresiones a periodistas.<\/p>\n<p>\u201cNo es cierto, est\u00e1n mintiendo, es pura politiquer\u00eda, es su naturaleza. No quieren abandonar la doctrina Monroe. No quieren cambiar, se creen el gobierno del mundo, y nada m\u00e1s ven la paja en el ojo ajeno y no la viga en el propio No es para enojarse, no es cierto. Son unos mentirosos\u201d.<\/p>\n<p>Durante su conferencia matutina, realizada en Oaxaca, consider\u00f3 que esta pr\u00e1ctica es como si nosotros los evaluamos sobre situaciones internas y, en este contexto, sali\u00f3 en defensa del ex presidente Donald Trump:<\/p>\n<p>\u201cLo van a detener, creo que hoy, por un asunto. Si fuese as\u00ed, todo mundo sabr\u00eda, porque no nos estamos chupando el dedo, que es para que no aparezca en la boleta electoral. Si digo esto es porque yo padec\u00ed de la fabricaci\u00f3n de un delito, porque no quer\u00edan que yo fuese el candidato. Eso es completamente antidemocr\u00e1tico, porque no se le permite al pueblo que \u00e9l sea el que decida. Todo esto en plan de amigos, nada m\u00e1s para ver si van cambiando porque ya como se dice coloquialmente, Ya chole\u201d.<\/p>\n<p>L\u00f3pez Obrador consider\u00f3 que esto no tiene nada que ver con el presidente Joe Biden, sino de otros sectores que son muy injerencistas. \u201cEs como si aqu\u00ed nosotros, los evaluamos: Oye porqu\u00e9 no liberas a Julian Assange, si est\u00e1s hablando de periodismo y libertad, por qu\u00e9 lo tienes preso? Si se habla de actos de violencia, como es que un periodista premiado en Estados Unidos asegura que el gobierno de Estados Unidos, sabote\u00f3 el ducto de gas de Rusia a Europa. Y as\u00ed, por qu\u00e9 se permite en Estados Unidos que opere un c\u00e1rtel o varios c\u00e1rteles que distribuyen en ese pa\u00eds el fentanilo que le hace tanto da\u00f1o a los j\u00f3venes\u201d.<\/p>\n<p style=\"text-align: center;\"><strong>Rechaz\u00f3 AMLO otra planta de Tesla porque habr\u00eda que pagar 50%<\/strong><\/p>\n<p>\u00a0En otro tema, el presidente L\u00f3pez Obrador revel\u00f3 que en una llamada con Elon Musk, l\u00edder de Tesla, se neg\u00f3 a darle un subsidio de 50% para instalar en M\u00e9xico plantas de bater\u00edas.<\/p>\n<p>El mandatario federal cont\u00f3 que platic\u00f3 con Musk del subsidio que da el gobierno de Estados Unidos a empresas de industrias limpias.<\/p>\n<p>\u201cAcabo de hablar con el de Tesla (Elon Musk), bueno habl\u00e9 dos veces con \u00e9l, sobre una planta que van a instalar en Monterrey y quiere poner tambi\u00e9n plantas para bater\u00edas, nada m\u00e1s que el gobierno de Estados Unidos tiene una pol\u00edtica ahora, buena, considero, pero ellos tienen la posibilidad de aplicarla, que si una empresa invierte, el gobierno le da un subsidio del 50% de su inversi\u00f3n, o sea, si inviertes mil millones de d\u00f3lares, el Gobierno le da, a fondo perdido, 500 millones\u201d, dijo L\u00f3pez Obrador. \u201cY no queda el gobierno como socio, no, es un est\u00edmulo en todo lo que tiene que ver con industrias limpias, en todo lo relacionado con la industria automotriz para carros el\u00e9ctricos, los semiconductores, los chips, en todo eso\u201d.<\/p>\n<p>El presidente L\u00f3pez Obrador le dijo a Musk que dar el 50% no va con sus pol\u00edticas.<\/p>\n<p>\u201cEntonces, cuando hablo con \u00e9l, me habla de las bater\u00edas y le digo \u2018bueno, s\u00ed est\u00e1 muy bien, pero nosotros no vamos a dar 50%, eso no, no podr\u00edamos, adem\u00e1s, no va de acuerdo con nuestras pol\u00edticas\u2019\u201d, revel\u00f3 AMLO.<\/p>\n<p>L\u00f3pez Obrador agreg\u00f3 que en la pl\u00e1tica le dijo a Musk que si bien no apoyar\u00edan con dinero, M\u00e9xico s\u00ed tiene trabajadores responsables.<\/p>\n<p>\u201cY \u00e9l se r\u00ede y le digo \u2018pero tenemos cosas muy buenas, por ejemplo, la calidad de la fuerza de trabajo\u2019 ahora s\u00ed que casi casi le digo de manera coloquial, \u2018\u00bfen d\u00f3nde los vas agarrar, tan trabajadores y responsables?\u2019\u201d, indic\u00f3.<\/p>\n<p>\u201cY \u00e9l responde \u2018claro\u2019, dice, \u2018son trabajadores, muy buenos, responsables, con \u00e9tica\u2019, me acuerdo que mencion\u00f3\u201d, narr\u00f3 el presidente.<\/p>\n","protected":false},"excerpt":{"rendered":"<p>El presidente Andr\u00e9s Manuel L\u00f3pez Obrador arremeti\u00f3 contra el Departamento de Estado de Estados Unidos tras el informe emitido sobre la situaci\u00f3n de derechos humanos en M\u00e9xico en el que se\u00f1ala que prevalece la impunidad, la corrupci\u00f3n y las agresiones a periodistas.<\/p>\n","protected":false},"author":3,"featured_media":578391,"comment_status":"open","ping_status":"open","sticky":false,"template":"","format":"standard","meta":{"_monsterinsights_skip_tracking":false,"_monsterinsights_sitenote_active":false,"_monsterinsights_sitenote_note":"","_monsterinsights_sitenote_category":0,"footnotes":""},"categories":[3],"tags":[2545,97423,2786,15637],"class_list":["post-578315","post","type-post","status-publish","format-standard","has-post-thumbnail","hentry","category-nacional","tag-amlo","tag-descalifica","tag-eu","tag-informe"],"_links":{"self":[{"href":"https:\/\/www.diarioimagen.net\/index.php?rest_route=\/wp\/v2\/posts\/578315","targetHints":{"allow":["GET"]}}],"collection":[{"href":"https:\/\/www.diarioimagen.net\/index.php?rest_route=\/wp\/v2\/posts"}],"about":[{"href":"https:\/\/www.diarioimagen.net\/index.php?rest_route=\/wp\/v2\/types\/post"}],"author":[{"embeddable":true,"href":"https:\/\/www.diarioimagen.net\/index.php?rest_route=\/wp\/v2\/users\/3"}],"replies":[{"embeddable":true,"href":"https:\/\/www.diarioimagen.net\/index.php?rest_route=%2Fwp%2Fv2%2Fcomments&post=578315"}],"version-history":[{"count":0,"href":"https:\/\/www.diarioimagen.net\/index.php?rest_route=\/wp\/v2\/posts\/578315\/revisions"}],"wp:featuredmedia":[{"embeddable":true,"href":"https:\/\/www.diarioimagen.net\/index.php?rest_route=\/wp\/v2\/media\/578391"}],"wp:attachment":[{"href":"https:\/\/www.diarioimagen.net\/index.php?rest_route=%2Fwp%2Fv2%2Fmedia&parent=578315"}],"wp:term":[{"taxonomy":"category","embeddable":true,"href":"https:\/\/www.diarioimagen.net\/index.php?rest_route=%2Fwp%2Fv2%2Fcategories&post=578315"},{"taxonomy":"post_tag","embeddable":true,"href":"https:\/\/www.diarioimagen.net\/index.php?rest_route=%2Fwp%2Fv2%2Ftags&post=578315"}],"curies":[{"name":"wp","href":"https:\/\/api.w.org\/{rel}","templated":true}]}}