{"id":578510,"date":"2023-03-23T00:01:59","date_gmt":"2023-03-23T06:01:59","guid":{"rendered":"https:\/\/www.diarioimagen.net\/?p=578510"},"modified":"2023-03-23T23:43:11","modified_gmt":"2023-03-24T05:43:11","slug":"refuerzan-trabajos-de-rehabilitacion-en-seis-zonas-arqueologicas-de-quintana-roo","status":"publish","type":"post","link":"https:\/\/www.diarioimagen.net\/?p=578510","title":{"rendered":"Refuerzan trabajos de rehabilitaci\u00f3n en seis zonas arqueol\u00f3gicas de Quintana Roo"},"content":{"rendered":"<p>&nbsp;<\/p>\n<h3 style=\"text-align: center;\">A cargo de Sedena y Fonatur<\/h3>\n<p>&nbsp;<\/p>\n<ul>\n<li><strong><em>Se comprometen a cumplir con metas y fechas de entrega de las obras\u00a0<\/em><\/strong><\/li>\n<\/ul>\n<p><strong>\u00a0<\/strong><\/p>\n<div id=\"attachment_578556\" style=\"width: 470px\" class=\"wp-caption aligncenter\"><a href=\"https:\/\/www.diarioimagen.net\/?attachment_id=578556\" rel=\"attachment wp-att-578556\"><img loading=\"lazy\" decoding=\"async\" aria-describedby=\"caption-attachment-578556\" class=\"size-full wp-image-578556\" src=\"https:\/\/www.diarioimagen.net\/wp-content\/uploads\/2023\/03\/OBRAS01-2.jpg\" alt=\"\" width=\"460\" height=\"270\" \/><\/a><p id=\"caption-attachment-578556\" class=\"wp-caption-text\">El INAH y la Sedena dan seguimiento a las obras de mejoramiento en las seis zonas arqueol\u00f3gicas del programa Promeza.<\/p><\/div>\n<p>&nbsp;<\/p>\n<p><strong>Chetumal.\u2014<\/strong> La Secretar\u00eda de Cultura del gobierno federal, a trav\u00e9s del Instituto Nacional de Antropolog\u00eda e Historia (INAH), sostuvo esta semana dos reuniones con la Secretar\u00eda de la Defensa Nacional (Sedena) para dar seguimiento a las obras de mejoramiento en las seis zonas arqueol\u00f3gicas a cargo de la Sedena y Fonatur en los tramos del territorio de Quintana Roo.<\/p>\n<p>Por indicaciones del director general del INAH, Diego Prieto Hern\u00e1ndez, el director del Centro INAH Quintana Roo, Margarito Molina Rend\u00f3n, acudi\u00f3 a reuni\u00f3n de trabajo el 16 de marzo, con el general Gustavo Ricardo Vallejo Su\u00e1rez, en el campamento militar de Chetumal, en la que se consolidaron compromisos para el cumplimiento de los calendarios de la obra prioritaria del Tren Maya.<\/p>\n<p>Un d\u00eda antes, Molina Rend\u00f3n sostuvo otra reuni\u00f3n con el mayor Jos\u00e9 de Jes\u00fas Cantoral Herrera, en las instalaciones del Centro INAH Quintana Roo, con asistencia de las y los responsables de las zonas arqueol\u00f3gicas de El Meco, Oxtankah, Chacchoben, Kohunlich, Dzibanch\u00e9-Kinichn\u00e1 e Ichkabal.<\/p>\n<p>La Sedena realizar\u00e1 obras de rehabilitaci\u00f3n y construcci\u00f3n de infraestructura el\u00e9ctrica, se\u00f1al\u00e9tica, p\u00f3rticos, \u00e1reas de acceso y descanso, sanitarios, taquillas, librer\u00edas, plantas de tratamiento, senderos, techumbre de monumentos y estacionamientos en estos sitios; adem\u00e1s, suministrar\u00e1 los insumos para la investigaci\u00f3n y conservaci\u00f3n arqueol\u00f3gica.<\/p>\n<p>En cada uno de los seis sitios operan equipos t\u00e9cnicos del INAH, de la Sedena y del Fondo Nacional de Fomento al Turismo para dar seguimiento y cumplir con las metas y fechas de conclusi\u00f3n de las obras.<\/p>\n<p style=\"text-align: center;\"><strong>Promueven cultura Maya entre j\u00f3venes\u00a0<\/strong><\/p>\n<p>El Instituto Nacional de Antropolog\u00eda e Historia (INAH), cre\u00f3 el Museo Maya de Canc\u00fan en 1982, ubicado en la avenida Kukulc\u00e1n de la zona hotelera, el recinto recibe en promedio ocho mil visitas cada mes, destacando la presencia de estudiantes, desde nivel b\u00e1sico hasta superior, a trav\u00e9s del Programa de Visitas Escolares con lo que buscan promover la cultura prehisp\u00e1nica entre los j\u00f3venes.<\/p>\n<p>El fin de semana recibieron a un grupo de estudiantes de la Universidad An\u00e1huac Canc\u00fan, con la gu\u00eda del director del Museo, Carlos Esper\u00f3n Vilchis, por las salas de los tres pabellones que integran la museograf\u00eda.<\/p>\n<p>La visita al Museo Maya de Canc\u00fan comprende el acceso a la contigua zona arqueol\u00f3gica San Miguelito, cuyo recorrido completa una experiencia significativa en torno al patrimonio y la riqueza de los bienes culturales, ya que comprende museograf\u00eda, arqueolog\u00eda, selva y mar, con una panor\u00e1mica privilegiada hacia la Laguna Nichupt\u00e9.<\/p>\n<p>La vinculaci\u00f3n del recinto con los habitantes del municipio Benito Ju\u00e1rez, y el resto del estado, sucede gracias diversos programas de vinculaci\u00f3n; entre ellos, los talleres, los cursos de verano y eventos especiales a lo largo del a\u00f1o.<\/p>\n<p>El Museo Maya de Canc\u00fan alberga una de las colecciones prehisp\u00e1nicas m\u00e1s importantes de Quintana Roo y de otras zonas arqueol\u00f3gicas, como Palenque, en Chiapas; Chich\u00e9n Itz\u00e1, en Yucat\u00e1n; Comalcalco, en Tabasco, entre otras.<\/p>\n<p>Sus instalaciones tienen un dise\u00f1o vanguardista, el cual fue ideado por Alberto Garc\u00eda Lascurain. La arquitectura plantea una integraci\u00f3n armoniosa con el entorno.<\/p>\n","protected":false},"excerpt":{"rendered":"<p>La Secretar\u00eda de Cultura del gobierno federal, a trav\u00e9s del Instituto Nacional de Antropolog\u00eda e Historia (INAH), sostuvo esta semana dos reuniones con la Secretar\u00eda de la Defensa Nacional (Sedena) para dar seguimiento a las obras de mejoramiento en las seis zonas arqueol\u00f3gicas a cargo de la Sedena y Fonatur en los tramos del territorio de Quintana Roo.<\/p>\n","protected":false},"author":3,"featured_media":578556,"comment_status":"open","ping_status":"open","sticky":false,"template":"","format":"standard","meta":{"_monsterinsights_skip_tracking":false,"_monsterinsights_sitenote_active":false,"_monsterinsights_sitenote_note":"","_monsterinsights_sitenote_category":0,"footnotes":""},"categories":[3],"tags":[3895,3353,83811],"class_list":["post-578510","post","type-post","status-publish","format-standard","has-post-thumbnail","hentry","category-nacional","tag-inah","tag-sedena","tag-zonas-arqueologicas"],"_links":{"self":[{"href":"https:\/\/www.diarioimagen.net\/index.php?rest_route=\/wp\/v2\/posts\/578510","targetHints":{"allow":["GET"]}}],"collection":[{"href":"https:\/\/www.diarioimagen.net\/index.php?rest_route=\/wp\/v2\/posts"}],"about":[{"href":"https:\/\/www.diarioimagen.net\/index.php?rest_route=\/wp\/v2\/types\/post"}],"author":[{"embeddable":true,"href":"https:\/\/www.diarioimagen.net\/index.php?rest_route=\/wp\/v2\/users\/3"}],"replies":[{"embeddable":true,"href":"https:\/\/www.diarioimagen.net\/index.php?rest_route=%2Fwp%2Fv2%2Fcomments&post=578510"}],"version-history":[{"count":0,"href":"https:\/\/www.diarioimagen.net\/index.php?rest_route=\/wp\/v2\/posts\/578510\/revisions"}],"wp:featuredmedia":[{"embeddable":true,"href":"https:\/\/www.diarioimagen.net\/index.php?rest_route=\/wp\/v2\/media\/578556"}],"wp:attachment":[{"href":"https:\/\/www.diarioimagen.net\/index.php?rest_route=%2Fwp%2Fv2%2Fmedia&parent=578510"}],"wp:term":[{"taxonomy":"category","embeddable":true,"href":"https:\/\/www.diarioimagen.net\/index.php?rest_route=%2Fwp%2Fv2%2Fcategories&post=578510"},{"taxonomy":"post_tag","embeddable":true,"href":"https:\/\/www.diarioimagen.net\/index.php?rest_route=%2Fwp%2Fv2%2Ftags&post=578510"}],"curies":[{"name":"wp","href":"https:\/\/api.w.org\/{rel}","templated":true}]}}