{"id":578513,"date":"2023-03-23T00:02:04","date_gmt":"2023-03-23T06:02:04","guid":{"rendered":"https:\/\/www.diarioimagen.net\/?p=578513"},"modified":"2023-03-23T01:17:48","modified_gmt":"2023-03-23T07:17:48","slug":"en-mexico-ya-no-hay-masacres-ni-tortura-afirma-lopez-obrador","status":"publish","type":"post","link":"https:\/\/www.diarioimagen.net\/?p=578513","title":{"rendered":"En M\u00e9xico ya no hay masacres, ni tortura, afirma L\u00f3pez Obrador"},"content":{"rendered":"<p>&nbsp;<\/p>\n<h3 style=\"text-align: center;\">Arremete nuevamente contra el Departamento de Estado<\/h3>\n<p>&nbsp;<\/p>\n<ul>\n<li><strong><em>C\u00e1rteles de la droga \u201ccontrolan\u201d partes del pa\u00eds, reconoce Antony Blinken<\/em><\/strong><\/li>\n<\/ul>\n<p>&nbsp;<\/p>\n<div id=\"attachment_578532\" style=\"width: 470px\" class=\"wp-caption aligncenter\"><a href=\"https:\/\/www.diarioimagen.net\/?attachment_id=578532\" rel=\"attachment wp-att-578532\"><img loading=\"lazy\" decoding=\"async\" aria-describedby=\"caption-attachment-578532\" class=\"size-full wp-image-578532\" src=\"https:\/\/www.diarioimagen.net\/wp-content\/uploads\/2023\/03\/amlo-11.jpg\" alt=\"\" width=\"460\" height=\"270\" \/><\/a><p id=\"caption-attachment-578532\" class=\"wp-caption-text\">El presidente Andr\u00e9s Manuel L\u00f3pez Obrador acus\u00f3 al Departamento de Estado de ser una instancia encargada de defender el conservadurismo en el mundo.<\/p><\/div>\n<p>&nbsp;<\/p>\n<p>En una nueva arremetida contra el Departamento de Estado de Estados Unidos por su reporte de derechos humanos en M\u00e9xico, el presidente Andr\u00e9s Manuel L\u00f3pez Obrador sostuvo que el informe \u201ces un bodrio\u201d, son puras calumnias que no se sostienen.<\/p>\n<p>Insisti\u00f3 en que estas cr\u00edticas no representan a todo el gobierno del mandatario estadounidense, Joe Biden o de otros legisladores que han visitado M\u00e9xico recientemente en t\u00e9rminos respetuosos. Incluso, dijo que en realidad el documento est\u00e1 elaborado \u201cpor un departamentito dentro del Departamento de Estado\u201d. Durante su ma\u00f1anera de este mi\u00e9rcoles, destac\u00f3 el encuentro que sostuvo la v\u00edspera con el enviado especial del gobierno estadounidense para el cambio clim\u00e1tico, John Kerry, que contrasta con la postura del Departamento de Estado que no cambian. \u201cEs una pol\u00edtica a\u00f1eja, anacr\u00f3nica, de querer meterse en la vida p\u00fablica de otros pa\u00edses, \u00bfcon qu\u00e9 derecho? es una violaci\u00f3n flagrante al derecho internacional. \u00bfPor qu\u00e9 tienen que intervenir?\u201d.<\/p>\n<p>Acus\u00f3 al Departamento de Estado de ser en realidad una instancia encargada de defender el conservadurismo en el mundo, \u201cesa es su funci\u00f3n\u201d. Cuestion\u00f3 que, como antes, algunos integrantes del conservadurismo mexicano acudan a Estados Unidos para presentar sus quejas. \u201cSi ven el informe del departamentito del Departamento de Estado. Es un bodrio. Hay que revisar el diccionario. Dicen seg\u00fan expertos se presume, se se\u00f1ala. No hay sustento, utilizan la calumnia, en el departamentito del Departamento de Estado. Pueden contestarme lo que quieran pero no tienen pruebas, son calumniadores, mentirosos\u201d. Afirm\u00f3 que en M\u00e9xico ya no se tortura como antes, cuando ellos se quedaban callados, nunca dec\u00edan nada. En M\u00e9xico no hay masacres, en M\u00e9xico el Estado ha dejado de ser el principal violador de derechos humanos. Se garantiza la libertad de expresi\u00f3n\u201d.<\/p>\n<p>Sin mediar pregunta, al inicio de su conferencia, hizo una amplia exposici\u00f3n sobre la pol\u00e9mica que ha surgido entre su gobierno y el Departamento de Estado. \u201cLo \u00fanico que hacen con eso es exhibirse, hacer el rid\u00edculo Si no fuese un asunto tan importante causar\u00eda risa. Pero es muy buena la pol\u00e9mica, porque antes ellos certificaban de manera unilateral\u201d.<\/p>\n<p>Lament\u00f3 adem\u00e1s que haya mucha manipulaci\u00f3n informativa en Estados Unidos y se reivindique que como ya sali\u00f3 en The New York Times o The Washington Post ya es importante. Censur\u00f3 que la manipulaci\u00f3n medi\u00e1tica haya permeado al punto de que un importante sector de la poblaci\u00f3n estadounidense, seg\u00fan una encuesta, considere que el fentanilo lo llevan los migrantes. O bien que toda esta droga qu\u00edmica proviene de M\u00e9xico cuando mucho del fentanilo que se consume en la Uni\u00f3n Americana llega de Asia directamente o a trav\u00e9s de Canad\u00e1. Indic\u00f3 que 85 por ciento de los detenidos en Estados Unidos por la distribuci\u00f3n de fentanilo all\u00e1 son de origen estadounidense.<\/p>\n<p style=\"text-align: center;\"><strong>C\u00e1rteles de la droga \u201ccontrolan\u201d partes de<br \/>\nM\u00e9xico, dice secretario de Estado de EU<\/strong><\/p>\n<p>Mientras tanto, el secretario de Estado de Estados Unidos, Antony Blinken, reconoci\u00f3 este mi\u00e9rcoles que los c\u00e1rteles mexicanos de la droga controlan \u201cpartes\u201d del territorio en M\u00e9xico y que se \u201cnecesita hacer m\u00e1s\u201d en la lucha contra el fentanilo, pero consider\u00f3 que designar \u201cterroristas\u201d a los narcos mexicanos no ayudar\u00eda. En una comparecencia ante el Comit\u00e9 de Relaciones Exteriores del Senado sobre el presupuesto, Blinken fue duramente increpado por el senador Lindsey Graham, quien se muestra favorable a designar terroristas a los c\u00e1rteles mexicanos de las drogas para poder utilizar a las Fuerzas Armadas de Estados Unidos.<\/p>\n<p>\u201c\u00bfHay lugares en M\u00e9xico en los que el gobierno no tiene control?\u201d, pregunt\u00f3 Graham, a lo que Blinken respondi\u00f3: \u201cUsted puede ver un nivel de seguridad significativo en varios lugares\u201d.<\/p>\n<p>\u201cMi pregunta es: \u00bflos c\u00e1rteles de la droga controlan partes de M\u00e9xico?\u201d. Blinken dijo: \u201cCreo que es justo decir que s\u00ed\u201d.<\/p>\n<p>Graham se refiri\u00f3 entonces al tema del fentanilo y resalt\u00f3 que est\u00e1 \u201cmatando a decenas de miles de estadounidenses\u201d. Pregunt\u00f3 a Blinken si concordaba y el secretario de Estado respondi\u00f3 que \u201cs\u00ed, y tambi\u00e9n est\u00e1 matando a mexicanos\u201d.<\/p>\n<p>\u201c\u00bfCree que nuestras pol\u00edticas hacia los c\u00e1rteles, en el combate al fentanilo, est\u00e1n funcionando?\u201d, increp\u00f3 Graham.<\/p>\n<p>Destaca coordinaci\u00f3n con M\u00e9xico en combate al fentanilo, pero ve necesario hacer m\u00e1s<\/p>\n<p>\u201cNecesitan hacer m\u00e1s, necesitamos ser m\u00e1s efectivos\u201d, indic\u00f3 el secretario de Estado.<\/p>\n","protected":false},"excerpt":{"rendered":"<p>En una nueva arremetida contra el Departamento de Estado de Estados Unidos por su reporte de derechos humanos en M\u00e9xico, el presidente Andr\u00e9s Manuel L\u00f3pez Obrador sostuvo que el informe \u201ces un bodrio\u201d, son puras calumnias que no se sostienen.<\/p>\n","protected":false},"author":3,"featured_media":578532,"comment_status":"open","ping_status":"open","sticky":false,"template":"","format":"standard","meta":{"_monsterinsights_skip_tracking":false,"_monsterinsights_sitenote_active":false,"_monsterinsights_sitenote_note":"","_monsterinsights_sitenote_category":0,"footnotes":""},"categories":[3],"tags":[95370,97081,43679,43673,7615],"class_list":["post-578513","post","type-post","status-publish","format-standard","has-post-thumbnail","hentry","category-nacional","tag-antony-blinken","tag-masacres","tag-mundo","tag-nacional","tag-tortura"],"_links":{"self":[{"href":"https:\/\/www.diarioimagen.net\/index.php?rest_route=\/wp\/v2\/posts\/578513","targetHints":{"allow":["GET"]}}],"collection":[{"href":"https:\/\/www.diarioimagen.net\/index.php?rest_route=\/wp\/v2\/posts"}],"about":[{"href":"https:\/\/www.diarioimagen.net\/index.php?rest_route=\/wp\/v2\/types\/post"}],"author":[{"embeddable":true,"href":"https:\/\/www.diarioimagen.net\/index.php?rest_route=\/wp\/v2\/users\/3"}],"replies":[{"embeddable":true,"href":"https:\/\/www.diarioimagen.net\/index.php?rest_route=%2Fwp%2Fv2%2Fcomments&post=578513"}],"version-history":[{"count":0,"href":"https:\/\/www.diarioimagen.net\/index.php?rest_route=\/wp\/v2\/posts\/578513\/revisions"}],"wp:featuredmedia":[{"embeddable":true,"href":"https:\/\/www.diarioimagen.net\/index.php?rest_route=\/wp\/v2\/media\/578532"}],"wp:attachment":[{"href":"https:\/\/www.diarioimagen.net\/index.php?rest_route=%2Fwp%2Fv2%2Fmedia&parent=578513"}],"wp:term":[{"taxonomy":"category","embeddable":true,"href":"https:\/\/www.diarioimagen.net\/index.php?rest_route=%2Fwp%2Fv2%2Fcategories&post=578513"},{"taxonomy":"post_tag","embeddable":true,"href":"https:\/\/www.diarioimagen.net\/index.php?rest_route=%2Fwp%2Fv2%2Ftags&post=578513"}],"curies":[{"name":"wp","href":"https:\/\/api.w.org\/{rel}","templated":true}]}}