{"id":578735,"date":"2023-03-24T00:01:43","date_gmt":"2023-03-24T06:01:43","guid":{"rendered":"https:\/\/www.diarioimagen.net\/?p=578735"},"modified":"2023-03-24T03:24:27","modified_gmt":"2023-03-24T09:24:27","slug":"el-departamentito","status":"publish","type":"post","link":"https:\/\/www.diarioimagen.net\/?p=578735","title":{"rendered":"El \u201cdepartamentito\u201d"},"content":{"rendered":"<h2>De pe a pa<\/h2>\n<h5>Alberto Vieyra G.<\/h5>\n<p>&nbsp;<\/p>\n<p>El \u201cdepartamentito\u201dsolamente sirve para proteger al conservadurismo en Estados Unidos, Latinoam\u00e9rica, el Caribe y el mundo, es el autor del \u201cbodrio\u201d en el que se afirma que en\u00a0M\u00e9xico\u00a0reina la impunidad, se violan los derechos humanos y se ataca a periodistas y activistas. \u00bfUn bodrio, el \u201cdepartamentito\u201d? Si nos atenemos al t\u00e9rmino <em>bodrio<\/em>, lo que AMLO dijo es que el Departamento de Estado Norteamericano es una instituci\u00f3n de mala calidad, mal hecha, de mal gusto, anacr\u00f3nica o aburrida.\u00a0 Con semejante visi\u00f3n miope, AMLO arremeti\u00f3 con todo su odio contra el \u201cdepartamentito\u201d que tiene informaci\u00f3n privilegiada de los gobiernos y de todo lo que ocurre en las naciones de todo el mundo, sin faltar M\u00e9xico que todos los d\u00edas figura en los reportes que entrega la embajada norteamericana aqu\u00ed y que las agencias de inteligencia norteamericana rinden all\u00e1, en Estados Unidos.<\/p>\n<p>S\u00ed, AMLO ya comenz\u00f3 a mandar al diablo a las instituciones norteamericanas, como prometi\u00f3 hacerlo de las instituciones de M\u00e9xico. \u00bfO que no lo dijo muy claro que \u201ca las instituciones hay que mandarlas al diablo\u201d?<\/p>\n<p>Lo que AMLO no sabe es que los norteamericanos tienen toda la confianza en sus instituciones, a diferencia de los mexicanos que siempre dudan, ya sea porque en las instituciones impera la corrupci\u00f3n o porque algunos politicastros se esmeran en destruirlas ante la opini\u00f3n p\u00fablica.<\/p>\n<p>Recordar\u00e9\u00a0 que en el a\u00f1o 2000, el dem\u00f3crata Al Gore hab\u00eda ganado las elecciones presidenciales en Estados Unidos por el voto popular, pero los votos en el antidemocr\u00e1tico Colegio Electoral favorecieron a George W. Bush y aunque el asunto lleg\u00f3 hasta la Corte Suprema que fue la que finalmente valido el proceso electoral yanqui, no hubo ning\u00fan conflicto postelectoral, pues los <em>gringos<\/em> confiaron plenamente en sus instituciones, algo que no hizo AMLO en el 2006, declar\u00e1ndose <em>presidente leg\u00edtimo de M\u00e9xico<\/em>, despu\u00e9s de que el INE valid\u00f3 los comicios presidenciales en favor de Felipe Calder\u00f3n. AMLO se dedic\u00f3 a crear como un aut\u00e9ntico renegado pol\u00edtico un conflicto cerrando las principales calles en la Ciudad de M\u00e9xico.<\/p>\n<p>Pero, est\u00e1bamos en el asunto del \u201cdepartamentito\u201d. Sobre este infame calificativo dado por AMLO al Departamento de Estado norteamericano los <em>gringos<\/em> no han dicho nada, pero seguramente que se la guardar\u00e1n. No faltar\u00e1 alguien que se la cobre al inquilino de Palacio Nacional llam\u00e1ndole \u201cpresidentito de M\u00e9xico\u201d.<\/p>\n<p>No, que \u201cdepartamentito\u201d, ni qu\u00e9 ocho cuartos. El Departamento de Estado cuenta con la informaci\u00f3n que AMLO no quiere que se divulgue, no le gusta bailar ese vals que habla de los c\u00e1rteles criminales de la droga que dominan m\u00e1s de la mitad del territorio nacional como lo revel\u00f3 el mero mero del comando norte o el secretario de Estado, Antony Blinken, al comparecer ante el Senado para entregar justamente el abultado y tenebroso informe sobre M\u00e9xico en el que se habla de secuestros como el ocurrido a los norteamericanos en Nuevo Laredo, Tamaulipas; en donde se f\u00e1brica el fentanilo que ha matado a m\u00e1s de 107 mil norteamericanos y tambi\u00e9n a miles de mexicanos, pero tambi\u00e9n el informe habla sobre los movimientos de los malvados del crimen organizado y sus macabras matanzas o masacres.<\/p>\n<p>AMLO enfurecido responde que en M\u00e9xico no hay masacres. Y los norteamericanos y mexicanos se preguntan: \u00bfQu\u00e9 son entonces esas matanzas multitudinarias, una fiesta de las balas y no de los abrazos? \u00bfC\u00f3mo se les llama a esas matanzas en sencillo castellano?\u00a0 No, mire usted AMLO quiere tapar el sol con un dedo y al escalar su pleito con congresistas norteamericanos y ahora con el \u201cdepartamentito\u201d de Estado, podr\u00eda estar cavando su tumba pol\u00edtica y la de su partido en las pr\u00f3ximas elecciones presidenciales con un discurso de patriotero rampl\u00f3n. \u00a1Qu\u00e9 peligroso!<\/p>\n<p><em><a href=\"mailto:info@agenciamn.com\" target=\"_blank\" rel=\"noopener noreferrer\">info@agenciamn.com<\/a><\/em><\/p>\n","protected":false},"excerpt":{"rendered":"<p><span style=\"color: #005497;\"><strong>Alberto Vieyra G.<\/strong><\/span><\/p>\n","protected":false},"author":3,"featured_media":0,"comment_status":"open","ping_status":"open","sticky":false,"template":"","format":"standard","meta":{"_monsterinsights_skip_tracking":false,"_monsterinsights_sitenote_active":false,"_monsterinsights_sitenote_note":"","_monsterinsights_sitenote_category":0,"footnotes":""},"categories":[4596],"tags":[43697,4597,43674],"class_list":["post-578735","post","type-post","status-publish","format-standard","hentry","category-alberto-vieyra-g","tag-alberto-vieyra-g","tag-de-pe-a-pa","tag-opinion"],"_links":{"self":[{"href":"https:\/\/www.diarioimagen.net\/index.php?rest_route=\/wp\/v2\/posts\/578735","targetHints":{"allow":["GET"]}}],"collection":[{"href":"https:\/\/www.diarioimagen.net\/index.php?rest_route=\/wp\/v2\/posts"}],"about":[{"href":"https:\/\/www.diarioimagen.net\/index.php?rest_route=\/wp\/v2\/types\/post"}],"author":[{"embeddable":true,"href":"https:\/\/www.diarioimagen.net\/index.php?rest_route=\/wp\/v2\/users\/3"}],"replies":[{"embeddable":true,"href":"https:\/\/www.diarioimagen.net\/index.php?rest_route=%2Fwp%2Fv2%2Fcomments&post=578735"}],"version-history":[{"count":0,"href":"https:\/\/www.diarioimagen.net\/index.php?rest_route=\/wp\/v2\/posts\/578735\/revisions"}],"wp:attachment":[{"href":"https:\/\/www.diarioimagen.net\/index.php?rest_route=%2Fwp%2Fv2%2Fmedia&parent=578735"}],"wp:term":[{"taxonomy":"category","embeddable":true,"href":"https:\/\/www.diarioimagen.net\/index.php?rest_route=%2Fwp%2Fv2%2Fcategories&post=578735"},{"taxonomy":"post_tag","embeddable":true,"href":"https:\/\/www.diarioimagen.net\/index.php?rest_route=%2Fwp%2Fv2%2Ftags&post=578735"}],"curies":[{"name":"wp","href":"https:\/\/api.w.org\/{rel}","templated":true}]}}