{"id":578796,"date":"2023-03-27T00:05:10","date_gmt":"2023-03-27T06:05:10","guid":{"rendered":"https:\/\/www.diarioimagen.net\/?p=578796"},"modified":"2023-03-27T23:55:29","modified_gmt":"2023-03-28T05:55:29","slug":"entregan-beca-de-ciencia-edomex-a-estudiantes-de-la-uaemex","status":"publish","type":"post","link":"https:\/\/www.diarioimagen.net\/?p=578796","title":{"rendered":"Entregan Beca de Ciencia Edom\u00e9x a estudiantes de la UAEM\u00e9x"},"content":{"rendered":"<p><em>\u00a0<\/em><\/p>\n<ul>\n<li><strong><em>Para hacerse acreedores al est\u00edmulo, deben tener un m\u00ednimo de 8.0 puntos de promedio y cursar los dos primeros a\u00f1os de la licenciatura<\/em><\/strong><\/li>\n<\/ul>\n<p><strong>\u00a0<\/strong><\/p>\n<div id=\"attachment_578893\" style=\"width: 470px\" class=\"wp-caption aligncenter\"><a href=\"https:\/\/www.diarioimagen.net\/?attachment_id=578893\" rel=\"attachment wp-att-578893\"><img loading=\"lazy\" decoding=\"async\" aria-describedby=\"caption-attachment-578893\" class=\"size-full wp-image-578893\" src=\"https:\/\/www.diarioimagen.net\/wp-content\/uploads\/2023\/03\/uaem-entregan-beca.jpg\" alt=\"\" width=\"460\" height=\"270\" \/><\/a><p id=\"caption-attachment-578893\" class=\"wp-caption-text\">Cinco mil 224 estudiantes de la UAEM\u00e9x fueron beneficiados con la Beca Ciencia Edom\u00e9x.<\/p><\/div>\n<p>&nbsp;<\/p>\n<p><strong>Toluca, Estado de M\u00e9xico.\u2013<\/strong> Por su calidad acad\u00e9mica, cinco mil 224 estudiantes de licenciatura de la Universidad Aut\u00f3noma del Estado de M\u00e9xico (UAEM\u00e9x) recibieron, en el Aula Magna \u201cLic. Adolfo L\u00f3pez Mateos\u201d del Edificio de Rector\u00eda, la Beca de Ciencia Edom\u00e9x que otorga el gobierno mexiquense, a trav\u00e9s del Consejo Mexiquense de Ciencia y Tecnolog\u00eda (COMECyT), acto que encabez\u00f3 el rector Carlos Eduardo Barrera D\u00edaz.<\/p>\n<p>Acompa\u00f1ado del director general del COMECyT, Bernardo Jorge Almaraz Calder\u00f3n, el rector Barrera D\u00edaz afirm\u00f3 que la beca es un reconocimiento al esfuerzo, constancia y disciplina acad\u00e9mica de los beneficiados, para que tengan una mejor formaci\u00f3n y trayectoria, que en el futuro les va a abrir puertas de oportunidades laborales y profesionales.<\/p>\n<p>\u201cSe trata de un impulso innovador orientado a incentivar la formaci\u00f3n de los profesionales que requiere el desarrollo de nuestro estado y que contribuye a consolidar la formaci\u00f3n de las y los estudiantes que cursan un periodo efectivo en la mejor universidad p\u00fablica estatal de M\u00e9xico\u201d, expres\u00f3.<\/p>\n<p>Barrera D\u00edaz agradeci\u00f3 la colaboraci\u00f3n, apoyo y compromiso del gobierno estatal y del COMECyT, por asumir la responsabilidad de formar con calidad a j\u00f3venes entusiastas y con deseos de superaci\u00f3n como es la comunidad estudiantil de la UAEM\u00e9x.<\/p>\n<p>En su oportunidad, Almaraz Calder\u00f3n explic\u00f3 que para esta tercera edici\u00f3n de las Becas de Ciencia Edom\u00e9x, los beneficiarios de la UAEM\u00e9x representan 37.3 por ciento de los 14 mil est\u00edmulos entregados en toda la entidad.<\/p>\n<p>Refiri\u00f3 que los cinco mil 224 estudiantes becados est\u00e1n distribuidos en 40 espacios acad\u00e9micos de toda la UAEM\u00e9x y su formaci\u00f3n es diversa.<\/p>\n<p>Almaraz Calder\u00f3n indic\u00f3 que la beca est\u00e1 enfocada a apoyar a los estudiantes de licenciatura que cursan los dos primeros a\u00f1os de la carrera, ya que seg\u00fan las cifras oficiales se ha detectado mayor deserci\u00f3n durante este periodo y con mayor intensidad a partir de la pandemia de Covid-19.<\/p>\n<p>\u201cSi logramos que alumnos como ustedes se mantengan en la universidad durante los dos primeros a\u00f1os de la carrera, pr\u00e1cticamente estamos garantizado que la concluyan y que lleguen a buen t\u00e9rmino\u201d, dijo.<\/p>\n<p>La Beca Ciencia Edom\u00e9x es un est\u00edmulo econ\u00f3mico que en esta edici\u00f3n equivale a tres mil pesos bimestrales y se otorga a estudiantes que tienen y mantienen un promedio m\u00ednimo de 8.0 puntos durante los dos primeros a\u00f1os de su carrera, tiempo en que son considerados como beneficiarios.<\/p>\n<p>A la entrega de la Beca de Ciencia Edom\u00e9x acudieron comunidad estudiantil de las facultades de Econom\u00eda, Geograf\u00eda, Ingenier\u00eda, Medicina, Odontolog\u00eda, Planeaci\u00f3n Urbana y Regional, Qu\u00edmica y Contadur\u00eda y Administraci\u00f3n.<\/p>\n<p>En el acto estuvieron presentes integrantes del gabinete universitario, directores de los espacios acad\u00e9micos antes referidos, as\u00ed como integrantes del COMECyT.<\/p>\n","protected":false},"excerpt":{"rendered":"<p>Por su calidad acad\u00e9mica, cinco mil 224 estudiantes de licenciatura de la Universidad Aut\u00f3noma del Estado de M\u00e9xico (UAEM\u00e9x) recibieron, en el Aula Magna \u201cLic. Adolfo L\u00f3pez Mateos\u201d del Edificio de Rector\u00eda, la Beca de Ciencia Edom\u00e9x que otorga el gobierno mexiquense, a trav\u00e9s del Consejo Mexiquense de Ciencia y Tecnolog\u00eda (COMECyT), acto que encabez\u00f3 el rector Carlos Eduardo Barrera D\u00edaz.<\/p>\n","protected":false},"author":3,"featured_media":578893,"comment_status":"open","ping_status":"open","sticky":false,"template":"","format":"standard","meta":{"_monsterinsights_skip_tracking":false,"_monsterinsights_sitenote_active":false,"_monsterinsights_sitenote_note":"","_monsterinsights_sitenote_category":0,"footnotes":""},"categories":[5],"tags":[91817,43675,452,67878],"class_list":["post-578796","post","type-post","status-publish","format-standard","has-post-thumbnail","hentry","category-estado-de-mexico","tag-edificio-de-rectoria","tag-estado-de-mexico","tag-toluca","tag-uaemex"],"_links":{"self":[{"href":"https:\/\/www.diarioimagen.net\/index.php?rest_route=\/wp\/v2\/posts\/578796","targetHints":{"allow":["GET"]}}],"collection":[{"href":"https:\/\/www.diarioimagen.net\/index.php?rest_route=\/wp\/v2\/posts"}],"about":[{"href":"https:\/\/www.diarioimagen.net\/index.php?rest_route=\/wp\/v2\/types\/post"}],"author":[{"embeddable":true,"href":"https:\/\/www.diarioimagen.net\/index.php?rest_route=\/wp\/v2\/users\/3"}],"replies":[{"embeddable":true,"href":"https:\/\/www.diarioimagen.net\/index.php?rest_route=%2Fwp%2Fv2%2Fcomments&post=578796"}],"version-history":[{"count":0,"href":"https:\/\/www.diarioimagen.net\/index.php?rest_route=\/wp\/v2\/posts\/578796\/revisions"}],"wp:featuredmedia":[{"embeddable":true,"href":"https:\/\/www.diarioimagen.net\/index.php?rest_route=\/wp\/v2\/media\/578893"}],"wp:attachment":[{"href":"https:\/\/www.diarioimagen.net\/index.php?rest_route=%2Fwp%2Fv2%2Fmedia&parent=578796"}],"wp:term":[{"taxonomy":"category","embeddable":true,"href":"https:\/\/www.diarioimagen.net\/index.php?rest_route=%2Fwp%2Fv2%2Fcategories&post=578796"},{"taxonomy":"post_tag","embeddable":true,"href":"https:\/\/www.diarioimagen.net\/index.php?rest_route=%2Fwp%2Fv2%2Ftags&post=578796"}],"curies":[{"name":"wp","href":"https:\/\/api.w.org\/{rel}","templated":true}]}}