{"id":578849,"date":"2023-03-27T00:13:50","date_gmt":"2023-03-27T06:13:50","guid":{"rendered":"https:\/\/www.diarioimagen.net\/?p=578849"},"modified":"2023-03-26T23:20:43","modified_gmt":"2023-03-27T05:20:43","slug":"narcoterritorio","status":"publish","type":"post","link":"https:\/\/www.diarioimagen.net\/?p=578849","title":{"rendered":"Narcoterritorio"},"content":{"rendered":"<h2>Se comenta s\u00f3lo con\u2026<\/h2>\n<h5>Carlos Ramos Padilla*<\/h5>\n<p>&nbsp;<\/p>\n<p>Antony Blinken, secretario de Estado de Estados Unidos, afirm\u00f3 contundente, durante una comparecencia ante el Comit\u00e9 de Relaciones Exteriores del Senado estadounidense, que los narcotraficantes controlan \u201cpartes\u201d del territorio en M\u00e9xico.<\/p>\n<p>Lo se\u00f1al\u00f3, aparentemente, sin considerar la creciente tensi\u00f3n entre M\u00e9xico y Estados Unidos. Sobre el fentanilo se\u00f1al\u00f3\u00a0que este t\u00f3xico est\u00e1 \u201cmatando a decenas de miles de estadounidenses y tambi\u00e9n est\u00e1 matando a mexicanos\u201d,\u00a0considerando que es \u201cun problema que va en aumento\u201d.<\/p>\n<p>El senador estadounidense fue m\u00e1s all\u00e1, subray\u00f3 que el gobierno de AMLO \u201cha arrestado durante el \u00faltimo a\u00f1o a docenas de l\u00edderes de organizaciones criminales\u201d y ha desmantelado laboratorios de fabricaci\u00f3n de fentanilo con la \u201casistencia\u201d, enfatiz\u00f3, de Estados Unidos. M\u00e9xico, dijo, ha incautado \u201ccantidades r\u00e9cord\u201d de fentanilo y admiti\u00f3 que todav\u00eda hay una producci\u00f3n muy elevada de esta droga que provoca miles de muertes por sobredosis cada a\u00f1o en el vecino pa\u00eds.<\/p>\n<p>La Unidad de Inteligencia Financiera de Estados Unidos trabaja vinculada con la mexicana para \u201cdesmantelar las redes\u201d econ\u00f3micas del narcotr\u00e1fico. Este tipo de argumentos se han generado cuando se dio a conocer el secuestro de cuatro estadounidenses en Matamoros con dos de estos asesinados.<\/p>\n<p>La indiferencia de AMLO al tema elev\u00f3 el tono de los pol\u00edticos estadounidenses. Desde el interior de la Casa Blanca se ha sugerido que M\u00e9xico tendr\u00eda que mostrar m\u00e1s empe\u00f1o en el combate al narcotr\u00e1fico,incluso legisladores de la oposici\u00f3n republicana han solicitado declarar a los c\u00e1rteles mexicanos como terroristas y eventualmente intervenir con agentes armados en nuestro pa\u00eds.<\/p>\n<p>El gobierno de AMLO, a trav\u00e9s de la Secretar\u00eda de Relaciones Exteriores, ha determinado que habr\u00e1 de defender la soberan\u00eda nacional y considera injerencista una intervenci\u00f3n armada en nuestro territorio, pero a\u00fan as\u00ed no cambia su estrategia de \u201cabrazos, no balazos\u201d, ni en casi cinco a\u00f1os ha disminuido el grado de violencia que ha consumido la vida de miles de personas.<\/p>\n<p>All\u00e1 del otro lado ocupa y preocupa sobremanera la alt\u00edsima posibilidad de que el crimen organizado intervenga directamente en los procesos electorales y por ello se sabe que la DEA conserva investigaciones serias y profundas sobre pol\u00edticos mexicanos en activo que se han visto favorecidos con cargos p\u00fablicos de alto nivel. Con Blinken, no es la primera ocasi\u00f3n que parte importante de miembros del ejecutivo y legislativo pretendan intervenir en M\u00e9xico ante un evidente vac\u00edo en la estrategia de seguridad nacional.<\/p>\n<p><a href=\"https:\/\/twitter.com\/cramospadilla?ref_src=twsrc%5Egoogle%7Ctwcamp%5Eserp%7Ctwgr%5Eauthor\" target=\"_blank\" rel=\"noopener\"><em>@cramospadilla<\/em><\/a><\/p>\n<blockquote><p><em>* Conductor del programa <strong>Va en serio<\/strong>, Mexiquense TV Canal 34.2, IZZI Canal 135 y Mexiquense Radio.<\/em><\/p><\/blockquote>\n","protected":false},"excerpt":{"rendered":"<p><span style=\"color: #005497;\"><strong>Carlos Ramos Padilla<\/strong><\/span><\/p>\n","protected":false},"author":3,"featured_media":0,"comment_status":"open","ping_status":"open","sticky":false,"template":"","format":"standard","meta":{"_monsterinsights_skip_tracking":false,"_monsterinsights_sitenote_active":false,"_monsterinsights_sitenote_note":"","_monsterinsights_sitenote_category":0,"footnotes":""},"categories":[97109],"tags":[97108,43674,97107],"class_list":["post-578849","post","type-post","status-publish","format-standard","hentry","category-carlos-ramos-padilla","tag-carlos-ramos-padilla","tag-opinion","tag-se-comenta-solo-con"],"_links":{"self":[{"href":"https:\/\/www.diarioimagen.net\/index.php?rest_route=\/wp\/v2\/posts\/578849","targetHints":{"allow":["GET"]}}],"collection":[{"href":"https:\/\/www.diarioimagen.net\/index.php?rest_route=\/wp\/v2\/posts"}],"about":[{"href":"https:\/\/www.diarioimagen.net\/index.php?rest_route=\/wp\/v2\/types\/post"}],"author":[{"embeddable":true,"href":"https:\/\/www.diarioimagen.net\/index.php?rest_route=\/wp\/v2\/users\/3"}],"replies":[{"embeddable":true,"href":"https:\/\/www.diarioimagen.net\/index.php?rest_route=%2Fwp%2Fv2%2Fcomments&post=578849"}],"version-history":[{"count":0,"href":"https:\/\/www.diarioimagen.net\/index.php?rest_route=\/wp\/v2\/posts\/578849\/revisions"}],"wp:attachment":[{"href":"https:\/\/www.diarioimagen.net\/index.php?rest_route=%2Fwp%2Fv2%2Fmedia&parent=578849"}],"wp:term":[{"taxonomy":"category","embeddable":true,"href":"https:\/\/www.diarioimagen.net\/index.php?rest_route=%2Fwp%2Fv2%2Fcategories&post=578849"},{"taxonomy":"post_tag","embeddable":true,"href":"https:\/\/www.diarioimagen.net\/index.php?rest_route=%2Fwp%2Fv2%2Ftags&post=578849"}],"curies":[{"name":"wp","href":"https:\/\/api.w.org\/{rel}","templated":true}]}}