{"id":578859,"date":"2023-03-27T00:04:48","date_gmt":"2023-03-27T06:04:48","guid":{"rendered":"https:\/\/www.diarioimagen.net\/?p=578859"},"modified":"2023-03-26T23:33:01","modified_gmt":"2023-03-27T05:33:01","slug":"equilibro-de-poderes","status":"publish","type":"post","link":"https:\/\/www.diarioimagen.net\/?p=578859","title":{"rendered":"Equilibro de poderes"},"content":{"rendered":"<h2>Desde el portal<\/h2>\n<h5>\u00c1ngel Soriano<\/h5>\n<p>&nbsp;<\/p>\n<p>Aunque el Poder Judicial \u2014\u201cfaccioso y corrupto\u201d, seg\u00fan AMLO\u2014, fren\u00f3 la aplicaci\u00f3n de la reforma electoral, es una decisi\u00f3n que la sociedad valora como un real balanceo de poder, de la existencia real de un equilibrio de poderes para revisarse las reformas que considera son lesivas al pueblo mexicano, en este caso a los derechos humanos y pol\u00edticos.<\/p>\n<p>Sin embargo, la visi\u00f3n del ministro Javier Laynez, no es del todo acertada, puesto que el prop\u00f3sito de la reforma electoral siempre ha sido terminar con la burocracia dorada del INE, que maneja un colosal presupuesto en \u00e9pocas electoral y no electorales, por encima de las carencias en salud, educaci\u00f3n y empleo que padece la poblaci\u00f3n.<\/p>\n<p>Limitar los extravagantes lujos de los consejeros electorales y del derroche millonario de los gerentes de los partidos pol\u00edticos, no es de ninguna manera un atentado a los derechos pol\u00edticos de la poblaci\u00f3n, porque se ha documentado el saqueo del presupuesto v\u00eda vi\u00e1ticos, salarios, comisiones y \u201cgastos varios\u201d de los funcionarios de alto rango.<\/p>\n<p>El equilibrio de poderes \u2014Ejecutivo, Legislativo y Judicial\u2014 permitir\u00e1 transparentar los recursos de la Naci\u00f3n destinado a la pr\u00e1ctica de la democracia, pero de ninguna manera ser\u00edas aceptable que, con el pretexto de la reforma electoral, se quiten ahora a los actuales funcionarios corruptos del pasado, por unos nuevos del presente.<\/p>\n<p style=\"text-align: center;\"><strong>TURBULENCIAS<br \/>\n<\/strong><strong>No cede Sola de Vega<\/strong><\/p>\n<p>El gobernador Salom\u00f3n Jara reconoci\u00f3 que Sola de Vega no cede en el litigio agrario con Santiago Coatl\u00e1n y que ha mantenido parada la construcci\u00f3n de la s\u00faper carretera a la costa oaxaque\u00f1a y advirti\u00f3 que \u201csin acuerdos no hay obras\u201d, luego de supervisar las mejoras a Coatl\u00e1n que est\u00e1 dispuesto a finiquitar el problema de l\u00edmites e incorporarse a la actividad tur\u00edstica con la magna obra\u2026 En Aguascalientes, en el marco del 11\u00b0 Simposio de Centros Hist\u00f3ricos 2023, el presidente de la Asociaci\u00f3n Mexicana de Profesionales Inmobiliarios, Ignacio Lacunza Maga\u00f1a, anunci\u00f3 el Programa \u201cEmbajadores de la Industria Inmobiliaria\u201d, mediante el cual con un solo clic, los gobiernos locales y estatales del pa\u00eds recibir\u00e1n el apoyo de los m\u00e1s de 6 mil miembros AMPI para mover el inventario inmobiliario que no se utilice y quienes tienen la capacidad de buscar inversionistas a nivel nacional e internacional interesados en inmuebles de cualquier tipo y con ello contribuir al desarrollo urbano en toda la Rep\u00fablica, indic\u00f3&#8230; En dram\u00e1tico accidente ocurrido en el paraje Hierba Santa, entre Santa Mar\u00eda Temaxcaltepec y Santos Reyes Nopala, en la costa oaxaque\u00f1a, perdi\u00f3 la vida el presidente municipal de Temaxcaltepec, Juquila, Agust\u00edn Mart\u00ednez Quintas, el secretario municipal, la regidora de salud y tres mujeres m\u00e1s. Hubo seis muertos y tres heridos; viajaban en una Urvan en comisi\u00f3n oficial\u2026 El Popocat\u00e9petl ha emitido 325 exhalaciones en las \u00faltimas 24 horas y seis explosiones menores o moderadas, inform\u00f3 Cenapred\u2026 A los 88 a\u00f1os de edad muri\u00f3 el popular <em>Chabelo<\/em>, el \u00eddolo infantil de muchas generaciones de mexicanos y que caus\u00f3 un gran impacto en la sociedad mexicana e internacional\u2026 Lo lamentable es que con el deceso de figuras p\u00fablicas se asocia a los deseos de muerte de otros personajes lo cual de ninguna manera es aceptable, pues ya el pa\u00eds se encuentra inundado de feroces cr\u00edticas an\u00f3nimas que difunden personas carentes de valor, pues se escudan en el anonimato o se escudan en los an\u00e1lisis que hacen especialistas en determinados temas, pero que revelan poca imaginaci\u00f3n y mucha cobard\u00eda&#8230; El presidente de la Mesa Directiva de la C\u00e1mara baja, Santiago Creel Miranda, estuvo en Nuevo Le\u00f3n como parte de su campa\u00f1a para lograr la candidatura presidencial del PAN o de la coalici\u00f3n opositora. Se trata de un pol\u00edtico experimentado, abogado y parlamentario de polendas\u2026<\/p>\n<p><u><a href=\"mailto:asorianocarrasco@yahoo.com\" target=\"_blank\" rel=\"noopener noreferrer\"><em>asorianocarrasco@yahoo.com<\/em><\/a><br \/>\n<em><a href=\"https:\/\/revistabrecha.com\" target=\"_blank\" rel=\"noopener noreferrer\">www.revistabrecha.com<\/a><br \/>\n<\/em><\/u><em>facebook oficial <a href=\"https:\/\/es-la.facebook.com\/RevistaBrecha.Oficial\" target=\"_blank\" rel=\"noopener\">@BrechaRevista<\/a><\/em><\/p>\n","protected":false},"excerpt":{"rendered":"<p><span style=\"color: #005497;\"><strong>\u00c1ngel Soriano<\/strong><\/span><\/p>\n","protected":false},"author":3,"featured_media":0,"comment_status":"open","ping_status":"open","sticky":false,"template":"","format":"standard","meta":{"_monsterinsights_skip_tracking":false,"_monsterinsights_sitenote_active":false,"_monsterinsights_sitenote_note":"","_monsterinsights_sitenote_category":0,"footnotes":""},"categories":[135],"tags":[85,86,43674],"class_list":["post-578859","post","type-post","status-publish","format-standard","hentry","category-angel-soriano-opinion","tag-angel-soriano","tag-desde-el-portal","tag-opinion"],"_links":{"self":[{"href":"https:\/\/www.diarioimagen.net\/index.php?rest_route=\/wp\/v2\/posts\/578859","targetHints":{"allow":["GET"]}}],"collection":[{"href":"https:\/\/www.diarioimagen.net\/index.php?rest_route=\/wp\/v2\/posts"}],"about":[{"href":"https:\/\/www.diarioimagen.net\/index.php?rest_route=\/wp\/v2\/types\/post"}],"author":[{"embeddable":true,"href":"https:\/\/www.diarioimagen.net\/index.php?rest_route=\/wp\/v2\/users\/3"}],"replies":[{"embeddable":true,"href":"https:\/\/www.diarioimagen.net\/index.php?rest_route=%2Fwp%2Fv2%2Fcomments&post=578859"}],"version-history":[{"count":0,"href":"https:\/\/www.diarioimagen.net\/index.php?rest_route=\/wp\/v2\/posts\/578859\/revisions"}],"wp:attachment":[{"href":"https:\/\/www.diarioimagen.net\/index.php?rest_route=%2Fwp%2Fv2%2Fmedia&parent=578859"}],"wp:term":[{"taxonomy":"category","embeddable":true,"href":"https:\/\/www.diarioimagen.net\/index.php?rest_route=%2Fwp%2Fv2%2Fcategories&post=578859"},{"taxonomy":"post_tag","embeddable":true,"href":"https:\/\/www.diarioimagen.net\/index.php?rest_route=%2Fwp%2Fv2%2Ftags&post=578859"}],"curies":[{"name":"wp","href":"https:\/\/api.w.org\/{rel}","templated":true}]}}