{"id":578865,"date":"2023-03-27T00:08:08","date_gmt":"2023-03-27T06:08:08","guid":{"rendered":"https:\/\/www.diarioimagen.net\/?p=578865"},"modified":"2023-03-26T23:39:02","modified_gmt":"2023-03-27T05:39:02","slug":"el-divisionismo-priista","status":"publish","type":"post","link":"https:\/\/www.diarioimagen.net\/?p=578865","title":{"rendered":"El divisionismo priista"},"content":{"rendered":"<h2>Punto por punto<\/h2>\n<h5>Augusto Corro<\/h5>\n<p>&nbsp;<\/p>\n<p>Las pugnas en el Partido Revolucionario Institucional (PRI) se agudizaron la semana pasada.<\/p>\n<p>El coordinador de los senadores, Miguel \u00c1ngel Osorio Chong, fue removido del cargo.<\/p>\n<p>Ocho de trece legisladores votaron para que dejara la coordinaci\u00f3n el ex secretario de Gobernaci\u00f3n pe\u00f1ista.<\/p>\n<p>El nuevo coordinador es el guerrerense Manuel A\u00f1orve, un \u201cbeltronista\u201d de hueso colorado.<\/p>\n<p>Sin duda, se trat\u00f3 de una venganza que orquest\u00f3 el l\u00edder del PRI, Alejandro Moreno (a) \u201cAlito\u201d, diputado y ex gobernador de Campeche.<\/p>\n<p>El pleito entre Osorio Chong y el dirigente tricolor dif\u00edcilmente pod\u00eda evitarse, pues el senador pidi\u00f3 la renuncia de \u201cAlito\u201d al cargo de presidente de la organizaci\u00f3n pol\u00edtica.<\/p>\n<p>Ocurri\u00f3 lo contrario, el l\u00edder logr\u00f3 sobrevivir y aument\u00f3 su poder en el partido.<\/p>\n<p>Para el Revolucionario Institucional se auguran tiempos dif\u00edciles tras el c\u00famulo de derrotas acumuladas en los \u00faltimos sexenios.<\/p>\n<p>En 2000, el Partido Acci\u00f3n Nacional (PAN) le arrebat\u00f3 la Presidencia de la Rep\u00fablica. El blanquiazul se mantuvo en el poder dos sexenios, con Vicente Fox y Felipe Calder\u00f3n.<\/p>\n<p>En 2012, los priistas llevaron a la silla presidencial a Enrique Pe\u00f1a Nieto.<\/p>\n<p>En el 2018, Movimiento de Regeneraci\u00f3n Nacional (Morena) triunf\u00f3 con su candidato Andr\u00e9s Manuel L\u00f3pez Obrador.<\/p>\n<p>El PRI, que ya caminaba cargado de derrotas, se encuentra en la lona. El divisionismo se instal\u00f3 en la dirigencia, de donde dif\u00edcilmente saldr\u00e1.<\/p>\n<p style=\"text-align: center;\"><strong>Rumbo a su desaparici\u00f3n<\/strong><\/p>\n<p>Luego de actuar como partido muy poderoso m\u00e1s de noventa a\u00f1os, el PRI empez\u00f3 a desmoronarse.<\/p>\n<p>En el presente funciona como en coalici\u00f3n con otros partidos. Concretamente, forma parte de la alianza Va por M\u00e9xico, integrada por PAN, PRI y PRD.<\/p>\n<p>Esa unidad no tiene la posibilidad de ofrecer buenos resultados.<\/p>\n<p>En la vida interna del PRI, las pugnas priistas por el poder involucraron a \u201cAlito\u201d y a un sinn\u00famero de ex dirigentes tricolores.<\/p>\n<p>El ex gobernador campechano enfrent\u00f3 una oleada de acusaciones que lo involucraron como presunto responsable de varios delitos.<\/p>\n<p>En julio de 2022, la Fiscal\u00eda General de la Rep\u00fablica (FGR) declar\u00f3 que el mencionado dirigente nacional del PRI ser\u00eda investigado por enriquecimiento il\u00edcito, fraude fiscal y tr\u00e1fico de influencias.<\/p>\n<p>Hab\u00eda motivos suficientes para que \u201cAlito\u201d dejara la presidencia de su partido, pero recibi\u00f3 el apoyo de sus incondicionales para seguir al frente de su organizaci\u00f3n pol\u00edtica.<\/p>\n<p style=\"text-align: center;\"><strong>Rumbo al 2024<\/strong><\/p>\n<p>En la oposici\u00f3n pol\u00edtica ya son varios los aspirantes a participar en la contienda electoral presidencial.<\/p>\n<p>Entre otros, ya se apunt\u00f3 para competir el dirigente \u201cAlito\u201d; sin embargo, no ser\u00e1 f\u00e1cil que lo consiga.<\/p>\n<p>Porque, ser\u00e1 el PAN el que designe al candidato oficial a la contienda electoral presidencial.<\/p>\n<p>Acordaron los partidos que integran Va por M\u00e9xico que el PRI se encargar\u00eda de conducir las elecciones en Coahuila y Estado de M\u00e9xico (Edomex); y Acci\u00f3n Nacional se encargar\u00eda de designar al candidato a las elecciones presidenciales.<\/p>\n<p>PAN, PRI y PRD van juntos en Coahuila y en el Edomex. Existe la posibilidad de que el Revolucionario Institucional gane en la primera entidad, no as\u00ed en la segunda.<\/p>\n<p>Quiz\u00e1s con la probable derrota del PRI en su baluarte mexiquense, la situaci\u00f3n se le complique m\u00e1s al l\u00edder priista.<\/p>\n<p>Esa misma situaci\u00f3n de incertidumbre se presentar\u00e1 en la designaci\u00f3n del aspirante a la silla presidencial: \u00bfconvencer\u00e1n a los priistas de votar por un panista?<\/p>\n<p>Porque no se ve ninguna posibilidad que Va por M\u00e9xico se incline por la nominaci\u00f3n de \u201cAlito\u201d.<\/p>\n<p>En Acci\u00f3n Nacional, el diputado Santiago Creel Miranda tambi\u00e9n declar\u00f3 que quiere participar en la contienda electoral presidencial. Lo mismo hizo la senadora Lilly T\u00e9llez.<\/p>\n<p>Recientemente se destap\u00f3 el ex dirigente empresarial Gustavo de Hoyos, que tambi\u00e9n podr\u00eda convertirse en candidato de la alianza Va por M\u00e9xico.<\/p>\n<p>En fin, la lucha pol\u00edtica por alcanzar el poder en el pr\u00f3ximo sexenio apenas empieza, con una oposici\u00f3n pol\u00edtica d\u00e9bil y desorganizada que alcanza a tocar al PRI.<\/p>\n<p>\u00bfUsted que opina amable lector?<\/p>\n<p><a href=\"mailto:augustocorro2742@gmail.com\" target=\"_blank\" rel=\"noopener\"><em>augustocorro2742@gmail.com<\/em><\/a><\/p>\n","protected":false},"excerpt":{"rendered":"<p><span style=\"color: #005497;\"><strong>Augusto Corro<\/strong><\/span><\/p>\n","protected":false},"author":3,"featured_media":0,"comment_status":"open","ping_status":"open","sticky":false,"template":"","format":"standard","meta":{"_monsterinsights_skip_tracking":false,"_monsterinsights_sitenote_active":false,"_monsterinsights_sitenote_note":"","_monsterinsights_sitenote_category":0,"footnotes":""},"categories":[157],"tags":[43686,43674,11515],"class_list":["post-578865","post","type-post","status-publish","format-standard","hentry","category-augusto-corro","tag-augusto-corro","tag-opinion","tag-punto-por-punto"],"_links":{"self":[{"href":"https:\/\/www.diarioimagen.net\/index.php?rest_route=\/wp\/v2\/posts\/578865","targetHints":{"allow":["GET"]}}],"collection":[{"href":"https:\/\/www.diarioimagen.net\/index.php?rest_route=\/wp\/v2\/posts"}],"about":[{"href":"https:\/\/www.diarioimagen.net\/index.php?rest_route=\/wp\/v2\/types\/post"}],"author":[{"embeddable":true,"href":"https:\/\/www.diarioimagen.net\/index.php?rest_route=\/wp\/v2\/users\/3"}],"replies":[{"embeddable":true,"href":"https:\/\/www.diarioimagen.net\/index.php?rest_route=%2Fwp%2Fv2%2Fcomments&post=578865"}],"version-history":[{"count":0,"href":"https:\/\/www.diarioimagen.net\/index.php?rest_route=\/wp\/v2\/posts\/578865\/revisions"}],"wp:attachment":[{"href":"https:\/\/www.diarioimagen.net\/index.php?rest_route=%2Fwp%2Fv2%2Fmedia&parent=578865"}],"wp:term":[{"taxonomy":"category","embeddable":true,"href":"https:\/\/www.diarioimagen.net\/index.php?rest_route=%2Fwp%2Fv2%2Fcategories&post=578865"},{"taxonomy":"post_tag","embeddable":true,"href":"https:\/\/www.diarioimagen.net\/index.php?rest_route=%2Fwp%2Fv2%2Ftags&post=578865"}],"curies":[{"name":"wp","href":"https:\/\/api.w.org\/{rel}","templated":true}]}}