{"id":578867,"date":"2023-03-27T00:03:13","date_gmt":"2023-03-27T06:03:13","guid":{"rendered":"https:\/\/www.diarioimagen.net\/?p=578867"},"modified":"2023-03-27T01:53:51","modified_gmt":"2023-03-27T07:53:51","slug":"delfina-registrada","status":"publish","type":"post","link":"https:\/\/www.diarioimagen.net\/?p=578867","title":{"rendered":"Delfina, registrada"},"content":{"rendered":"<h2>Espacio Electoral<\/h2>\n<h5>Eleazar Flores<\/h5>\n<p>&nbsp;<\/p>\n<p><strong>12 GOBERNADORES-.<\/strong> Con la presencia de 12 gobernadores, dirigentes de Morena, asociados y dem\u00e1s cuadros, la profesora Delfina G\u00f3mez \u00c1lvarez fue registrada ante el Instituto Electoral del Estado de M\u00e9xico como candidata a gubernatura de la entidad, incluido bloqueo del Tollocan por los \u201cacarreados\u201d.<\/p>\n<p>Ni por d\u00f3nde empezar para enlistar a los-as gobernantes respaldantes de la texcocana, famosos como Cuauht\u00e9moc Blanco, de Morelos, discutidas como Layda Sansores, de Campeche, inefectivos contra el crimen como el zacatecano David Monreal; el sonorense Alfonso Durazo o la \u201clampareada\u201d, por tanto reflector, Claudia Sheimbaum.<\/p>\n<p>Tambi\u00e9n estuvieron Am\u00e9rico Villarreal, de Tamaulipas; Ruben Rocha, de Sinaloa; Evelyn Salgado, de Guerrero; Salom\u00f3n Jara, de Oaxaca; Manuel Castro, de Baja California Sur; Mara Lezama, de Quintana Roo; el de Michoac\u00e1n y por supuesto diputados federales y dirigentes partidistas encabezados por el gerente de Morena, Mario Delgada; la verde Karen Castrej\u00f3n y dem\u00e1s.<\/p>\n<p>No obstante que por ley las campa\u00f1as iniciar\u00e1n hasta el 3 de abril, Mario Delgado dijo que la iniciar\u00e1n \u201cdesde ma\u00f1ana\u201d, o sea hoy lunes, a\u00f1adiendo su gastado discurso de ataques a los gobiernos anteriores del estado de M\u00e9xico.<\/p>\n<p>En su calidad de presidenta del Instituto Electoral del Estado de M\u00e9xico, IEEM, Amelia Pulido G\u00f3mez, reiter\u00f3 la confianza que debe prevalecer para que las elecciones del pr\u00f3ximo cuatro de junio se lleven a cabo dentro de un marco de legalidad y transparencia.<\/p>\n<p><strong>AMLO TAMBI\u00c9N \u201cMAICEA\u201d-.<\/strong> Fiel a su costumbre de decir una cosa y \u00e9l o colaboradores de su gobierno hacer otra, el presidente Andr\u00e9s Manuel L\u00f3pez Obrador lamenta que muchos medios lo ataquen porque ya no se \u201cmaicean\u201d como antes.<\/p>\n<p>Santonones de la comunicaci\u00f3n social de la \u201cprehistoria\u201d, sin tantos estudios, pero con una\u00a0 inteligencia innata para relacionarse con los medios \u2014l\u00e9ase periodistas\u2014, lo fueron el adusto don Francisco Galindo Ochoa y el afable Amado Trevi\u00f1o, quienes escuchaban con paciencia jobiana cuando los reporteros les aclaraban \u201custedes compran espacios y tiempo pero no criterios\u201d, y ni para donde hacerse.<\/p>\n<p>Esto significaba que el gobierno pod\u00eda mandar desplegados pagados a los diarios o promocionales a la radio \u2014pocos a la televisi\u00f3n en ese entonces\u2014, pero los reporteros en sus contenidos pod\u00edan escribir con libertad acerca de eventos y actos de gobierno y gobernantes.<\/p>\n<p>Ahora el jefe del comando guinda se escandaliza cuando los diarios publican notas documentadas de sus reporteros y si algo de lo publicado incomoda al gobernante viene la queja de que \u201cantes se maiceaban a los medios, hoy ya no\u201d.<\/p>\n<p>Bueno ser\u00eda que al mandatario le informaran cu\u00e1nto se asigna legal y anualmente a cada medio y si los omito es porque \u201cperro no come carne de perro\u201d, pero en estas partidas hasta diarios tabasque\u00f1os est\u00e1n en la lista.<\/p>\n<p><em><a href=\"mailto:elefa44@gmail.com\" target=\"_blank\" rel=\"noopener noreferrer\">elefa44@gmail.com<\/a><\/em><\/p>\n","protected":false},"excerpt":{"rendered":"<p><span style=\"color: #005497;\"><strong>Eleazar Flores<\/strong><\/span><\/p>\n","protected":false},"author":3,"featured_media":0,"comment_status":"open","ping_status":"open","sticky":false,"template":"","format":"standard","meta":{"_monsterinsights_skip_tracking":false,"_monsterinsights_sitenote_active":false,"_monsterinsights_sitenote_note":"","_monsterinsights_sitenote_category":0,"footnotes":""},"categories":[81743],"tags":[81744,81776,43674],"class_list":["post-578867","post","type-post","status-publish","format-standard","hentry","category-eleazar-flores","tag-eleazar-flores","tag-espacio-electoral","tag-opinion"],"_links":{"self":[{"href":"https:\/\/www.diarioimagen.net\/index.php?rest_route=\/wp\/v2\/posts\/578867","targetHints":{"allow":["GET"]}}],"collection":[{"href":"https:\/\/www.diarioimagen.net\/index.php?rest_route=\/wp\/v2\/posts"}],"about":[{"href":"https:\/\/www.diarioimagen.net\/index.php?rest_route=\/wp\/v2\/types\/post"}],"author":[{"embeddable":true,"href":"https:\/\/www.diarioimagen.net\/index.php?rest_route=\/wp\/v2\/users\/3"}],"replies":[{"embeddable":true,"href":"https:\/\/www.diarioimagen.net\/index.php?rest_route=%2Fwp%2Fv2%2Fcomments&post=578867"}],"version-history":[{"count":0,"href":"https:\/\/www.diarioimagen.net\/index.php?rest_route=\/wp\/v2\/posts\/578867\/revisions"}],"wp:attachment":[{"href":"https:\/\/www.diarioimagen.net\/index.php?rest_route=%2Fwp%2Fv2%2Fmedia&parent=578867"}],"wp:term":[{"taxonomy":"category","embeddable":true,"href":"https:\/\/www.diarioimagen.net\/index.php?rest_route=%2Fwp%2Fv2%2Fcategories&post=578867"},{"taxonomy":"post_tag","embeddable":true,"href":"https:\/\/www.diarioimagen.net\/index.php?rest_route=%2Fwp%2Fv2%2Ftags&post=578867"}],"curies":[{"name":"wp","href":"https:\/\/api.w.org\/{rel}","templated":true}]}}