{"id":578871,"date":"2023-03-27T00:11:06","date_gmt":"2023-03-27T06:11:06","guid":{"rendered":"https:\/\/www.diarioimagen.net\/?p=578871"},"modified":"2023-03-26T23:41:51","modified_gmt":"2023-03-27T05:41:51","slug":"sin-mafia-del-poder-amlo-no-tendria-excusas","status":"publish","type":"post","link":"https:\/\/www.diarioimagen.net\/?p=578871","title":{"rendered":"Sin mafia del poder, AMLO no tendr\u00eda excusas"},"content":{"rendered":"<h2>\u00cdndice pol\u00edtico<\/h2>\n<h5>Francisco Rodr\u00edguez<\/h5>\n<p>&nbsp;<\/p>\n<p>Cada ocasi\u00f3n que hace mal las cosas y \u00e9stas resultan, por supuesto, fallidas, el reyecito <strong>Andr\u00e9s Manuel L\u00f3pez Obrador<\/strong> echa mano de las trilladas cuatri palabras \u201cla mafia del poder\u201d.<\/p>\n<p>Si el AIFA no\u2019m\u00e1s no vuela\u2026 pues \u00a1la mafia del poder!<\/p>\n<p>Si apenas llueve y la refiner\u00eda en Dos Bocas se inunda\u2026 \u00a1la mafia del poder!<\/p>\n<p>Si el tendido de v\u00edas del Tren Maya es frenado por los tremendos da\u00f1os ambientales que provoca\u2026 \u00a1la mafia del poder!<\/p>\n<p>Si le sale un u\u00f1ero\u2026 \u00a1la mafia del poder!<\/p>\n<p>Y ahora que el ministro de la SCJN Javier Laynez dej\u00f3 en estado de suspensi\u00f3n el a todas luces inconstitucional \u201cplan B\u201d electoral\u2026 \u00a1la mafia del poder!<\/p>\n<p>Tanto la menciona que a veces pareciera que \u00e9l mismo ya forma parte de ella.<\/p>\n<p>Ante todos sus fracasos \u2014hay que aceptarlo: Andr\u00e9s Manuel L\u00f3pez Obrador es, tambi\u00e9n \u201cun perfecto fracasado\u201d\u2014, la existencia de la mafia del poder le es indispensable.<\/p>\n<p>S\u00f3lo la invoca, pero no la toca.<\/p>\n<p>La desconfianza es mutua.<\/p>\n<p>Vivimos en un escenario tenso que no augura nada bueno.<\/p>\n<p>Las pu\u00f1aladas traperas se suceden d\u00eda con d\u00eda.<\/p>\n<p>La b\u00fasqueda de la simpat\u00eda popular es la cereza del pastel en todos los segmentos, mucho m\u00e1s entre los pol\u00edticos y mandarines del r\u00e9gimen modito Tepetit\u00e1n que mueve el pandero.<\/p>\n<p>Los grupos de mercachifles neoliberales son escandalosamente beneficiados, no tanto por el tama\u00f1ito de las obras que, como vemos, es \u00ednfimo, sino por la vista gorda en el uso de la baja calidad de materiales, infles de miles de millones en las construcciones y toda clase de excesos con la marca de la casa.\u200e<\/p>\n<p>Las mermas y las partes del le\u00f3n.<\/p>\n<p>Y aunque esto fuera mentira, nadie alcanza a comprender por qu\u00e9 el Estado se declara ineficiente o demasiado d\u00e9bil en la pr\u00e1ctica para echarle el guante a los sinverg\u00fcenzas que han ofendido a la Naci\u00f3n.<\/p>\n<p>Por qu\u00e9 el Estado no es suficiente para refundir en las bartolinas a estos miserables.<\/p>\n<p>S\u00f3lo una persona lo sabe a ciencia cierta.<\/p>\n<p>Y esa persona que lo sabe es el Titular del Poder Ejecutivo de los Estados Unidos Mexicanos.<\/p>\n<p>Lo que a lo mejor nadie le ha dicho es que no actuar contra los traidores a la patria merece el castigo que cargan sobre sus espaldas los c\u00f3mplices.<\/p>\n<p>Nuevamente, en estos casos, el que perdona, pierde.<\/p>\n<p>El que se equivoca no.<\/p>\n<p>Quien manda se puede equivocar y volver a mandar.<\/p>\n<p>El que con mando se equivoca no pierde jam\u00e1s.<\/p>\n<p>El \u00fanico que pierde es aqu\u00e9l que jam\u00e1s se arriesga.<\/p>\n<p>Lo \u00fanico que puede desmentir este aserto es que el Presidente est\u00e9 convencido de que, si no act\u00faa, defiende la estabilidad del pa\u00eds, protege los intereses superiores de la Naci\u00f3n, aboga por los m\u00e1s d\u00e9biles, mantiene la fortaleza de la patria.<\/p>\n<p>Pero usted y yo sabemos que no act\u00faa porque \u00e9l mismo ya forma parte de esa condenable mafia del poder.<\/p>\n<p>\u00bfNo cree usted?<\/p>\n<p style=\"text-align: center;\"><strong>Indicios<\/strong><\/p>\n<p>El \u201cplan C\u201d, en cambio, avanza seg\u00fan lo planeado por los estrategas de Palacio Nacional. La mal llamada Cuarta Transformaci\u00f3n conseguir\u00e1 hacerse del control del Instituto Nacional Electoral a trav\u00e9s de una consejera presidente, cargo para el cual han perfilado desde el inicio de un muy ama\u00f1ado proceso a <strong>Bertha Alcalde Luj\u00e1n<\/strong>, hija de <strong>Bertha Luj\u00e1n<\/strong>, prominente dirigente del Movimiento de AMLO, y del abogado que se dice sindicalista \u2014m\u00e1s bien es todo lo contrario\u2014 <strong>Arturo Alcalde<\/strong>. Por supuesto es hermana del florero que encabeza la Secretar\u00eda del Trabajo y Previsi\u00f3n Social. La presencia de <strong>Edmundo Jacobo Molina<\/strong> en el secretariado ejecutivo del INE ser\u00e1 el contrapeso necesar\u00edsimo para que los cuatroteros no se brinquen la ley ni la tuerzan en su propio beneficio. <strong>* * *<\/strong> Un gran esc\u00e1ndalo se hizo la semana anterior por el simple hecho de que tres acreedores minoritarios de TV Azteca \u2014en la que colabor\u00e9 hasta hace unos meses\u2014 realizaron una petici\u00f3n para que la televisora del Ajusco ingresara al Cap\u00edtulo 11 del C\u00f3digo de Bancarrotas estadounidense, medida \u201ctotalmente desproporcionada y que no corresponde al estado financiero\u201d, se\u00f1al\u00f3 un vocero de la empresa que dirige <strong>Benjam\u00edn Salinas Sada<\/strong>. Y de ah\u00ed no pas\u00f3. S\u00f3lo del escandalito. Porque, en respuesta, la televisora propiedad de <strong>Ricardo Salinas Pliego<\/strong> se\u00f1al\u00f3 que \u201cTV Azteca, reitera nuevamente su compromiso y disposici\u00f3n al di\u00e1logo a fin de alcanzar un acuerdo favorable para todas las partes con los tenedores de deuda del bono con vencimiento \u00a1en 2024!\u201d\u00a0 <strong>* * *<\/strong> De acuerdo con el Bar\u00f3metro Edelman Trust 2023 nuestro pa\u00eds a\u00fan no est\u00e1 totalmente polarizado. Es Argentina el pa\u00eds que m\u00e1s sufre la polarizaci\u00f3n, seguido de Colombia, Estados Unidos, Sud\u00e1frica, Espa\u00f1a y Suecia. En riesgo de que la polarizaci\u00f3n social cause estragos est\u00e1n Brasil, Corea del Sur, M\u00e9xico, Francia, Reino Unido, Jap\u00f3n, Pa\u00edses Bajos, Alemania e Italia, en ese orden. \u00a1Otro fracaso de AMLO! No ha conseguido que los mexicanos nos enfrentemos del todo. * * * \u00a1Uf! Se avecina una semana de m\u00e1s enojos presidenciales. Aqu\u00ed estar\u00e9 para que los comentemos. Mientras tanto, usted lo sabe, le deseo \u00a1buenas gracias y muchos, muchos d\u00edas!<\/p>\n<p><em><u><a href=\"http:\/\/www.indicepolitico.com\" target=\"_blank\" rel=\"noopener noreferrer\">www.indicepolitico.com<\/a><\/u><u><br \/>\n<\/u><a href=\"mailto:indicepolitico@gmail.com\" target=\"_blank\" rel=\"noopener noreferrer\">indicepolitico@gmail.com<\/a><\/em><br \/>\n<em><a href=\"https:\/\/twitter.com\/indicepolitico?lang=es\" target=\"_blank\" rel=\"noopener noreferrer\">@IndicePolitico<\/a><\/em><br \/>\n<em><u><a href=\"https:\/\/twitter.com\/pacorodriguez\" target=\"_blank\" rel=\"noopener noreferrer\">@pacorodriguez<\/a><\/u><\/em><\/p>\n","protected":false},"excerpt":{"rendered":"<p><span style=\"color: #005497;\"><strong>Francisco Rodr\u00edguez<\/strong><\/span><\/p>\n","protected":false},"author":3,"featured_media":0,"comment_status":"open","ping_status":"open","sticky":false,"template":"","format":"standard","meta":{"_monsterinsights_skip_tracking":false,"_monsterinsights_sitenote_active":false,"_monsterinsights_sitenote_note":"","_monsterinsights_sitenote_category":0,"footnotes":""},"categories":[549],"tags":[43689,550,43674],"class_list":["post-578871","post","type-post","status-publish","format-standard","hentry","category-francisco-rodriguez","tag-francisco-rodriguez","tag-indice-politico","tag-opinion"],"_links":{"self":[{"href":"https:\/\/www.diarioimagen.net\/index.php?rest_route=\/wp\/v2\/posts\/578871","targetHints":{"allow":["GET"]}}],"collection":[{"href":"https:\/\/www.diarioimagen.net\/index.php?rest_route=\/wp\/v2\/posts"}],"about":[{"href":"https:\/\/www.diarioimagen.net\/index.php?rest_route=\/wp\/v2\/types\/post"}],"author":[{"embeddable":true,"href":"https:\/\/www.diarioimagen.net\/index.php?rest_route=\/wp\/v2\/users\/3"}],"replies":[{"embeddable":true,"href":"https:\/\/www.diarioimagen.net\/index.php?rest_route=%2Fwp%2Fv2%2Fcomments&post=578871"}],"version-history":[{"count":0,"href":"https:\/\/www.diarioimagen.net\/index.php?rest_route=\/wp\/v2\/posts\/578871\/revisions"}],"wp:attachment":[{"href":"https:\/\/www.diarioimagen.net\/index.php?rest_route=%2Fwp%2Fv2%2Fmedia&parent=578871"}],"wp:term":[{"taxonomy":"category","embeddable":true,"href":"https:\/\/www.diarioimagen.net\/index.php?rest_route=%2Fwp%2Fv2%2Fcategories&post=578871"},{"taxonomy":"post_tag","embeddable":true,"href":"https:\/\/www.diarioimagen.net\/index.php?rest_route=%2Fwp%2Fv2%2Ftags&post=578871"}],"curies":[{"name":"wp","href":"https:\/\/api.w.org\/{rel}","templated":true}]}}