{"id":578873,"date":"2023-03-27T00:06:40","date_gmt":"2023-03-27T06:06:40","guid":{"rendered":"https:\/\/www.diarioimagen.net\/?p=578873"},"modified":"2023-03-26T23:43:49","modified_gmt":"2023-03-27T05:43:49","slug":"ciudad-de-mexico-se-queda-sin-agua-potable","status":"publish","type":"post","link":"https:\/\/www.diarioimagen.net\/?p=578873","title":{"rendered":"Ciudad de M\u00e9xico se queda sin agua potable"},"content":{"rendered":"<h2>Como veo, doy<\/h2>\n<h5>Jorge Luis Galicia Palacios<\/h5>\n<p>&nbsp;<\/p>\n<ul>\n<li><strong><em>Acciones de cuidado y ahorro del l\u00edquido, obligadas<\/em><\/strong><\/li>\n<\/ul>\n<p>&nbsp;<\/p>\n<p>\u201cLos pr\u00f3ximos tres meses (marzo, abril mayo) la regi\u00f3n centro del pa\u00eds va a vivir una sequ\u00eda prolongada que se suma a la sequ\u00eda de 2020, 2021 y 2022, eso significa que las presas del sistema Cutzamala est\u00e1n a la mitad en general de lo que deber\u00edan de tener almacenado\u201d, declar\u00f3 la Jefa de Gobierno en la Ciudad de M\u00e9xico, Claudia Sheinbaum, al dar a conocer a la poblaci\u00f3n capitalina un informe sobre la reducci\u00f3n de agua potable a colonias que reciben el vital l\u00edquido del sistema Cutzamala y Lerma, y explic\u00f3 que la entidad recibir\u00e1 24% menos agua en comparaci\u00f3n con 2019.<\/p>\n<p>En temporada de estiaje la noticia pareciera normal para los capitalinos o para la poblaci\u00f3n del pa\u00eds en general, a\u00f1o con a\u00f1o el problema es el mismo y algunas familias hasta se preparan con cubetas y botes extras para almacenar el agua, lo malo en el tema de la carencia del agua es que cada a\u00f1o el problema se presenta cada vez con tiempos m\u00e1s prolongados para los consumidores y los impactos se manifiestan en la reducci\u00f3n de los niveles de agua en presas, r\u00edos y lagunas, por ello diversas voces lanzan alertas para que la sociedad en su conjunto hagamos comuni\u00f3n en el cuidado y ahorro del l\u00edquido.<\/p>\n<p>Todos sabemos que el agua es fuente de vida, que hidrata nuestro cuerpo, que nos refresca, que nos ayuda en la higiene personal y que sin el agua no habr\u00eda vida, lo sabemos, sin embargo, de manera inconsciente, hay mucha gente que en medio de situaciones del confort que les brinda su estatus econ\u00f3mico, de empresarios que hacen del agua un jugoso negocio o bien por la ignorancia de algunos, insisten en derrochar el vital l\u00edquido, eso mientras en algunas partes del mundo las personas buscan afanosamente conseguir algo de agua, ya no para su higiene o para regar sus plantas o dar de beber a sus animales, no, lo hacen para ellos sobrevivir, por ello las autoridades son muy explicitas en sus mensajes sobre el tema: \u201cAdem\u00e1s de las lluvias, nosotros tambi\u00e9n podemos echarle una manita al Cutzamala cuidando el agua y racion\u00e1ndola\u201d.<\/p>\n<p>Hoy, cuando a los capitalinos se les informa que, debido a temas de distancia, las demarcaciones que m\u00e1s se ver\u00edan m\u00e1s afectadas en este periodo de sequ\u00eda ser\u00edan Venustiano Carranza, Iztacalco, Iztapalapa y Tlalpan, todos los pobladores del planeta debemos entender que el problema que hace algunos a\u00f1os se ve\u00eda venir ya lo tenemos a la vuelta de la esquina y por ello tenemos que hacer m\u00e1s conciencia de lo que significa la reducci\u00f3n de agua en nuestras cisternas, tinacos o grifos.<\/p>\n<p>En ese contexto, vale recordar, una vez m\u00e1s, que en 1993, el 22 de marzo, la ONU estableci\u00f3 esa fecha como el D\u00eda Mundial del Agua y se hizo para que la poblaci\u00f3n en general nunca m\u00e1s olvide que todas las actividades sociales y econ\u00f3micas dependen en gran medida del abastecimiento de agua dulce y de su calidad, lo que de alguna manera significa crear conciencia acerca de la crisis y problemas que se generan por la carencia o su escasez, y por ende debemos promover acciones inmediatas y urgentes en el ahorro del consumo y el cuidado en sus diferentes usos, porque si hoy no actuamos con mayor conciencia ma\u00f1ana estaremos hablando de esa guerra que nadie quiere, pero de la que ya muchos ven venir: La guerra del agua.<\/p>\n<p><strong>LAS CARTAS HABLAN.\u2014<\/strong> Informaci\u00f3n sobre el agua y los problemas causados por su escasez hay mucha y se puede abordar desde diversas \u00f3pticas, pero aqu\u00ed retomamos algunos datos duros que desde la ONU surgen y ojal\u00e1 sirvan para reflexionar y tomar m\u00e1s conciencia tanto en su uso como en su cuidado:<\/p>\n<p>1.4 millones de personas mueren anualmente y 74 millones ver\u00e1n acortada su vida a causa de enfermedades relacionadas con el agua, el saneamiento y una higiene deficientes; Al d\u00eda de hoy, 1 de cada 4 personas (2000 millones de personas) en el mundo carecen de agua potable segura; Casi la mitad de la poblaci\u00f3n mundial (3,600 millones de personas) carece de un saneamiento seguro; A nivel mundial, el 44% de las aguas residuales dom\u00e9sticas no se tratan de forma segura; Se prev\u00e9 que la demanda mundial de agua (en extracciones de agua) aumente en un 55 % para 2050.<\/p>\n<p><strong>VA MI RESTO.\u2014<\/strong> La efem\u00e9ride del 22 de marzo hay que recordarla, s\u00ed, pero para efectos de lo que significa la fecha es muy importante que todos los d\u00edas pongamos en el centro de nuestras acciones el D\u00eda del Agua y que, m\u00e1s all\u00e1 de la temporada de estiaje, todos los d\u00edas seamos cada vez m\u00e1s cuidadosos en su manejo y no echemos en saco roto algunas recomendaciones en la cotidianidad como ba\u00f1arse en menos de 5 minutos y recolectar el agua fr\u00eda que sale cuando abres la llave de la regadera. Puedes reutilizarla; reparar fugas en casa; no regar jardines con agua potable; cerrar la llave mientras lavas trastes, te cepillas los dientes, te rasuras o te lavas las manos. Son recomendaciones b\u00e1sicas, pero es lo m\u00ednimo a que estamos obligados hacer en el tema de la escasez del agua, y hasta ah\u00ed porque como veo doy.<\/p>\n<p><em><a href=\"mailto:jorgelgalicia@yahoo.com.mx\" target=\"_blank\" rel=\"noopener noreferrer\">jorgelgalicia@yahoo.com.mx<\/a><\/em><\/p>\n","protected":false},"excerpt":{"rendered":"<p><span style=\"color: #005497;\"><strong>Jorge Luis Galicia Palacios<\/strong><\/span><\/p>\n","protected":false},"author":3,"featured_media":0,"comment_status":"open","ping_status":"open","sticky":false,"template":"","format":"standard","meta":{"_monsterinsights_skip_tracking":false,"_monsterinsights_sitenote_active":false,"_monsterinsights_sitenote_note":"","_monsterinsights_sitenote_category":0,"footnotes":""},"categories":[63916],"tags":[28722,63917,43674],"class_list":["post-578873","post","type-post","status-publish","format-standard","hentry","category-jorge-luis-galicia-palacios","tag-como-veo-doy","tag-jorge-luis-galicia-palacios","tag-opinion"],"_links":{"self":[{"href":"https:\/\/www.diarioimagen.net\/index.php?rest_route=\/wp\/v2\/posts\/578873","targetHints":{"allow":["GET"]}}],"collection":[{"href":"https:\/\/www.diarioimagen.net\/index.php?rest_route=\/wp\/v2\/posts"}],"about":[{"href":"https:\/\/www.diarioimagen.net\/index.php?rest_route=\/wp\/v2\/types\/post"}],"author":[{"embeddable":true,"href":"https:\/\/www.diarioimagen.net\/index.php?rest_route=\/wp\/v2\/users\/3"}],"replies":[{"embeddable":true,"href":"https:\/\/www.diarioimagen.net\/index.php?rest_route=%2Fwp%2Fv2%2Fcomments&post=578873"}],"version-history":[{"count":0,"href":"https:\/\/www.diarioimagen.net\/index.php?rest_route=\/wp\/v2\/posts\/578873\/revisions"}],"wp:attachment":[{"href":"https:\/\/www.diarioimagen.net\/index.php?rest_route=%2Fwp%2Fv2%2Fmedia&parent=578873"}],"wp:term":[{"taxonomy":"category","embeddable":true,"href":"https:\/\/www.diarioimagen.net\/index.php?rest_route=%2Fwp%2Fv2%2Fcategories&post=578873"},{"taxonomy":"post_tag","embeddable":true,"href":"https:\/\/www.diarioimagen.net\/index.php?rest_route=%2Fwp%2Fv2%2Ftags&post=578873"}],"curies":[{"name":"wp","href":"https:\/\/api.w.org\/{rel}","templated":true}]}}