{"id":578880,"date":"2023-03-27T00:12:58","date_gmt":"2023-03-27T06:12:58","guid":{"rendered":"https:\/\/www.diarioimagen.net\/?p=578880"},"modified":"2023-03-26T23:49:28","modified_gmt":"2023-03-27T05:49:28","slug":"en-verdad-creen-que-amlo-no-tiene-plan-c","status":"publish","type":"post","link":"https:\/\/www.diarioimagen.net\/?p=578880","title":{"rendered":"\u00bfEn verdad creen que AMLO no tiene \u201cplan C\u201d?"},"content":{"rendered":"<h2>Tras la puerta del poder<\/h2>\n<h5>Roberto Vizca\u00edno<\/h5>\n<h5><\/h5>\n<p>No, no hay plazo que no se cumpla, dice la historia.<\/p>\n<p>Y el del fin del mandato de <strong>Andr\u00e9s Manuel L\u00f3pez Obrador<\/strong> concluir\u00e1 el domingo 2 de junio de 2024.<\/p>\n<p>Bueno, eso si no ocurre algo imprevisto. C\u00f3mo que el rijoso e iracundo, vengativo, mandatario no se le ocurre organizar una crisis constitucional para anular o alterar de tal forma su sucesi\u00f3n que esta no pueda llegar a buen fin.<\/p>\n<p>Su historial y comportamiento advierten que el tabasque\u00f1o <strong><em>s\u00ed podr\u00eda tener un \u201cplan C\u201d electoral,<\/em><\/strong> con el cual podr\u00eda lanzar a las calles y contra el INE o la Corte o contra quien se le oponga, a segmentos importantes de sus bases, calculadas entre 12 a 15 millones de sus votantes m\u00e1s fieles.<\/p>\n<p>Ya AMLO dio el primer aviso de ello al aparecerse un grupo de un ciento de sus seguidores que intent\u00f3 ingresar violentamente a la Suprema Corte durante la ma\u00f1ana del s\u00e1bado, apenas unas horas en que se dio a conocer la suspensi\u00f3n indefinida del \u201cplan B\u201d.<\/p>\n<p>El intento de asalto se dio apenas un par de horas luego de que \u00e9l mismo <strong>L\u00f3pez Obrador<\/strong> dijo que esa suspensi\u00f3n fue posible porque los ministros son lo mismo que el consejero del INE <strong>Ciro Murayama<\/strong> y el activista social <strong>Claudio X Gonz\u00e1le<\/strong>z para quienes su \u00fanico dios es el dinero.<\/p>\n<p>Con meg\u00e1fonos y camisetas que mostraban su apoyo al mandatario los rijosos denostaban y cubr\u00edan de injurias a los ministros y en especial a la ministra presidenta <strong>Norma Pi\u00f1a<\/strong>, de quien exigieron su renuncia inmediata.<\/p>\n<p>No, el incidente no es cosa menor. El caldo de la crisis hierbe, Y su cabeza y promotor principal es <strong>AMLO<\/strong>.<\/p>\n<p>El lo puede aumentar y hacer derramar cuando y como quiera.<\/p>\n<p>Su objetivo sin duda, adem\u00e1s de la ministra <strong>Norma Pi\u00f1a<\/strong>, son los ministros <strong>Javier Laynez Potisek<\/strong> y <strong>Alberto P\u00e9rez Day\u00e1n<\/strong>, quienes suspendieron indefinidamente las reformas del Plan B con las cuales el mandatario intent\u00f3 \u201cdescuartizar\u201d \u2014seg\u00fan lo admiti\u00f3 su secretario de Gobernaci\u00f3n <strong>Ad\u00e1n Augusto L\u00f3pez<\/strong>\u2014 al INE y con ellos al sistema electoral y a la democracia mexicana.<\/p>\n<p>El golpe final, producto de una aplicaci\u00f3n estricta de lo que marca la Constituci\u00f3n, no de la animadversi\u00f3n personal o del supuesto complot conservador denunciado por <strong>AMLO<\/strong>, sobrevino por la tarde-noche del viernes 24 anterior.<\/p>\n<p>Esa tarde-noche el ministro <strong>Javier Laynez Potisek<\/strong>, como lo reportar\u00e1 la historia, suspendi\u00f3 por tiempo indefinido la aplicaci\u00f3n del llamado \u201cplan B\u201d.<\/p>\n<p>Hasta hoy eso garantiza que el Instituto Nacional Electoral , el INE, podr\u00e1 operar como lo ha hecho hasta hoy.<\/p>\n<p>Bueno, eso s\u00ed <strong>AMLO<\/strong> no le aplica el torniquete, como lo ha anunciado, al multimillonario presupuesto del Instituto y a los partidos.<\/p>\n<p>Y esto apenas ser\u00eda un primer paso de un Plan C que podr\u00eda incluir el asedio f\u00edsico de las huestes morenistas y lopezobradoristas hacia consejeros, magistrados de la Suprema Corte y del Tribunal Electoral, de los organismos electorales estatales y de los candidatos de la oposici\u00f3n y, como ya ha ocurrido en procesos anteriores, con la operaci\u00f3n violenta e intimidatoria de los aliados del crimen organizado.<\/p>\n<p style=\"text-align: center;\"><strong>Ir\u00e1 m\u00e1s all\u00e1 de lo verbal<\/strong><\/p>\n<p>La ira de <strong>Andr\u00e9s Manuel L\u00f3pez Obrador<\/strong> no es s\u00f3lo verbal. No. Su historia advierte que tambi\u00e9n es f\u00edsica.<\/p>\n<p>Escribe <strong>Enrique Krauze<\/strong> en <em>El mes\u00edas tropical<\/em>:<\/p>\n<p>\u201cNo es (<strong>Andr\u00e9s Manuel L\u00f3pez Obrador<\/strong>) un pragm\u00e1tico \u2014comenta <strong>Gustavo Rosario Torres<\/strong>, perspicaz tabasque\u00f1o, psic\u00f3logo de tabasque\u00f1os\u2014, el altiplano no lo atempera, le gana la \u2018<strong><em>pasi\u00f3n tropical\u2019<\/em><\/strong>.\u201d Pero <strong>la suya no es una simple pasi\u00f3n pol\u00edtica, sino una pasi\u00f3n nimbada por una misi\u00f3n providencial que no podr\u00e1 dejar de ser esencialmente disruptiva, intolerante\u201d.<\/strong><\/p>\n<p>Recuerda:<\/p>\n<p><strong>\u201cAndr\u00e9s Manuel L\u00f3pez Obrador<\/strong> vivi\u00f3 tambi\u00e9n una dolorosa experiencia con la muerte. En su edici\u00f3n del 9 de julio de 1969, los peri\u00f3dicos <em>Rumbo Nuevo<\/em>, <em>Diario de Tabasco<\/em> y <em>Diario Presente<\/em> consignaban la muerte de su hermano, <strong>Jos\u00e9 Ram\u00f3n L\u00f3pez Obrador<\/strong>. Los hechos hab\u00edan ocurrido a las diecis\u00e9is horas del d\u00eda anterior, en el interior del almac\u00e9n de telas \u201cNovedades Andr\u00e9s\u201d, propiedad de la familia en Villahermosa. De la declaraci\u00f3n que rindi\u00f3 <strong>Andr\u00e9s Manuel L\u00f3pez Obrador <\/strong>ante el agente del ministerio p\u00fablico (recogida parcialmente en la prensa), se desprend\u00eda que los dos hermanos hab\u00edan tenido una discusi\u00f3n. Tomando un arma, <strong>Jos\u00e9 Ram\u00f3n<\/strong> hab\u00eda querido convencer a su hermano de \u201cespantar\u201d a un empleado de una zapater\u00eda cercana. <strong>Andr\u00e9s Manuel<\/strong> habr\u00eda intentado disuadirlo, pero <strong>Jos\u00e9 Ram\u00f3n<\/strong> lo tildaba de miedoso. De pronto, al darle la espalda a su hermano, <strong>Andr\u00e9s Manuel<\/strong> escuch\u00f3 un disparo. Trat\u00f3 de auxiliarlo y quiso llevarlo r\u00e1pidamente con un m\u00e9dico, pero al poco tiempo <strong>Jos\u00e9 Ram\u00f3n<\/strong> dej\u00f3 de existir. <strong>Versiones distintas consignaban que a Andr\u00e9s Manuel, accidentalmente, se le hab\u00eda escapado un tiro. La declaraci\u00f3n ministerial desapareci\u00f3 de los archivos<\/strong>\u201d.<\/p>\n<p>Otras versiones indican que algo similar podr\u00eda haber ocurrido al ni\u00f1o <strong>Jos\u00e9 \u00c1ngel Le\u00f3n <\/strong>quien falleci\u00f3 a causa de un supuesto pelotazo propinado por <strong>AMLO, <\/strong>luego de una disputa a ra\u00edz de los resultados de un juego de barrio de beisbol.<\/p>\n<p>Estamos frente a un enigma. Lo que AMLO es lo veremos en este a\u00f1o y dos meses que faltan para el domingo 2 de junio de 2024 fecha de las elecciones de su sucesi\u00f3n.<\/p>\n<p>S\u00f3lo hay que respirar profundo y ver que nunca ha reconocido una derrota. \u00bfLe reconocer\u00e1 hoy? \u00bfEntregar\u00e1 la banda presidencial como lo hizo Enrique Pe\u00f1a Nieto con \u00e9l?<\/p>\n<p>No creo.<\/p>\n<p style=\"text-align: center;\"><strong>Marcelo y Monreal elevan vuelo<\/strong><\/p>\n<p>Mientras dos de los directos beneficiarios de la suspensi\u00f3n del \u201cplan B\u201d, <strong>Marcelo Ebrard y Ricardo Monreal<\/strong>, quienes vieron que el escenario de sucesi\u00f3n no entrar\u00e1 en el caos destazador de instituciones, elevaron vuelo: el canciller gan\u00f3 espacios en medios con la presentaci\u00f3n de una biograf\u00eda que lava sus errores y <strong>Monreal r<\/strong>ealiz\u00f3 una exitosa gira con miles de seguidores por Jalisco.<\/p>\n<p>Ambos respiraron con la anulaci\u00f3n del \u201cplan B\u201d porque eso abre sus perspectivas reales de ir por una sucesi\u00f3n institucional, sancionada por instituciones garantes de ese proceso.<\/p>\n<p><em><a href=\"mailto:rvizcainoa@gmail.com\" target=\"_blank\" rel=\"noopener noreferrer\">vizcainoa@gmail.com<\/a><a href=\"mailto:rvizcainoa@gmail.com\" target=\"_blank\" rel=\"noopener noreferrer\"><br \/>\n<\/a><a href=\"http:\/\/endirecto.mx\" target=\"_blank\" rel=\"noopener noreferrer\">www.endirecto.mx<\/a><a href=\"mailto:rvizcainoa@gmail.com\" target=\"_blank\" rel=\"noopener noreferrer\"><br \/>\n<\/a><a href=\"https:\/\/twitter.com\/_rvizcaino\" target=\"_blank\" rel=\"noopener noreferrer\">@_RVizcaino<\/a><a href=\"mailto:rvizcainoa@gmail.com\" target=\"_blank\" rel=\"noopener noreferrer\"><br \/>\n<\/a><a href=\"https:\/\/www.facebook.com\/rvizcainoa\" target=\"_blank\" rel=\"noopener noreferrer\">facebook.com\/rvizcainoa<\/a><\/em><\/p>\n","protected":false},"excerpt":{"rendered":"<p><span style=\"color: #005497;\"><strong>Roberto Vizca\u00edno<\/strong><\/span><\/p>\n","protected":false},"author":3,"featured_media":0,"comment_status":"open","ping_status":"open","sticky":false,"template":"","format":"standard","meta":{"_monsterinsights_skip_tracking":false,"_monsterinsights_sitenote_active":false,"_monsterinsights_sitenote_note":"","_monsterinsights_sitenote_category":0,"footnotes":""},"categories":[136],"tags":[43674,93,94],"class_list":["post-578880","post","type-post","status-publish","format-standard","hentry","category-roberto-vizcaino-opinion","tag-opinion","tag-roberto-vizcaino","tag-tras-la-puerta-del-poder"],"_links":{"self":[{"href":"https:\/\/www.diarioimagen.net\/index.php?rest_route=\/wp\/v2\/posts\/578880","targetHints":{"allow":["GET"]}}],"collection":[{"href":"https:\/\/www.diarioimagen.net\/index.php?rest_route=\/wp\/v2\/posts"}],"about":[{"href":"https:\/\/www.diarioimagen.net\/index.php?rest_route=\/wp\/v2\/types\/post"}],"author":[{"embeddable":true,"href":"https:\/\/www.diarioimagen.net\/index.php?rest_route=\/wp\/v2\/users\/3"}],"replies":[{"embeddable":true,"href":"https:\/\/www.diarioimagen.net\/index.php?rest_route=%2Fwp%2Fv2%2Fcomments&post=578880"}],"version-history":[{"count":0,"href":"https:\/\/www.diarioimagen.net\/index.php?rest_route=\/wp\/v2\/posts\/578880\/revisions"}],"wp:attachment":[{"href":"https:\/\/www.diarioimagen.net\/index.php?rest_route=%2Fwp%2Fv2%2Fmedia&parent=578880"}],"wp:term":[{"taxonomy":"category","embeddable":true,"href":"https:\/\/www.diarioimagen.net\/index.php?rest_route=%2Fwp%2Fv2%2Fcategories&post=578880"},{"taxonomy":"post_tag","embeddable":true,"href":"https:\/\/www.diarioimagen.net\/index.php?rest_route=%2Fwp%2Fv2%2Ftags&post=578880"}],"curies":[{"name":"wp","href":"https:\/\/api.w.org\/{rel}","templated":true}]}}