{"id":578989,"date":"2023-03-28T00:01:20","date_gmt":"2023-03-28T06:01:20","guid":{"rendered":"https:\/\/www.diarioimagen.net\/?p=578989"},"modified":"2023-03-28T01:37:00","modified_gmt":"2023-03-28T07:37:00","slug":"presentan-paquetes-y-recorridos-del-tren-maya-para-el-turismo","status":"publish","type":"post","link":"https:\/\/www.diarioimagen.net\/?p=578989","title":{"rendered":"Presentan paquetes y recorridos del Tren Maya para el turismo\u00a0"},"content":{"rendered":"<p>&nbsp;<\/p>\n<h3 style=\"text-align: center;\">Seguimiento de Sectur\u00a0al avance del proyecto<\/h3>\n<p>&nbsp;<\/p>\n<ul>\n<li><strong><em>Aseguran que se potenciar\u00e1 la derrama econ\u00f3mica y el gasto per c\u00e1pita<\/em><\/strong><\/li>\n<\/ul>\n<p><strong>\u00a0<\/strong><\/p>\n<div id=\"attachment_579093\" style=\"width: 470px\" class=\"wp-caption aligncenter\"><a href=\"https:\/\/www.diarioimagen.net\/?attachment_id=579093\" rel=\"attachment wp-att-579093\"><img loading=\"lazy\" decoding=\"async\" aria-describedby=\"caption-attachment-579093\" class=\"size-full wp-image-579093\" src=\"https:\/\/www.diarioimagen.net\/wp-content\/uploads\/2023\/03\/TREN1.jpg\" alt=\"\" width=\"460\" height=\"270\" \/><\/a><p id=\"caption-attachment-579093\" class=\"wp-caption-text\">La Sectur entreg\u00f3 una propuesta con 64 opciones de paquetes y recorridos a trav\u00e9s de las 20 estaciones que conformar\u00e1n el Tren Maya.<\/p><\/div>\n<p>&nbsp;<\/p>\n<p>El titular de la Secretar\u00eda de Turismo (Sectur), Miguel Torruco Marqu\u00e9s, precis\u00f3 que la dependencia a su cargo realiza las Sesiones Ordinarias del Comit\u00e9 T\u00e9cnico del Fondo Nacional de Fomento al Turismo (Fonatur) en las cuales se da puntual seguimiento a los proyectos que lleva a cabo, especialmente los avances del Tren Maya.<\/p>\n<p>Destac\u00f3 que en ese tenor, entreg\u00f3 al General de Brigada D.E.M. Ren\u00e9 Trujillo Miranda, Director General del Grupo Aeroportuario, Ferroviario y de Servicios Auxiliares Olmeca\u2013Maya\u2013Mexicana S.A. de C.V. una propuesta con 64 opciones de paquetes y recorridos a trav\u00e9s de las 20 estaciones que conformar\u00e1n el Tren Maya; y se realizar\u00e1n reuniones peri\u00f3dicas para coadyuvar con esta empresa, encargada de la futura operaci\u00f3n de este sistema ferroviario, con trabajos y estudios que aporten al cumplimiento de su objetivo.<\/p>\n<p>Indic\u00f3 tambi\u00e9n que estos recorridos, que se ofertar\u00e1n cuando se ponga en marcha este importante proyecto en diciembre de 2023, se realizaron de forma consensuada con agentes de viajes, gu\u00edas y titulares de Turismo de los estados de Chiapas, Tabasco, Campeche, Yucat\u00e1n y Quintana Roo.<\/p>\n<p>Torruco Marqu\u00e9s precis\u00f3 que estas opciones de paquetes optimizan el uso de la infraestructura, productos y servicios tur\u00edsticos existentes en 40 municipios y 181 localidades, los cuales se complementan con la construcci\u00f3n de seis hoteles del Tren Maya que se ubicar\u00e1n en distintos puntos a lo largo del recorrido.<\/p>\n<p>A trav\u00e9s de un cat\u00e1logo de 117 atractivos y destinos complementarios de turismo cultural y de naturaleza, se permite reconocer los puntos de inter\u00e9s tur\u00edstico para elegir estancias de una a tres noches en la zona de cada una de las estaciones del Tren Maya, que recorrer\u00e1 los estados de Quintana Roo, Yucat\u00e1n, Campeche, Chiapas y Tabasco.<\/p>\n<p>El secretario de Turismo destac\u00f3 que el documento establece actividades alrededor de cada una de las estaciones. As\u00ed, un turista nacional o proveniente del extranjero podr\u00e1 vivir la experiencia de estar a bordo del Tren Maya, adem\u00e1s de pernoctar y visitar a lo largo de la ruta diversos sitios y atractivos tur\u00edsticos como 14 Pueblos M\u00e1gicos, 6 sitios Patrimonio Mundial de la Humanidad, 18 para\u00edsos ind\u00edgenas, 50 zonas arqueol\u00f3gicas y 29 destinos o localidades complementarias, entre otros.<\/p>\n<p>Agreg\u00f3 que, con el prop\u00f3sito de aprovechar la infraestructura existente, as\u00ed como complementar las posibilidades actuales de visita de segmentos como el Turismo de Reuniones, Romance, Salud, Bienestar y de Retiro, el documento sugiere que 44 de las 64 opciones de recorrido pueden enriquecer la oferta actual.<\/p>\n<p style=\"text-align: center;\"><strong>Promover\u00e1n gastronom\u00eda del sureste\u00a0\u00a0<\/strong><\/p>\n<p>Torruco Marqu\u00e9s se\u00f1al\u00f3 que la experiencia tur\u00edstica a bordo de los 42 trenes y un total de 219 vagones, se complementa con las sugerencias de \u201cLos Men\u00fas de la Ruta del Tren Maya\u201d integradas por los platillos m\u00e1s representativos de la gastronom\u00eda de los estados del sureste mexicano.<\/p>\n<p>Esta propuesta, dise\u00f1ada con la asesor\u00eda del chef Jorge Orozco, incluye m\u00e1s de 30 patillos propios para el desayuno, comida y cena, como por ejemplo los tamales de chipil\u00edn, los huevos motule\u00f1os, los panuchos, la cochinita pibil, el tzic de venado, la sopa de lima, el queso relleno y los papadzules, por mencionar algunos.<\/p>\n<p>As\u00ed como m\u00e1s de 10 postres como las tradicionales marquesitas, los chocolates artesanales, la cocada de chocolate y el dulce de nance y, por supuesto, bebidas t\u00edpicas de esta regi\u00f3n como son el caf\u00e9, el pozol, el agua y el t\u00e9 de chaya, las aguas de pitahaya y de lima, el xtabent\u00fan, la mistela o el coctel Riviera Maya y las imperdibles mexicanas como son el tequila, el mezcal, el vino, el pulque y las cervezas artesanales. Con el prop\u00f3sito de que el Tren Maya se consolide como uno de los proyectos tur\u00edsticos m\u00e1s importantes del mundo, en el marco de la feria ITB en Berl\u00edn, Alemania, el secretario de Turismo sostuvo un encuentro con directivos de la empresa Lernidee Trenes y Cruceros, uno de los principales touroperadores internacionales que ofrecen experiencias extraordinarias, especializada en paquetes de trenes tur\u00edsticos del mundo.<\/p>\n","protected":false},"excerpt":{"rendered":"<p>El titular de la Secretar\u00eda de Turismo (Sectur), Miguel Torruco Marqu\u00e9s, precis\u00f3 que la dependencia a su cargo realiza las Sesiones Ordinarias del Comit\u00e9 T\u00e9cnico del Fondo Nacional de Fomento al Turismo (Fonatur) en las cuales se da puntual seguimiento a los proyectos que lleva a cabo, especialmente los avances del Tren Maya.<\/p>\n","protected":false},"author":3,"featured_media":579093,"comment_status":"open","ping_status":"open","sticky":false,"template":"","format":"standard","meta":{"_monsterinsights_skip_tracking":false,"_monsterinsights_sitenote_active":false,"_monsterinsights_sitenote_note":"","_monsterinsights_sitenote_category":0,"footnotes":""},"categories":[11],"tags":[5520,76415,43681],"class_list":["post-578989","post","type-post","status-publish","format-standard","has-post-thumbnail","hentry","category-turismo","tag-fonatur","tag-tren-maya","tag-turismo"],"_links":{"self":[{"href":"https:\/\/www.diarioimagen.net\/index.php?rest_route=\/wp\/v2\/posts\/578989","targetHints":{"allow":["GET"]}}],"collection":[{"href":"https:\/\/www.diarioimagen.net\/index.php?rest_route=\/wp\/v2\/posts"}],"about":[{"href":"https:\/\/www.diarioimagen.net\/index.php?rest_route=\/wp\/v2\/types\/post"}],"author":[{"embeddable":true,"href":"https:\/\/www.diarioimagen.net\/index.php?rest_route=\/wp\/v2\/users\/3"}],"replies":[{"embeddable":true,"href":"https:\/\/www.diarioimagen.net\/index.php?rest_route=%2Fwp%2Fv2%2Fcomments&post=578989"}],"version-history":[{"count":0,"href":"https:\/\/www.diarioimagen.net\/index.php?rest_route=\/wp\/v2\/posts\/578989\/revisions"}],"wp:featuredmedia":[{"embeddable":true,"href":"https:\/\/www.diarioimagen.net\/index.php?rest_route=\/wp\/v2\/media\/579093"}],"wp:attachment":[{"href":"https:\/\/www.diarioimagen.net\/index.php?rest_route=%2Fwp%2Fv2%2Fmedia&parent=578989"}],"wp:term":[{"taxonomy":"category","embeddable":true,"href":"https:\/\/www.diarioimagen.net\/index.php?rest_route=%2Fwp%2Fv2%2Fcategories&post=578989"},{"taxonomy":"post_tag","embeddable":true,"href":"https:\/\/www.diarioimagen.net\/index.php?rest_route=%2Fwp%2Fv2%2Ftags&post=578989"}],"curies":[{"name":"wp","href":"https:\/\/api.w.org\/{rel}","templated":true}]}}