{"id":579002,"date":"2023-03-28T00:03:14","date_gmt":"2023-03-28T06:03:14","guid":{"rendered":"https:\/\/www.diarioimagen.net\/?p=579002"},"modified":"2023-03-27T23:37:02","modified_gmt":"2023-03-28T05:37:02","slug":"silencio-presidencial-a-senalamientos-de-iglesia","status":"publish","type":"post","link":"https:\/\/www.diarioimagen.net\/?p=579002","title":{"rendered":"Silencio presidencial a se\u00f1alamientos de Iglesia"},"content":{"rendered":"<h2>Espacio Electoral<\/h2>\n<h5>Eleazar Flores<\/h5>\n<p>&nbsp;<\/p>\n<p><strong>TAMPOCO LA ESPOSA RESUELVE-.<\/strong> Embelesado por estar a una semana de que el Instituto Nacional Electoral, INE, se ti\u00f1a de guinda, el presidente Andr\u00e9s Manuel L\u00f3pez Obrador ignora se\u00f1alamientos precisos de la Iglesia cat\u00f3lica, coincidentes, con el secretario de Estado, Antony Blinken, en el sentido de que hay zonas del pa\u00eds que controla el crimen organizado.<\/p>\n<p>Desinteresado por la seguridad nacional, para atender su prioridad que es que las cuatro plazas a renovarse en el INE sean cubiertas por morenistas, el mandatario comision\u00f3 a su esposa Beatriz Guti\u00e9rrez Muller como interlocutora con la Iglesia cat\u00f3lica, pero \u201cno opera\u201d.<\/p>\n<p>Los se\u00f1alamientos los hizo el arzobispo de Morelia Carlos Garfias Merlos, en amplia entrevista dada al reportero Jos\u00e9 Gil Olmos de la revista <em>Proceso<\/em> correspondiente a la semana que corre, en la que el ministro religioso lamenta que aun con los altos \u00edndices de violencia registrados a \u00faltimas fecha y que lejos de disminuir aumentan, para el gobierno no se ven acciones concretas.<\/p>\n<p>En su calidad de vicepresidente de la influyente Comisi\u00f3n del Episcopado Mexicano, CEM, el arzobispo de Morelia, Carlos Garfias Merlos, adelanta en dicha entrevista que la Iglesia cat\u00f3lica prepara un amplio informe que entregar\u00e1 al Papa Francisco en su pr\u00f3xima entrevista programada para el pr\u00f3ximo mes de abril.<\/p>\n<p>El crimen organizado s\u00ed controla parte del pa\u00eds, dice claramente el arzobispo Carlos Garfias Merlos, siendo coincidente su postura con la que en la C\u00e1mara de Representantes de la Uni\u00f3n Americana acept\u00f3 en d\u00edas pasados el secretario de Estado, Antony Blinken, a pregunta expresa de un integrante de dicha C\u00e1mara.<\/p>\n<p>El ministro religioso detalla pl\u00e1ticas con el presidente Andr\u00e9s Manuel L\u00f3pez Obrador quien textualmente le contest\u00f3 que les iba a \u201cmandar a Beatriz\u201d, refiri\u00e9ndose a su esposa Beatriz Guti\u00e9rrez M\u00fcller con el prop\u00f3sito de atender este asunto de la constante inseguridad, no solo ante y contra ministros de la iglesia cat\u00f3lica sino contra la poblaci\u00f3n en general.<\/p>\n<p>Carlos Garfias Merlos abund\u00f3 en la entrevista con Jos\u00e9 Gil Olmos que algunos ministros de la Iglesia cat\u00f3lica tendr\u00e1n dos entrevistas con el Papa Francisco, la primera en abril cuando entregar\u00e1n su informe acerca de la inseguridad mexicana que se padece y la otra ser\u00e1 en julio.<\/p>\n<p>Jalisco, Michoac\u00e1n y Guerrero son las entidades citadas por el arzobispo de Morelia, como zonas con mayores grados de inseguridad.<\/p>\n<p>La pregunta que parecer\u00eda inocente, pero no lo es tanto, es \u00bfa qu\u00e9 se debe que el Presidente mejor evaluado del mundo no responda directamente ante se\u00f1alamientos precisos del alto ministro de la Iglesia cat\u00f3lica?<\/p>\n<p>El dignatario ni siquiera particulariz\u00f3 con lo sufrido por el clero que ha registrado p\u00e9rdida de vidas, fue una queja general, como general es la violencia.<\/p>\n<p><em><a href=\"mailto:elefa44@gmail.com\" target=\"_blank\" rel=\"noopener noreferrer\">elefa44@gmail.com<\/a><\/em><\/p>\n","protected":false},"excerpt":{"rendered":"<p><span style=\"color: #005497;\"><strong>Eleazar Flores<\/strong><\/span><\/p>\n","protected":false},"author":3,"featured_media":0,"comment_status":"open","ping_status":"open","sticky":false,"template":"","format":"standard","meta":{"_monsterinsights_skip_tracking":false,"_monsterinsights_sitenote_active":false,"_monsterinsights_sitenote_note":"","_monsterinsights_sitenote_category":0,"footnotes":""},"categories":[81743],"tags":[81744,81776,43674],"class_list":["post-579002","post","type-post","status-publish","format-standard","hentry","category-eleazar-flores","tag-eleazar-flores","tag-espacio-electoral","tag-opinion"],"_links":{"self":[{"href":"https:\/\/www.diarioimagen.net\/index.php?rest_route=\/wp\/v2\/posts\/579002","targetHints":{"allow":["GET"]}}],"collection":[{"href":"https:\/\/www.diarioimagen.net\/index.php?rest_route=\/wp\/v2\/posts"}],"about":[{"href":"https:\/\/www.diarioimagen.net\/index.php?rest_route=\/wp\/v2\/types\/post"}],"author":[{"embeddable":true,"href":"https:\/\/www.diarioimagen.net\/index.php?rest_route=\/wp\/v2\/users\/3"}],"replies":[{"embeddable":true,"href":"https:\/\/www.diarioimagen.net\/index.php?rest_route=%2Fwp%2Fv2%2Fcomments&post=579002"}],"version-history":[{"count":0,"href":"https:\/\/www.diarioimagen.net\/index.php?rest_route=\/wp\/v2\/posts\/579002\/revisions"}],"wp:attachment":[{"href":"https:\/\/www.diarioimagen.net\/index.php?rest_route=%2Fwp%2Fv2%2Fmedia&parent=579002"}],"wp:term":[{"taxonomy":"category","embeddable":true,"href":"https:\/\/www.diarioimagen.net\/index.php?rest_route=%2Fwp%2Fv2%2Fcategories&post=579002"},{"taxonomy":"post_tag","embeddable":true,"href":"https:\/\/www.diarioimagen.net\/index.php?rest_route=%2Fwp%2Fv2%2Ftags&post=579002"}],"curies":[{"name":"wp","href":"https:\/\/api.w.org\/{rel}","templated":true}]}}