{"id":579010,"date":"2023-03-28T00:06:57","date_gmt":"2023-03-28T06:06:57","guid":{"rendered":"https:\/\/www.diarioimagen.net\/?p=579010"},"modified":"2023-03-27T23:44:58","modified_gmt":"2023-03-28T05:44:58","slug":"plan-c-con-allegados-a-morena","status":"publish","type":"post","link":"https:\/\/www.diarioimagen.net\/?p=579010","title":{"rendered":"\u201cPlan C\u201d, con allegados a Morena"},"content":{"rendered":"<h2>As\u00ed las cosas&#8230;<\/h2>\n<h5>Humberto Mares N.<\/h5>\n<p>&nbsp;<\/p>\n<p>La Suprema Corte de Justicia de la Naci\u00f3n (SCJN) respondi\u00f3 a la sociedad mexicana al paralizar el \u201cplan B\u201d electoral del presidente AMLO. El ministro Javier Laynez admiti\u00f3 a tr\u00e1mite la controversia presentada por el Instituto Nacional Electoral (INE) contra las reformas impulsadas desde Palacio Nacional y fren\u00f3 su aplicaci\u00f3n por tiempo indefinido.<\/p>\n<p>La reacci\u00f3n del Presidente L\u00f3pez como siempre. \u201cPueden frenar el plan B, porque son la misma mafia\u201d. Los conservadores no quieren que haya democracia\u201d. Claro la pregunta es: \u00bfCu\u00e1l democracia, la de Morena y el dedazo desde palacio? Pues la respuesta es no. El lunes 26 de febrero m\u00e1s de un mill\u00f3n y medio de mexicanos en todo el pa\u00eds salieron a las calles a decir que no queremos la democracia\u00a0 que quiere imponer la 4T.<\/p>\n<p>La respuesta esperada se dio a media semana, el \u201cplan C\u201d, que consiste apoderarse de los puestos directivo del INE, a trav\u00e9s de las elecciones de cuatro consejeros que tendr\u00e1n que elegirse, y para ello ya trabajaron los mapaches oficiales, al perfilar prospectos como candidatos en las quintetas enviadas al Comit\u00e9 de evaluaci\u00f3n de la C\u00e1mara de Diputados.<\/p>\n<p>La quinteta enviada a la Junta de Coordinaci\u00f3n Pol\u00edtica de la C\u00e1mara de Diputados est\u00e1 integrada por cinco mujeres propuestas. Bertha Mar\u00eda Alcalde Luj\u00e1n, hermana de la secretar\u00eda del Trabajo e hija de dos personajes muy ligados a Palacio Nacional y a Morena. Le acompa\u00f1an en la quinteta Guadalupe \u00c1lvarez Rasc\u00f3n, Zircey Bautista Arreola, Rebeca Barrera Amador y Guadalupe Addei Zavala son las propuesta para elegir a la pr\u00f3xima Presidenta del INE, que hoy martes se llevar\u00e1 a cabo la primera auscultaci\u00f3n para tener, el pr\u00f3ximo jueves, una propuesta de cuatro nombres de aspirantes una por cada quinteta enviada. Ninguna de estas personas tienen experiencia de alta direcci\u00f3n, s\u00f3lo de participaci\u00f3n en puestos menores o familiares de pol\u00edticos allegados a Morena.<\/p>\n<p>La forma en que la 4T quiere tomar por asalto al INE, es por dem\u00e1s grotesca y hasta c\u00ednica. Mire usted los parentescos de las propuestas para elegir a la pr\u00f3xima presidenta del Consejo General del INE. Bertha Mar\u00eda Alcalde Luj\u00e1n es hermana de la secretaria del Trabajo e hija de Bertha Luj\u00e1n quien encabez\u00f3 hasta hace poco, el Consejo Nacional de Morena.<\/p>\n<p>Zircey Bautista es esposa del subsecretario de Sedatu, Daniel Fajardo. Guadalupe Taddei Zavala es prima del super delgado del gobierno federal en Sonora, Jorge Luis, y t\u00eda de Pablo Taddei, reci\u00e9n nombrado director de la paraestatal del litio tambi\u00e9n en Sonora.<\/p>\n<p>Esto s\u00f3lo por nombrar algunos de sus alfiles a presentar, que tendr\u00e1n que ser analizados y estudiados por el comit\u00e9 de evaluaci\u00f3n que trabajar\u00e1 en la C\u00e1mara y conformar\u00e1 la propuesta de los cuatro nuevos elementos para integrarse al Consejo General del INE.\u00a0 Se requiere para su aprobaci\u00f3n las dos terceras partes del pleno. De no lograrse consenso, se ser\u00e1 por insaculaci\u00f3n.<\/p>\n<p style=\"text-align: center;\"><strong>Presidencia impugna la suspensi\u00f3n a \u201cplan B\u201d<\/strong><\/p>\n<p>La respuesta oficial va dirigida al ministro Javier Laynez. La Presidencia de la Rep\u00fablica prepara la respuesta legal y oficial mediante una impugnaci\u00f3n al fallo de la Suprema Corte (SCJN) que suspendi\u00f3 la aplicaci\u00f3n del \u201cplan B\u201d electoral del gobierno.<\/p>\n<p>A trav\u00e9s de la Consejer\u00eda Jur\u00eddica de la Presidencia de la Rep\u00fablica acus\u00f3 que para \u201cconceder suspensi\u00f3n, el ministro Javier Laynez arranc\u00f3 hojas a la Constituci\u00f3n\u201d. En un comunicado, el equipo jur\u00eddico de la Presidencia de la Rep\u00fablica consider\u00f3 que la Constituci\u00f3n s\u00f3lo faculta a la Corte para conocer de las controversias cuando se cuestionen normas generales, actos u omisiones, con excepci\u00f3n de las de materia electoral, porque existe una restricci\u00f3n en la Carta Magna para que no se discutan las reglas electorales entre los \u00f3rganos del Estado.<\/p>\n<p>El asunto jur\u00eddico, materia del senador German Mart\u00ednez, como abogado siempre oportuno, coment\u00f3 puntualmente que el ministro Laynez no le arranc\u00f3 paginas a la Constituci\u00f3n sino m\u00e1s bien hizo valer la Constituci\u00f3n y de paso le record\u00f3 a la Consejer\u00eda Jur\u00eddica que seg\u00fan el art\u00edculo 41 y 49 de la Constituci\u00f3n, el pueblo ejerce su soberan\u00eda por medio de los tres Poderes de la Uni\u00f3n y que el supremo Poder de la Federaci\u00f3n se divide para su ejercicio en el Legislativo, Ejecutivo y Judicial. Es decir divisi\u00f3n de poderes y autonom\u00eda de los mismos.<\/p>\n<p style=\"text-align: center;\"><strong>Apuntes<\/strong><\/p>\n<p>Los aspirantes a elecciones siguen en la ruta sin freno. Delfina G\u00f3mez se registr\u00f3 ante la autoridad por parte de Morena. Los n\u00fameros de las encuestas van y vienen. Alejandra Del Moral sigue con su trabajo e insiste en que la maestra G\u00f3mez asista a cinco debates, pero Morena no quiere. Seguramente no tienen el suficiente parque para llegar a esa batalla o su maestra no est\u00e1 lo suficientemente preparada para ello.<\/p>\n<p>Las \u201ccorcholatas\u201d de Palacio Nacional est\u00e1n a todo. Marcelo recorriendo el pa\u00eds con buenos comentarios sobre su libro; Claudia se acerc\u00f3 a Movimiento Ciudadano y dice que se ve como presidenta con Marcelo y Ad\u00e1n en su gabinete. Ad\u00e1n y Ricardo siguen en sus recorridos sin impactar los n\u00fameros. As\u00ed las cosas, hasta pronto. Use cubrebocas.<\/p>\n<p><a href=\"mailto:hmares21@gmail.com\" target=\"_blank\" rel=\"noopener\"><em>hmares21@gmail.com<\/em><\/a><\/p>\n","protected":false},"excerpt":{"rendered":"<p><span style=\"color: #005497;\"><strong>Humberto Mares N.<\/strong><\/span><\/p>\n","protected":false},"author":3,"featured_media":0,"comment_status":"open","ping_status":"open","sticky":false,"template":"","format":"standard","meta":{"_monsterinsights_skip_tracking":false,"_monsterinsights_sitenote_active":false,"_monsterinsights_sitenote_note":"","_monsterinsights_sitenote_category":0,"footnotes":""},"categories":[15043],"tags":[92044,92045,43674],"class_list":["post-579010","post","type-post","status-publish","format-standard","hentry","category-humberto-mares-n","tag-asi-las-cosas","tag-humberto-mares-n","tag-opinion"],"_links":{"self":[{"href":"https:\/\/www.diarioimagen.net\/index.php?rest_route=\/wp\/v2\/posts\/579010","targetHints":{"allow":["GET"]}}],"collection":[{"href":"https:\/\/www.diarioimagen.net\/index.php?rest_route=\/wp\/v2\/posts"}],"about":[{"href":"https:\/\/www.diarioimagen.net\/index.php?rest_route=\/wp\/v2\/types\/post"}],"author":[{"embeddable":true,"href":"https:\/\/www.diarioimagen.net\/index.php?rest_route=\/wp\/v2\/users\/3"}],"replies":[{"embeddable":true,"href":"https:\/\/www.diarioimagen.net\/index.php?rest_route=%2Fwp%2Fv2%2Fcomments&post=579010"}],"version-history":[{"count":0,"href":"https:\/\/www.diarioimagen.net\/index.php?rest_route=\/wp\/v2\/posts\/579010\/revisions"}],"wp:attachment":[{"href":"https:\/\/www.diarioimagen.net\/index.php?rest_route=%2Fwp%2Fv2%2Fmedia&parent=579010"}],"wp:term":[{"taxonomy":"category","embeddable":true,"href":"https:\/\/www.diarioimagen.net\/index.php?rest_route=%2Fwp%2Fv2%2Fcategories&post=579010"},{"taxonomy":"post_tag","embeddable":true,"href":"https:\/\/www.diarioimagen.net\/index.php?rest_route=%2Fwp%2Fv2%2Ftags&post=579010"}],"curies":[{"name":"wp","href":"https:\/\/api.w.org\/{rel}","templated":true}]}}