{"id":579137,"date":"2023-03-29T00:02:09","date_gmt":"2023-03-29T06:02:09","guid":{"rendered":"https:\/\/www.diarioimagen.net\/?p=579137"},"modified":"2023-03-29T01:43:10","modified_gmt":"2023-03-29T07:43:10","slug":"el-edomex-no-se-negocia-ni-se-entrega-afirma-la-priista-alejandra-del-moral-vela","status":"publish","type":"post","link":"https:\/\/www.diarioimagen.net\/?p=579137","title":{"rendered":"El Edomex no se negocia ni se entrega, afirma la priista Alejandra del Moral Vela"},"content":{"rendered":"<p>&nbsp;<\/p>\n<ul>\n<li><em><strong>\u201cVolveremos a ganar la gubernatura\u201d<\/strong><\/em><\/li>\n<\/ul>\n<p><strong>\u00a0<\/strong><\/p>\n<h6>Arturo Baena<\/h6>\n<p>&nbsp;<\/p>\n<div id=\"attachment_579215\" style=\"width: 470px\" class=\"wp-caption aligncenter\"><a href=\"https:\/\/www.diarioimagen.net\/?attachment_id=579215\" rel=\"attachment wp-att-579215\"><img loading=\"lazy\" decoding=\"async\" aria-describedby=\"caption-attachment-579215\" class=\"size-full wp-image-579215\" src=\"https:\/\/www.diarioimagen.net\/wp-content\/uploads\/2023\/03\/edomex-no-se-negocia.jpg\" alt=\"\" width=\"460\" height=\"270\" \/><\/a><p id=\"caption-attachment-579215\" class=\"wp-caption-text\">La precandidata priista al gobierno del Edomex, Alejandra Del Moral Vela, asegur\u00f3 que la entidad no se entrega ni se negocia.<\/p><\/div>\n<p>&nbsp;<\/p>\n<p><strong>Valle de M\u00e9xico.\u2014<\/strong> Alejandra Del Moral Vela, precandidata electa de la coalici\u00f3n Va por el Estado de M\u00e9xico\u201d a la gubernatura mexiquense, asegur\u00f3 que \u201c la entidad no se entrega ni se negocia, sino que se gana en las urnas y en este 2023, el Partido Revolucionario Institucional (PRI) la volver\u00e1 a ganar\u201d.<\/p>\n<p>Ante cientos de militantes, Del Moral, afirm\u00f3 que M\u00e9xico est\u00e1 viviendo una pandemia de populismo pendenciero y beligerante que representa una verdadera amenaza para el Estado de M\u00e9xico, por lo que es momento de demostrar que la entidad sabe de verdadera pol\u00edtica, \u201cy cuando entregamos nuestra palabra, la entregamos de una pieza\u201d.<\/p>\n<p>En el Centro de Capacitaci\u00f3n del Militante del PRI, Alejandra Del Moral Vela coment\u00f3 que los priistas saben que lo cort\u00e9s no quita lo valiente, por lo que reiter\u00f3 que no hablar\u00e1 mal de su adversaria, pues lo primero es la sororidad y dar\u00e1 la batalla por su g\u00e9nero y su generaci\u00f3n.<\/p>\n<p>\u201cNuestro objetivo es derrotar la voracidad de un sistema que amenaza con destruir a las instituciones, las libertades, la democracia y el bienestar de las familias mexiquenses\u201d, extern\u00f3 la abanderada aliancista.<\/p>\n<p>Sostuvo que los priistas mexiquenses demostrar\u00e1n por qu\u00e9 son el mejor PRI de todo el pa\u00eds, pues el futuro de M\u00e9xico pasa por el Estado de M\u00e9xico\u00a0 y en una semana, el ej\u00e9rcito de priistas mexiquense recorrer\u00e1 los 125 municipios de la entidad.<\/p>\n<p>Al resaltar que el gobernador Alfredo Del Mazo Maza ha sido, es y ser\u00e1, un baluarte para el partido, Alejandra Del Moral trabaj\u00f3 con las estructuras priistas, las cuales comprometieron lealtad y disciplina en la pr\u00f3xima contienda electoral.<\/p>\n<p>Al dejar en claro que se defender\u00e1 al Estado de M\u00e9xico, el presidente del Comit\u00e9 Directivo Estatal (CDE) del tricolor, Eric Sevilla, asegur\u00f3 que \u201caqu\u00ed no pasar\u00e1n las ocurrencias ni las improvisaciones, le lleg\u00f3 su hora al r\u00e9gimen que le ha fallado a los mexicanos\u201d.<\/p>\n","protected":false},"excerpt":{"rendered":"<p>Alejandra Del Moral Vela, precandidata electa de la coalici\u00f3n Va por el Estado de M\u00e9xico\u201d a la gubernatura mexiquense, asegur\u00f3 que \u201c la entidad no se entrega ni se negocia, sino que se gana en las urnas y en este 2023, el Partido Revolucionario Institucional (PRI) la volver\u00e1 a ganar\u201d.<\/p>\n","protected":false},"author":3,"featured_media":579215,"comment_status":"open","ping_status":"open","sticky":false,"template":"","format":"standard","meta":{"_monsterinsights_skip_tracking":false,"_monsterinsights_sitenote_active":false,"_monsterinsights_sitenote_note":"","_monsterinsights_sitenote_category":0,"footnotes":""},"categories":[5],"tags":[2833,24769,97605],"class_list":["post-579137","post","type-post","status-publish","format-standard","has-post-thumbnail","hentry","category-estado-de-mexico","tag-alejandra-del-moral-vela","tag-entrega","tag-gubernagtura"],"_links":{"self":[{"href":"https:\/\/www.diarioimagen.net\/index.php?rest_route=\/wp\/v2\/posts\/579137","targetHints":{"allow":["GET"]}}],"collection":[{"href":"https:\/\/www.diarioimagen.net\/index.php?rest_route=\/wp\/v2\/posts"}],"about":[{"href":"https:\/\/www.diarioimagen.net\/index.php?rest_route=\/wp\/v2\/types\/post"}],"author":[{"embeddable":true,"href":"https:\/\/www.diarioimagen.net\/index.php?rest_route=\/wp\/v2\/users\/3"}],"replies":[{"embeddable":true,"href":"https:\/\/www.diarioimagen.net\/index.php?rest_route=%2Fwp%2Fv2%2Fcomments&post=579137"}],"version-history":[{"count":0,"href":"https:\/\/www.diarioimagen.net\/index.php?rest_route=\/wp\/v2\/posts\/579137\/revisions"}],"wp:featuredmedia":[{"embeddable":true,"href":"https:\/\/www.diarioimagen.net\/index.php?rest_route=\/wp\/v2\/media\/579215"}],"wp:attachment":[{"href":"https:\/\/www.diarioimagen.net\/index.php?rest_route=%2Fwp%2Fv2%2Fmedia&parent=579137"}],"wp:term":[{"taxonomy":"category","embeddable":true,"href":"https:\/\/www.diarioimagen.net\/index.php?rest_route=%2Fwp%2Fv2%2Fcategories&post=579137"},{"taxonomy":"post_tag","embeddable":true,"href":"https:\/\/www.diarioimagen.net\/index.php?rest_route=%2Fwp%2Fv2%2Ftags&post=579137"}],"curies":[{"name":"wp","href":"https:\/\/api.w.org\/{rel}","templated":true}]}}