{"id":579154,"date":"2023-03-29T00:03:30","date_gmt":"2023-03-29T06:03:30","guid":{"rendered":"https:\/\/www.diarioimagen.net\/?p=579154"},"modified":"2023-03-29T22:13:45","modified_gmt":"2023-03-30T04:13:45","slug":"van-80-km-de-via-terminada-en-el-tramo-2-del-tren-maya","status":"publish","type":"post","link":"https:\/\/www.diarioimagen.net\/?p=579154","title":{"rendered":"Van 80 km de v\u00eda terminada\u00a0en el Tramo 2 del Tren Maya"},"content":{"rendered":"<p>&nbsp;<\/p>\n<h3 style=\"text-align: center;\">Informe de Fonatur<\/h3>\n<p>&nbsp;<\/p>\n<ul>\n<li><em><strong>Ya cuenta con el 100% de balasto, riel y durmientes, de Esc\u00e1rcega a Calkin\u00ed<\/strong><\/em><\/li>\n<\/ul>\n<p><strong>\u00a0<\/strong><\/p>\n<div id=\"attachment_579223\" style=\"width: 470px\" class=\"wp-caption aligncenter\"><a href=\"https:\/\/www.diarioimagen.net\/?attachment_id=579223\" rel=\"attachment wp-att-579223\"><img loading=\"lazy\" decoding=\"async\" aria-describedby=\"caption-attachment-579223\" class=\"size-full wp-image-579223\" src=\"https:\/\/www.diarioimagen.net\/wp-content\/uploads\/2023\/03\/TREN01-11.jpg\" alt=\"\" width=\"460\" height=\"270\" \/><\/a><p id=\"caption-attachment-579223\" class=\"wp-caption-text\">Fonatur anuncia que el Tramo 2 del Tren Maya ya cuenta con el ciento por ciento del balasto, riel y durmientes requeridos.<\/p><\/div>\n<p>&nbsp;<\/p>\n<p>De acuerdo con el director general del Fondo Nacional de Fomento al Turismo (Fonatur), Javier May Rodr\u00edguez, el Tramo 2 del Tren Maya ya cuenta con el ciento por ciento del balasto, riel y durmientes requeridos, de Esc\u00e1rcega a Calkin\u00ed, en Campeche, donde ya se tienen tambi\u00e9n 80 kil\u00f3metros de v\u00eda terminada y avance de 87 por ciento del viaducto La Hoya.<\/p>\n<p>Al presentar el informe integral del Tramo 2 del Tren Maya en la conferencia de prensa del presidente Andr\u00e9s Manuel L\u00f3pez Obrador, con la presencia de la gobernadora de Campeche, Layda Sansores San Rom\u00e1n, subray\u00f3 que, con 12 mil empleos generados, las obras de drenaje registran avance de 70 por ciento, mientras que los 10 viaductos que se construyen llevan 60 por ciento.<\/p>\n<p>Destac\u00f3 que ya se tiene la mitad de los 148 pasos peatonales, vehiculares y de fauna que se requieren en este tramo donde tambi\u00e9n hay 18.7 kil\u00f3metros de un libramiento ferroviario para facilitar el acceso a la hist\u00f3rica ciudad de Campeche.<\/p>\n<p>Record\u00f3 que el tramo 2 consta de 234 kil\u00f3metros enteramente en el estado de Campeche, donde cruza por seis municipios y cuenta con dos estaciones, en Edzn\u00e1 y San Francisco Campeche, as\u00ed como tres paraderos, Tenabo, Hecelchak\u00e1n y Carrillo Puerto. En la estaci\u00f3n de San Francisco Campeche se construye una cochera para los trenes, y en la de Edzn\u00e1 se levanta una base de mantenimiento para la v\u00eda y un Hotel Tren Maya, adem\u00e1s de que se mejoran las zonas arqueol\u00f3gicas de Edzn\u00e1 y Xcalumk\u00edn, donde tambi\u00e9n se construyen Centros de Atenci\u00f3n a Visitantes.<\/p>\n<p>\u201cViajar por el Tramo 2 -refiri\u00f3 May Rodr\u00edguez- permitir\u00e1 conocer y disfrutar lugares emblem\u00e1ticos, como la hist\u00f3rica ciudad de Campeche, el r\u00edo Champot\u00f3n, la zona arqueol\u00f3gica de Edzn\u00e1 y el museo de Hecelchak\u00e1n, adem\u00e1s de que se podr\u00e1 disfrutar de la gastronom\u00eda y las artesan\u00edas campechanas\u201d.<\/p>\n<p>Por su parte, la gobernadora de Campeche, Layda Sansores San Roma\u0301n, afirm\u00f3 que s\u00f3lo quienes viven los desaf\u00edos en la construcci\u00f3n del Tren Maya se dan cuenta de lo colosal de la obra que, -dijo- llevar\u00e1 a Campeche desarrollo con justicia y rescatar\u00e1 la cultura maya.<\/p>\n<p><strong>Preservar\u00e1n ecosistemas naturales\u00a0\u00a0<\/strong><\/p>\n<p>Por su parte, la secretaria de Medio Ambiente y Recursos Naturales, Mar\u00eda Luisa Albores Gonz\u00e1lez, destac\u00f3 que en el tramo 2 del Tren Maya\u00a0se tienen m\u00e1s de 48 mil hect\u00e1reas de seis ejidos certificados como \u00e1reas destinadas voluntariamente a la conservaci\u00f3n\u00a0(ADVC) para favorecer la continuidad de los ecosistemas naturales, el flujo de especies y el mantenimiento de los servicios ambientales.<\/p>\n<p>La secretaria de Bienestar, Ariadna Montiel Reyes, inform\u00f3 que, en los cinco estados del Tren Maya, la Pensi\u00f3n para el Bienestar de las Personas con Discapacidad se entrega a 165 mil 31 derechohabientes con inversi\u00f3n social anual de dos mil 980 millones de pesos. En Campeche, que alberga el tramo 2, la pensi\u00f3n beneficia a 14 mil 272 personas con inversi\u00f3n de 253 millones de pesos.<\/p>\n<p>El director general del Instituto Nacional de Antropologi\u0301a e Historia (INAH), Diego Prieto Herna\u0301ndez, dijo que en el tramo 2 la obra ya tiene el visto bueno en un cien por ciento y en ella se han localizado ocho monumentos de valor excepcional que han sido conservados por completo, adem\u00e1s de cuatro mil bienes inmuebles, 268 mil tiestos de cer\u00e1mica analizados y 281 enterramientos humanos. El jefe del Centro Coordinador de Operaciones (CCO) del Tren Maya, adscrito a la Direcci\u00f3n General de Ingenieros de la Secretar\u00eda de la Defensa Nacional (Sedena), Blas Andr\u00e9s N\u00fa\u00f1ez Jord\u00e1n, destac\u00f3 que el Hotel Tren Maya Edzn\u00e1 estar\u00e1 listo en noviembre pr\u00f3ximo a s\u00f3lo un kil\u00f3metro de la zona arqueol\u00f3gica y a 15 minutos de la estaci\u00f3n Edzn\u00e1, lo que permitir\u00e1 al turismo nacional y extranjero disfrutar de una experiencia m\u00e1s c\u00f3moda.<\/p>\n<p>Y finalmente, el director general de Grupo Carso, Antonio Go\u0301mez Garci\u0301a, confirm\u00f3 que en el tramo 2 del Tren Maya se tiene el cien por ciento de 433 mil durmientes fabricados y en sitio; de 776 mil metros c\u00fabicos de balasto y de 431 mil fijaciones para riel en sitio, adem\u00e1s de 93 por ciento de 21 millones de metros c\u00fabicos de terracer\u00eda.<\/p>\n","protected":false},"excerpt":{"rendered":"<p>De acuerdo con el director general del Fondo Nacional de Fomento al Turismo (Fonatur), Javier May Rodr\u00edguez, el Tramo 2 del Tren Maya ya cuenta con el ciento por ciento del balasto, riel y durmientes requeridos, de Esc\u00e1rcega a Calkin\u00ed, en Campeche, donde ya se tienen tambi\u00e9n 80 kil\u00f3metros de v\u00eda terminada y avance de 87 por ciento del viaducto La Hoya.<\/p>\n","protected":false},"author":3,"featured_media":579223,"comment_status":"open","ping_status":"open","sticky":false,"template":"","format":"standard","meta":{"_monsterinsights_skip_tracking":false,"_monsterinsights_sitenote_active":false,"_monsterinsights_sitenote_note":"","_monsterinsights_sitenote_category":0,"footnotes":""},"categories":[3],"tags":[2172,43673,76415],"class_list":["post-579154","post","type-post","status-publish","format-standard","has-post-thumbnail","hentry","category-nacional","tag-avance","tag-nacional","tag-tren-maya"],"_links":{"self":[{"href":"https:\/\/www.diarioimagen.net\/index.php?rest_route=\/wp\/v2\/posts\/579154","targetHints":{"allow":["GET"]}}],"collection":[{"href":"https:\/\/www.diarioimagen.net\/index.php?rest_route=\/wp\/v2\/posts"}],"about":[{"href":"https:\/\/www.diarioimagen.net\/index.php?rest_route=\/wp\/v2\/types\/post"}],"author":[{"embeddable":true,"href":"https:\/\/www.diarioimagen.net\/index.php?rest_route=\/wp\/v2\/users\/3"}],"replies":[{"embeddable":true,"href":"https:\/\/www.diarioimagen.net\/index.php?rest_route=%2Fwp%2Fv2%2Fcomments&post=579154"}],"version-history":[{"count":0,"href":"https:\/\/www.diarioimagen.net\/index.php?rest_route=\/wp\/v2\/posts\/579154\/revisions"}],"wp:featuredmedia":[{"embeddable":true,"href":"https:\/\/www.diarioimagen.net\/index.php?rest_route=\/wp\/v2\/media\/579223"}],"wp:attachment":[{"href":"https:\/\/www.diarioimagen.net\/index.php?rest_route=%2Fwp%2Fv2%2Fmedia&parent=579154"}],"wp:term":[{"taxonomy":"category","embeddable":true,"href":"https:\/\/www.diarioimagen.net\/index.php?rest_route=%2Fwp%2Fv2%2Fcategories&post=579154"},{"taxonomy":"post_tag","embeddable":true,"href":"https:\/\/www.diarioimagen.net\/index.php?rest_route=%2Fwp%2Fv2%2Ftags&post=579154"}],"curies":[{"name":"wp","href":"https:\/\/api.w.org\/{rel}","templated":true}]}}