{"id":579167,"date":"2023-03-29T00:01:30","date_gmt":"2023-03-29T06:01:30","guid":{"rendered":"https:\/\/www.diarioimagen.net\/?p=579167"},"modified":"2023-03-30T00:44:59","modified_gmt":"2023-03-30T06:44:59","slug":"los-sabores-de-yucatan-invaden-la-cdmx","status":"publish","type":"post","link":"https:\/\/www.diarioimagen.net\/?p=579167","title":{"rendered":"Miguel Torruco y Claudia Sheinbaum inauguran el Tianguis Tur\u00edstico en la CDMX"},"content":{"rendered":"<h2>De cinco estrellas<\/h2>\n<h5>Victoria Gonz\u00e1lez Prado<\/h5>\n<p>&nbsp;<\/p>\n<ul>\n<li><strong><em>El <\/em>\u201cYucatuck\u201d, food truck<em> lleg\u00f3 a la capital para deleitar con tacos de cochinita pibil<\/em><\/strong><\/li>\n<\/ul>\n<p>&nbsp;<\/p>\n<div id=\"attachment_579382\" style=\"width: 470px\" class=\"wp-caption aligncenter\"><a href=\"https:\/\/www.diarioimagen.net\/?attachment_id=579382\" rel=\"attachment wp-att-579382\"><img loading=\"lazy\" decoding=\"async\" aria-describedby=\"caption-attachment-579382\" class=\"wp-image-579382 size-full\" src=\"https:\/\/www.diarioimagen.net\/wp-content\/uploads\/2023\/03\/turismo-10.jpg\" alt=\"\" width=\"460\" height=\"270\" \/><\/a><p id=\"caption-attachment-579382\" class=\"wp-caption-text\">El Tianguis Tur\u00edstico de M\u00e9xico da la oportunidad de que la industria tur\u00edstica del pa\u00eds exponga sus innovaciones.<\/p><\/div>\n<p>&nbsp;<\/p>\n<p>Quienes nos reunimos en el Centro Citibanamex, en Ciudad de M\u00e9xico, nos quedamos esperado la llegada del presidente <strong>Andr\u00e9s Manuel L\u00f3pez Obrador<\/strong>, quien decidi\u00f3 supervisar las obras del Tren Maya y no logr\u00f3 llegar a tiempo para la inauguraci\u00f3n de la 47 versi\u00f3n del Tianguis Tur\u00edstico en la Ciudad de M\u00e9xico.<\/p>\n<p>As\u00ed ante autoridades, funcionarios, empresarios y medios de comunicaci\u00f3n <strong>Claudia Sheinbaum Pardo<\/strong>, jefa del gobierno de la Ciudad de M\u00e9xico, al ser la primera en tomar la palabra, resalt\u00f3 la importancia de que por primera vez se realice el evento m\u00e1s importante de Am\u00e9rica Latina en la capital del pa\u00eds.<\/p>\n<p>Asegur\u00f3 que \u201cla Ciudad de M\u00e9xico es capital cultural de Am\u00e9rica, metr\u00f3poli de fama mundial. Alegre, hospitalaria y orgullosa de su pasado, presente y futuro\u201d, y agradeci\u00f3 a todas las personas que hicieron posible el magno evento.<\/p>\n<p>De igual forma destac\u00f3 los atractivos de la Ciudad de M\u00e9xico, como el Bosque de Chapultepec, la zona arqueol\u00f3gica de Cuicuilco, 16 parques urbanos nuevos, los museos, murales citadinos y su gastronom\u00eda. No dej\u00f3 pasar por alto los eventos de los que la capital del pa\u00eds es sede, como el Gran Premio de M\u00e9xico de F\u00f3rmula 1 y el desfile del D\u00eda de Muertos.<\/p>\n<p>Al referirse al turismo asegur\u00f3 que la capital del pa\u00eds ha recibido 51 premios internacionales y nacionales por su diversidad, cultura y tradici\u00f3n. \u201cDe ser el s\u00e9ptimo lugar m\u00e1s visitado, M\u00e9xico pas\u00f3 a ser el segundo pa\u00eds m\u00e1s visitado en 2022\u201d.<\/p>\n<p>Por su parte<strong>, H\u00e9ctor Tejada Shaar<\/strong>, presidente de la Confederaci\u00f3n de C\u00e1maras Nacionales de Comercio, Servicios y Turismo (Concanaco Servytur), se refri\u00f3 al programa, \u201cConoce M\u00e9xico\u201d, plataforma que funciona como escaparate del pa\u00eds y a trav\u00e9s de la que los turistas pueden descubrir todas las experiencias que ofrece esta sorprendente naci\u00f3n e invit\u00f3 a conocer otras herramientas que han sido creadas en pro del turismo y. al concluir dijo, \u201csigamos haciendo un M\u00e9xico m\u00e1gico\u201d, agreg\u00f3.<\/p>\n<p>Cabe destacar que se entregaron reconocimientos a personajes destacados en el mundo tur\u00edstico como <strong>Rosario Mar\u00edn<\/strong>, primera tesorera mexicana en Estados Unidos; <strong>Juan Antonio Hern\u00e1ndez Venegas<\/strong>, due\u00f1o de la cadena de hoteles Mundo Imperial; al chef <strong>Jorge Orozco<\/strong>, por su excelente trabajo como embajador de la cocina prehisp\u00e1nica de M\u00e9xico; a los <em>influencers<\/em> <strong>Tammy<\/strong> y <strong>Alfonso Vera; <\/strong>a Edgardo Pontex por su trayectoria en el medio tur\u00edstico informativo con su revista Tr\u00e1fico Magazine y a <strong>V\u00edctor Cort\u00e9s Melo<\/strong>, gerente operativo de Productos Tur\u00edsticos de Grupo ADO, por su excelente labor en las rutas tur\u00edsticas para explorar nuestro pa\u00eds, entre otros.<\/p>\n<p>En su oportunidad, el titular de la Secretar\u00eda de Turismo (Sectur) federal, <strong>Miguel Torruco Marqu\u00e9s<\/strong>, se\u00f1al\u00f3 que posicionar a nuestra naci\u00f3n en temas tur\u00edsticos no ha sido un camino f\u00e1cil, ha requerido esfuerzo y compromiso.<\/p>\n<p>\u201cA pesar de la crisis mundial, el gobierno encabezado por el presidente <strong>Andr\u00e9s Manuel L\u00f3pez Obrador<\/strong> logr\u00f3 seguirnos manteniendo en el ranking de los pa\u00edses que m\u00e1s turistas reciben (\u2026). La inversi\u00f3n extranjera tur\u00edstica directa ascendi\u00f3 a 37 mil millones de d\u00f3lares\u201d y asegur\u00f3 que la unidad entre los sectores p\u00fablico, social y privado logran potenciar el turismo, en medio de una crisis: \u201ccomo dir\u00eda Albert Einstein: \u2018En medio de la dificultad, reside la oportunidad\u2019\u201d.<\/p>\n<p>El turismo en M\u00e9xico busca apoyar las econom\u00edas locales, impulsar el desarrollo sostenible y seguir siendo referente mundial, as\u00ed como robustecer los sectores sociales.<\/p>\n<p>Asegur\u00f3 que \u201cel Tianguis Tur\u00edstico es la llave maestra de la reconstrucci\u00f3n de una sociedad m\u00e1s justa y equitativa, adem\u00e1s de ser un instrumento para consolidar hermandad y uni\u00f3n en todos los pueblos de la tierra.<\/p>\n<p>\u201cEl Tianguis Tur\u00edstico es un escaparate inmejorable para que M\u00e9xico ponga ante los ojos del mundo su cultura, su artesan\u00eda, sus pueblos m\u00e1gicos, sus importantes eventos deportivos y culturales, y, sobre todo, sus extraordinarios prestadores de servicios tur\u00edsticos que han convertido al pa\u00eds en un destino amigable para el mundo\u201d.<\/p>\n<p>Detall\u00f3 que se contempla la captaci\u00f3n de m\u00e1s de 31 mil millones de d\u00f3lares de divisas, 26.8 por ciento m\u00e1s respecto al 2019 (\u00faltimo evento previo a la pandemia), por lo que la potencialidad del ramo tur\u00edstico de un pa\u00eds no se mide por los turistas recibidos, sino por las divisas captadas, tema en el que M\u00e9xico se posicionaba en el lugar 17 en el a\u00f1o 2018.<\/p>\n<p>\u201cEsta 47 edici\u00f3n del Tianguis Tur\u00edstico pasar\u00e1 a la historia como el evento de esta \u00edndole en el que m\u00e1s gobernadores asisten y, entre otras cosas, el pabell\u00f3n \u201cMundo maya\u201d, que por primera vez contar\u00e1 con la participaci\u00f3n, adem\u00e1s de M\u00e9xico, de Belice, El Salvador, Guatemala y Honduras.<\/p>\n<p>\u2730\u2730\u2730\u2730\u2730 Yucat\u00e1n est\u00e1 presente en la Ciudad de M\u00e9xico con el <em>\u201cYucatuck\u201d,<\/em> <em>food truck<\/em> que trae a los habitantes y visitantes de la ciudad el sabor \u00fanico y original de los tacos de cochinita pibil, con el objetivo de promocionar al destino trav\u00e9s de los sabores, aromas y colores de Yucat\u00e1n y as\u00ed generar m\u00e1s visitantes al estado.<\/p>\n<p>La titular de la Secretar\u00eda de Fomento Tur\u00edstico (Sefotur), <strong>Michelle Fridman Hirsch<\/strong>, en representaci\u00f3n del gobierno de esa entidad, dio el banderazo de salida del <em>\u201cYucatruk\u201d,<\/em> que en seis puntos estrat\u00e9gicos de la capital del pa\u00eds repartir\u00e1, de manera gratuita, 12 mil tacos de cochinita, con la que inician formalmente las actividades de Yucat\u00e1n en la edici\u00f3n 47 del Tianguis Tur\u00edstico.<\/p>\n<p>Recordemos que la entidad contin\u00faa sus festejos por el A\u00f1o de la Gastronom\u00eda Yucateca, que comenz\u00f3 en julio del 2022; y que, tiene como objetivo, la promoci\u00f3n del estado a trav\u00e9s de sus sabores y tradiciones milenarias, por lo cual acercan a miles de personas muestras de su extraordinaria oferta culinaria de la mano del chef y cocinero, <strong>Pedro Medina Casanova<\/strong> de Taquer\u00eda La Lupita, conocida y reconocida por tener un sabor extraordinario en los platillos tradicionales en la capital yucateca.<\/p>\n<p>Y es que la cochinita pibil, no s\u00f3lo es el representante culinario por tradici\u00f3n y sabor emblem\u00e1tico de Yucat\u00e1n, sino que en 2021 fue reconocida como \u201cel mejor platillo del mundo\u201d, seg\u00fan el <em>Taste Atlas<\/em>, conocido como la Enciclopedia de la Comida M\u00e1s Popular del Mundo y que a\u00f1o con a\u00f1o, destaca los mejores platillos locales, tradicionales y populares de cada regi\u00f3n del planeta.<\/p>\n<p><strong>Fridman Hirsch<\/strong> dijo, \u201cestamos muy contentos de estar una vez m\u00e1s en la CDMX acercando un poco de las grandes maravillas que Yucat\u00e1n tiene por ofrecer, la gastronom\u00eda no s\u00f3lo es una gran embajadora de la cultura yucateca, tambi\u00e9n nos ha servido como estandarte durante el a\u00f1o de la recuperaci\u00f3n tur\u00edstica de Yucat\u00e1n, en 2022 nos abanderamos de ella al ser una de las industrias m\u00e1s nobles y de mayor impacto, pues no solo los cocineros y los restaurantes se han visto beneficiados, el campo, los productores locales, la ganader\u00eda y la pesca tambi\u00e9n se han visto favorecidos, sin duda, el turismo gastron\u00f3mico es uno de nuestros fuertes, y no por nada, han atra\u00eddo la atenci\u00f3n del mundo a nuestra gastronom\u00eda y nuestros insumos\u201d.<\/p>\n<p>Cabe destacar que <strong>Pedro Medina <\/strong>es considerado uno de los grandes embajadores gastron\u00f3micos de Yucat\u00e1n y en el <em>Yucatruck <\/em>estar\u00e1 repartiendo estas delicias yucatecas en los siguientes puntos, Parque M\u00e9xico, Polanco, Plaza Carso frente al Museo Soumaya, Parque Espa\u00f1a, Avenida \u00c1lvaro Obreg\u00f3n, <em>World Trade Center<\/em> y Parque Delta, entre dos horarios de 10:00 a 12:00 y de 13:00 a 15:00 horas.<\/p>\n<p>&nbsp;<\/p>\n<blockquote>\n<p style=\"text-align: right;\">\u201c<strong>El<\/strong> <strong>\u00e1ngel de la fama tiene sus alas hechas de papel&#8230; peri\u00f3dico\u201d.<br \/>\n<\/strong><\/p>\n<\/blockquote>\n<p>&nbsp;<\/p>\n<p><em><span class=\"Apple-converted-space\"><a href=\"mailto:victoriagprado@gmail.com\" target=\"_blank\" rel=\"noopener noreferrer\">victoriagprado@gmail.com<\/a><br \/>\nTwitter: <a href=\"https:\/\/twitter.com\/victoriagprado\" target=\"_blank\" rel=\"noopener noreferrer\">@victoriagprado<\/a><\/span><\/em><\/p>\n","protected":false},"excerpt":{"rendered":"<p>Quienes nos reunimos en el Centro Citibanamex, en Ciudad de M\u00e9xico, nos quedamos esperado la llegada del presidente <strong>Andr\u00e9s Manuel L\u00f3pez Obrador<\/strong>, quien decidi\u00f3 supervisar las obras del Tren Maya y no logr\u00f3 llegar a tiempo para la inauguraci\u00f3n de la 47 versi\u00f3n del Tianguis Tur\u00edstico en la Ciudad de M\u00e9xico.<\/p>\n","protected":false},"author":3,"featured_media":579382,"comment_status":"open","ping_status":"open","sticky":false,"template":"","format":"standard","meta":{"_monsterinsights_skip_tracking":false,"_monsterinsights_sitenote_active":false,"_monsterinsights_sitenote_note":"","_monsterinsights_sitenote_category":0,"footnotes":""},"categories":[11],"tags":[107,63980,43681,106],"class_list":["post-579167","post","type-post","status-publish","format-standard","has-post-thumbnail","hentry","category-turismo","tag-de-cinco-estrellas","tag-de-cinco-estrellas-victoria-gonzalez-prado","tag-turismo","tag-victoria-gonzalez-prado"],"_links":{"self":[{"href":"https:\/\/www.diarioimagen.net\/index.php?rest_route=\/wp\/v2\/posts\/579167","targetHints":{"allow":["GET"]}}],"collection":[{"href":"https:\/\/www.diarioimagen.net\/index.php?rest_route=\/wp\/v2\/posts"}],"about":[{"href":"https:\/\/www.diarioimagen.net\/index.php?rest_route=\/wp\/v2\/types\/post"}],"author":[{"embeddable":true,"href":"https:\/\/www.diarioimagen.net\/index.php?rest_route=\/wp\/v2\/users\/3"}],"replies":[{"embeddable":true,"href":"https:\/\/www.diarioimagen.net\/index.php?rest_route=%2Fwp%2Fv2%2Fcomments&post=579167"}],"version-history":[{"count":0,"href":"https:\/\/www.diarioimagen.net\/index.php?rest_route=\/wp\/v2\/posts\/579167\/revisions"}],"wp:featuredmedia":[{"embeddable":true,"href":"https:\/\/www.diarioimagen.net\/index.php?rest_route=\/wp\/v2\/media\/579382"}],"wp:attachment":[{"href":"https:\/\/www.diarioimagen.net\/index.php?rest_route=%2Fwp%2Fv2%2Fmedia&parent=579167"}],"wp:term":[{"taxonomy":"category","embeddable":true,"href":"https:\/\/www.diarioimagen.net\/index.php?rest_route=%2Fwp%2Fv2%2Fcategories&post=579167"},{"taxonomy":"post_tag","embeddable":true,"href":"https:\/\/www.diarioimagen.net\/index.php?rest_route=%2Fwp%2Fv2%2Ftags&post=579167"}],"curies":[{"name":"wp","href":"https:\/\/api.w.org\/{rel}","templated":true}]}}