{"id":579241,"date":"2023-03-29T00:02:42","date_gmt":"2023-03-29T06:02:42","guid":{"rendered":"https:\/\/www.diarioimagen.net\/?p=579241"},"modified":"2023-03-29T01:57:34","modified_gmt":"2023-03-29T07:57:34","slug":"ahora-por-muerte-de-migrantes-en-cd-juarez-carrera-de-corcholatas-cobra-tintes-peligrosos","status":"publish","type":"post","link":"https:\/\/www.diarioimagen.net\/?p=579241","title":{"rendered":"Ahora, por muerte de migrantes en Cd. Ju\u00e1rez, carrera de \u201ccorcholatas\u201d cobra tintes peligrosos"},"content":{"rendered":"<h2>La Retaguardia<\/h2>\n<h5>Adriana Moreno Cordero<\/h5>\n<p>&nbsp;<\/p>\n<ul>\n<li><strong><em>Integrantes del Senado exigen la renuncia de Francisco Gardu\u00f1o<\/em><\/strong><\/li>\n<\/ul>\n<p>&nbsp;<\/p>\n<p>La contienda entre las \u201ccorcholatas\u201d del presidente <strong>Andr\u00e9s Manuel L\u00f3pez Obrador<\/strong> est\u00e1 cobrando tintes, podr\u00eda subrayarse, demasiado peligrosos. Ante la tragedia en Ciudad Ju\u00e1rez en un albergue temporal para migrantes en el que por un incendio murieron al menos de 40 migrantes, primero, el inquilino de Palacio Nacional \u2014para variar\u2014, la minimiz\u00f3 a la voz de que si para protestar se les ocurri\u00f3 quemar unas colchonetas, pues para qu\u00e9 lo hacen, soslayando que quienes murieron por asfixia y quemados, estaban encerrados en dicho albergue porque as\u00ed lo hizo el personal migratorio.<\/p>\n<p>Y despu\u00e9s de estos hechos, se exhibi\u00f3 la profunda vulnerabilidad que tiene todo migrante. Cuando intentaron protestar a las afueras de dicha estaci\u00f3n migratoria o bien buscar a familiares o amigos, no se les permiti\u00f3 la entrada y fueron v\u00edctimas de trato despectivo por parte del personal del INM.<\/p>\n<p>Los migrantes dieron a conocer que es muy dif\u00edcil que ellos hubieran podido provocar el incendio porque, tanto en esa estaci\u00f3n de Ciudad Ju\u00e1rez, como en muchas otras, se alojan en condiciones verdaderamente deplorables.<\/p>\n<p>Qu\u00e9 lejanos han quedado aquellos d\u00edas en los que como candidato, L\u00f3pez Obrador aseguraba que a todos los migrantes de Centro y sur Am\u00e9rica, \u00e9l les dar\u00eda trabajo y los cobijar\u00eda con sus programas sociales.<\/p>\n<p>De hecho, el ex director del Instituto Nacional de Migraci\u00f3n<strong>, Tonatiuh Guill\u00e9n<\/strong>, explic\u00f3 muy bien la situaci\u00f3n al se\u00f1alar que esta tragedia, describe el punto extremo al que M\u00e9xico ha llegado un, apeg\u00e1ndose a una pol\u00edtica migratoria muy severa, que opta por la intolerancia, la detenci\u00f3n y repatriaci\u00f3n, lejos de promover, por ejemplo, derechos humanos y\u00a0 desarrollo, al tiempo que destac\u00f3 que el INM de plano se militariz\u00f3 y efectivamente, as\u00ed es, y para prueba est\u00e1 todo lo que esta errada y llamada Cuarta Transformaci\u00f3n les ha dado a los militares.<\/p>\n<p>As\u00ed que pura ilusi\u00f3n fueron las promesas que L\u00f3pez Obrador hizo a los migrantes, meses antes de asumir la Presidencia de la Rep\u00fablica. Como se recordar\u00e1, tiempo despu\u00e9s, el ex presidente Donald Trump dio un contundente manotazo en el escritorio y sometiera a la delegaci\u00f3n mexicana que fue al vecino pa\u00eds del norte y que encabez\u00f3 ni m\u00e1s ni menos, que el secretario de Relaciones Exteriores, Marcelo Ebrard, donde el controvertido Trump amenaz\u00f3 con llenar de aranceles a M\u00e9xico, si no frenaba la incontrolable migraci\u00f3n.<\/p>\n<p>Ahora que Trump ha dicho que regresar\u00e1 a la Casa Blanca y retomar -entre otros temas-, aquel famoso muro \u201cgrande y fuerte\u201d, dec\u00eda en la frontera entre Estados Unidos y M\u00e9xico, se vino esta tragedia en la estaci\u00f3n migratoria de Ciudad Ju\u00e1rez que, por lo menos al momento de escribir estas l\u00edneas, nadie sab\u00eda explicar y se esperaba que al filo de las nueve de la noche, los migrantes que se encuentran en Ciudad Ju\u00e1rez se manifestar\u00edan en demanda de justicia.<\/p>\n<p>Y el secretario de Gobernaci\u00f3n, Ad\u00e1n Augusto L\u00f3pez Hern\u00e1ndez, supo aprovechar muy bien la ocasi\u00f3n; \u201ccomo anillo al dedo\u201d, dir\u00eda su jefe, y en una entrevista, pr\u00e1cticamente le ech\u00f3 la culpa a Marcelo Ebrard porque de la Secretar\u00eda de Relaciones Exteriores depend\u00eda temporalmente el Instituto Nacional de Migraci\u00f3n, cuyo titular, Francisco Gardu\u00f1o, por cierto s\u00f3lo le dio tiempo para esconderse y evitar dar cualquier explicaci\u00f3n.<\/p>\n<p>El responsable de la pol\u00edtica interna del pa\u00eds, se\u00f1al\u00f3 al canciller porque, dijo, la pol\u00edtica migratoria le corresponde a la SRE, sin embargo, \u201cse amarr\u00f3 el dedo\u201d y reconoci\u00f3 que la responsabilidad correspond\u00eda al INM.<\/p>\n<p>Espec\u00edficamente, Ad\u00e1n Augusto L\u00f3pez dijo: \u201cHabr\u00e1 quienes me dicen, bueno \u00bfy por qu\u00e9 el Secretario de Gobernaci\u00f3n quiere hablar sobre el tema, si \u00e9l no es el encargado de operar el sistema migratorio? Aunque formalmente es la Secretar\u00eda de Gobernaci\u00f3n, para efectos administrativos, hay un acuerdo al interior del gobierno y es Marcelo, el secretario de Relaciones Exteriores, quien se encarga del tema migratorio\u201d.<\/p>\n<p>Antes de esto, el titular de la Segob, reconoci\u00f3 que quiere ser Presidente de M\u00e9xico y aunque lleg\u00f3 tarde a esa contienda interna de las \u201ccorcholatas\u201d, puede alcanzar y ganar. \u00bfSer\u00e1?<\/p>\n<p style=\"text-align: center;\"><strong>Municiones<\/strong><\/p>\n<p>*** Siguiendo con este tema, en el Senado de la Rep\u00fablica no se hicieron esperar las reacciones del bloque opositor. La fracci\u00f3n parlamentaria del PAN, que coordina Julen Rementer\u00eda, exigi\u00f3 la comparecencia tanto de Francisco Gardu\u00f1o como del propio secretario de Gobernaci\u00f3n. La vicecoordinadora <strong>Kenia L\u00f3pez Rabad\u00e1n<\/strong> fue directa al indicar que \u201cno vamos a lucrar con el dolor humano, pero s\u00ed estamos obligados a exigirle a este gobierno corrupto que establezca y esclarezca qui\u00e9nes son los responsables de esta p\u00e9rdida de vidas humanas\u201d. M\u00e1s all\u00e1 fue el senador del Grupo Plural, Emilio \u00c1lvarez de Icaza, al demandar la renuncia de Francisco Gardu\u00f1o, porque lo ocurrido, \u201crefleja la negligencia del gobierno federal\u201d.<\/p>\n<p>*** Por su parte, el presidente del Comit\u00e9 Ejecutivo Nacional del PRI, <strong>Alejandro Moreno<\/strong>, lament\u00f3 la tragedia en la que 40 migrantes perdieron la vida y 29 m\u00e1s resultaron lesionados, en instalaciones del Instituto Nacional de Migraci\u00f3n (INAMI) en Ciudad Ju\u00e1rez, Chihuahua, y urgi\u00f3 a deslindar responsabilidades. A trav\u00e9s de sus redes sociales, el dirigente nacional del tricolor se\u00f1al\u00f3 que es necesario dar claridad total a la situaci\u00f3n.<br \/>\nDijo que lo ocurrido es lamentable y, al mismo tiempo, envi\u00f3 su p\u00e9same y solidaridad a las familias de las v\u00edctimas. Asimismo, el CEN tricolor, en un mensaje en redes sociales sostuvo que la irresponsabilidad y la ineficiencia del gobierno de Morena siguen costando vidas<\/p>\n<p>*** En el equipo de trabajo de la candidata de la coalici\u00f3n Va por M\u00e9xico al gobierno del Estado de M\u00e9xico, <strong>Alejandra Del Moral, <\/strong>est\u00e1n ya convencidos de que en la campa\u00f1a que inicia precisamente el pr\u00f3ximo lunes, no tendr\u00e1 lugar el concepto sororidad; toda vez que, contrario a los que se ha visto del lado de los aliancistas, en donde el gobernador Alfredo Del Mazo ha preferido mantenerse al margen, de parte Morena hay una intervenci\u00f3n permanente del coordinador de campa\u00f1a, <strong>Horacio Duarte,<\/strong> y del senador <strong>Higinio Mart\u00ednez<\/strong>. Los \u201chombres de Delfina\u201d, como se les conoce ya a este par de morenistas en tierras mexiquenses, han sido la voz e imagen de Delfina G\u00f3mez en el periodo de precampa\u00f1a y lo ser\u00e1n, muy seguramente, en las siguientes etapas del proceso, incluso si logran llegar al gobierno. \u00bfSer\u00e1 acaso que la flamante candidata morenista no puede ella sola con todos los se\u00f1alamientos que se le han hecho por presunto desv\u00edo de recursos y pases de charola?<\/p>\n<p><u><a href=\"mailto:morcora@gmail.com\" target=\"_blank\" rel=\"noopener noreferrer\"><em>morcora@gmail.com<\/em><\/a><\/u><\/p>\n","protected":false},"excerpt":{"rendered":"<p><span style=\"color: #005497;\"><strong>Adriana Moreno Cordero<\/strong><\/span><\/p>\n","protected":false},"author":3,"featured_media":0,"comment_status":"open","ping_status":"open","sticky":false,"template":"","format":"standard","meta":{"_monsterinsights_skip_tracking":false,"_monsterinsights_sitenote_active":false,"_monsterinsights_sitenote_note":"","_monsterinsights_sitenote_category":0,"footnotes":""},"categories":[69370],"tags":[69369,69368,43674],"class_list":["post-579241","post","type-post","status-publish","format-standard","hentry","category-adriana-moreno-cordero","tag-adriana-moreno-cordero","tag-la-retaguardia","tag-opinion"],"_links":{"self":[{"href":"https:\/\/www.diarioimagen.net\/index.php?rest_route=\/wp\/v2\/posts\/579241","targetHints":{"allow":["GET"]}}],"collection":[{"href":"https:\/\/www.diarioimagen.net\/index.php?rest_route=\/wp\/v2\/posts"}],"about":[{"href":"https:\/\/www.diarioimagen.net\/index.php?rest_route=\/wp\/v2\/types\/post"}],"author":[{"embeddable":true,"href":"https:\/\/www.diarioimagen.net\/index.php?rest_route=\/wp\/v2\/users\/3"}],"replies":[{"embeddable":true,"href":"https:\/\/www.diarioimagen.net\/index.php?rest_route=%2Fwp%2Fv2%2Fcomments&post=579241"}],"version-history":[{"count":0,"href":"https:\/\/www.diarioimagen.net\/index.php?rest_route=\/wp\/v2\/posts\/579241\/revisions"}],"wp:attachment":[{"href":"https:\/\/www.diarioimagen.net\/index.php?rest_route=%2Fwp%2Fv2%2Fmedia&parent=579241"}],"wp:term":[{"taxonomy":"category","embeddable":true,"href":"https:\/\/www.diarioimagen.net\/index.php?rest_route=%2Fwp%2Fv2%2Fcategories&post=579241"},{"taxonomy":"post_tag","embeddable":true,"href":"https:\/\/www.diarioimagen.net\/index.php?rest_route=%2Fwp%2Fv2%2Ftags&post=579241"}],"curies":[{"name":"wp","href":"https:\/\/api.w.org\/{rel}","templated":true}]}}