{"id":579242,"date":"2023-03-29T00:04:37","date_gmt":"2023-03-29T06:04:37","guid":{"rendered":"https:\/\/www.diarioimagen.net\/?p=579242"},"modified":"2023-03-29T02:00:26","modified_gmt":"2023-03-29T08:00:26","slug":"sueldazos-o-democracia","status":"publish","type":"post","link":"https:\/\/www.diarioimagen.net\/?p=579242","title":{"rendered":"\u00bfSueldazos o democracia?"},"content":{"rendered":"<h2>Desde el portal<\/h2>\n<h5>\u00c1ngel Soriano<\/h5>\n<p>&nbsp;<\/p>\n<p>El ministro Javier Laynez asume su decisi\u00f3n de dar marcha atr\u00e1s al \u201cplan B\u201d de la reforma electoral como una defensa de la democracia, en tanto que el presidente Andr\u00e9s Manuel L\u00f3pez Obrador se\u00f1ala que los ministros y los consejeros electorales, adem\u00e1s de que son la misma mafia, lo que defienden son sus elevados salarios, ese es el fondo del asunto.<\/p>\n<p>Tanto ministros como consejeros electorales se han amparado contra lo que se\u00f1ala la Constituci\u00f3n de que ning\u00fan funcionario debe ganar m\u00e1s que el Presidente y al negarse a acatar lo que se\u00f1ala la Carta Magna, violan la Constituci\u00f3n al considerar que ellos pueden asignarse los emolumentos a los supuestamente tienen derecho, nada modestos. Ni los consejeros ni los ministros pueden considerarse defensores de la democracia, pues son integrantes de organismos creados por el Estado para la vigencia o vigilancia de un modelo de gobierno que la sociedad ha querido darse, pero esto de ninguna manera significa que pueden estar por encima de la sociedad y de lo que establece la Constituci\u00f3n.<\/p>\n<p>Laynez se\u00f1ala que el presidente L\u00f3pez Obrador ha pasado por encima del Congreso de la Uni\u00f3n \u2014C\u00e1mara de Diputados y de Senadores\u2014, que aprobaron reformas electorales para reducir costos de las elecciones y dispendios en los funcionarios, no para reducir la democracia ni imponer una dictadura, al contrario, hacerla m\u00e1s \u00e1gil y eficaz, pero ellos no lo entienden, s\u00f3lo defienden sus colosales salarios.<\/p>\n<p style=\"text-align: center;\"><strong>TURBULENCIAS<br \/>\nEn auge la actividad tur\u00edstica<\/strong><\/p>\n<p>Los vastos recursos naturales y atractivos coloniales que representan las magn\u00edficas edificaciones, la gastronom\u00eda, clima y usos y costumbres de las comunidades, que hace del pa\u00eds un atractivo internacional, no es de ninguna manera obra de alg\u00fan gobernante, sino es prodigio de la naturaleza y de las milenarias culturas de nuestros antepasados, pues en la actualidad vemos que los gobernadores presentan lo anterior como obra de sus propios gobiernos cuando no tienen ni capacidad para dar mantenimiento a lo que se tiene\u2026Arrecia la pugna entre el canciller Marcelo Ebrard y la jefa de Gobierno de la CDMX, Claudia Sheinbaum Pardo, por la candidatura presidencial de Morena. De entrada, la puntera en las encuestas ha rechazado a Ricardo Monreal en su pr\u00f3ximo gabinete y ha pedido a Ebrard y a Ad\u00e1n Augusto que piensen en donde podr\u00edan colaborar en su gobierno y si est\u00e1n dispuestos a hacerlo. \u201cEs muy tierna\u201d dice Ebrard\u2026 El presidente Andr\u00e9s Manuel L\u00f3pez Obrador asegura que el Tren Maya ser\u00e1 inaugurado el diciembre de este a\u00f1o y no hay cambio, luego de una reuni\u00f3n de evaluaci\u00f3n con directivos de empresas p\u00fablicas y privadas a cargo de las obras y que se han comprometido a cumplir con los plazos asignados\u2026 Luego de ser declarado \u201cBarrio M\u00e1gico\u201d el de Jalatlaco de la ciudad de Oaxaca, y hay m\u00e1s, el presidente municipal Francisco Mart\u00ednez Neri -que enfrenta renuncias y ceses de funcionarios involucrados en actos de corrupci\u00f3n-, se prepara para la celebraci\u00f3n del 491 aniversario de la ciudad y en la que participaci\u00f3n municipios de la zona metropolitana de la ex Verde Antequera. Nadie se explica c\u00f3mo las autoridades del INAH han aceptado, promovido y amparado la destrucci\u00f3n de los templos de la ciudad, cuya verde cantera ha sido ocultada por cementos y cubierto de pinturas chillantes como cualquier pueblito risue\u00f1o, cuando la ciudad tiene un trazo sin igual, ejecutado durante la Colonia. M\u00e1s que salvaguardar nuestro patrimonio hist\u00f3rico, a lo que se han dedicado las autoridades es en destruir la ciudad y en saquear su acervo cultural, como se puede comprobar en un simple recorrido por el Centro Hist\u00f3rico, empezando por las hist\u00f3ricas puertas de valiosa madera y dise\u00f1o del ex Instituto de Ciencias y Artes de Oaxaca.<\/p>\n<p><u><a href=\"mailto:asorianocarrasco@yahoo.com\" target=\"_blank\" rel=\"noopener noreferrer\"><em>asorianocarrasco@yahoo.com<\/em><\/a><br \/>\n<em><a href=\"https:\/\/revistabrecha.com\" target=\"_blank\" rel=\"noopener noreferrer\">www.revistabrecha.com<\/a><br \/>\n<\/em><\/u><em>facebook oficial <a href=\"https:\/\/es-la.facebook.com\/RevistaBrecha.Oficial\" target=\"_blank\" rel=\"noopener\">@BrechaRevista<\/a><\/em><\/p>\n","protected":false},"excerpt":{"rendered":"<p><span style=\"color: #005497;\"><strong>\u00c1ngel Soriano<\/strong><\/span><\/p>\n","protected":false},"author":3,"featured_media":0,"comment_status":"open","ping_status":"open","sticky":false,"template":"","format":"standard","meta":{"_monsterinsights_skip_tracking":false,"_monsterinsights_sitenote_active":false,"_monsterinsights_sitenote_note":"","_monsterinsights_sitenote_category":0,"footnotes":""},"categories":[135],"tags":[85,86,43674],"class_list":["post-579242","post","type-post","status-publish","format-standard","hentry","category-angel-soriano-opinion","tag-angel-soriano","tag-desde-el-portal","tag-opinion"],"_links":{"self":[{"href":"https:\/\/www.diarioimagen.net\/index.php?rest_route=\/wp\/v2\/posts\/579242","targetHints":{"allow":["GET"]}}],"collection":[{"href":"https:\/\/www.diarioimagen.net\/index.php?rest_route=\/wp\/v2\/posts"}],"about":[{"href":"https:\/\/www.diarioimagen.net\/index.php?rest_route=\/wp\/v2\/types\/post"}],"author":[{"embeddable":true,"href":"https:\/\/www.diarioimagen.net\/index.php?rest_route=\/wp\/v2\/users\/3"}],"replies":[{"embeddable":true,"href":"https:\/\/www.diarioimagen.net\/index.php?rest_route=%2Fwp%2Fv2%2Fcomments&post=579242"}],"version-history":[{"count":0,"href":"https:\/\/www.diarioimagen.net\/index.php?rest_route=\/wp\/v2\/posts\/579242\/revisions"}],"wp:attachment":[{"href":"https:\/\/www.diarioimagen.net\/index.php?rest_route=%2Fwp%2Fv2%2Fmedia&parent=579242"}],"wp:term":[{"taxonomy":"category","embeddable":true,"href":"https:\/\/www.diarioimagen.net\/index.php?rest_route=%2Fwp%2Fv2%2Fcategories&post=579242"},{"taxonomy":"post_tag","embeddable":true,"href":"https:\/\/www.diarioimagen.net\/index.php?rest_route=%2Fwp%2Fv2%2Ftags&post=579242"}],"curies":[{"name":"wp","href":"https:\/\/api.w.org\/{rel}","templated":true}]}}