{"id":579248,"date":"2023-03-29T00:08:32","date_gmt":"2023-03-29T06:08:32","guid":{"rendered":"https:\/\/www.diarioimagen.net\/?p=579248"},"modified":"2023-03-29T02:05:05","modified_gmt":"2023-03-29T08:05:05","slug":"perecen-38-migrantes","status":"publish","type":"post","link":"https:\/\/www.diarioimagen.net\/?p=579248","title":{"rendered":"Perecen 38 migrantes"},"content":{"rendered":"<h2>Punto por punto<\/h2>\n<h5>Augusto Corro<\/h5>\n<p>&nbsp;<\/p>\n<p>Perecieron al menos treinta y ocho y treinta resultaron heridos en un incendio registrado en un albergue del Instituto Nacional de Migraci\u00f3n, en Ciudad Ju\u00e1rez, Chihuahua.<\/p>\n<p>El problema empez\u00f3 cuando indocumentados protestaron porque se conoci\u00f3 su posible deportaci\u00f3n.<\/p>\n<p>Los extranjeros recluidos, entre ellos 28 guatemaltecosy venezolanos, optaron por manifestar su descontento y quemaron colchonetas. El fuego se inici\u00f3 a las 22.30 del lunes y no se pudo controlar.<\/p>\n<p>Tras la tragedia de los migrantes surgieron las declaraciones tradicionales, en el sentido de que se va a investigar lo que origin\u00f3 ese hecho tan lamentable.<\/p>\n<p>Cabe se\u00f1alar que los centros de internamiento de migrantes se convirtieron en lugares de protestas y disturbios.<\/p>\n<p>En Ciudad Ju\u00e1rez se encuentran cientos de indocumentados que esperan ingresar a Estados Unidos. El grav\u00edsimo problema migratorio es mundial y las autoridades se niega a atenderlo. No quieren solucionarlo.<\/p>\n<p>Las tragedias de los migrantes se repiten con los hundimientos de las barcas en el Mediterr\u00e1neo o los hechos violentos en las rutas por carreteras.<\/p>\n<p>M\u00e9xico, por su vecindad con Estados Unidos, es una de las rutas obligadas por los extranjeros que buscan, entre otras cosas, mejores condiciones de vida.<\/p>\n<p>Nuestro pa\u00eds carga una crisis migratoria que provoca un sinn\u00famero de situaciones peligrosas y accidentes de los sin papeles.<\/p>\n<p>El fen\u00f3meno social de las migraciones se agudiz\u00f3 en los \u00faltimos a\u00f1os.\u00a0 Por ejemplo, en Centroam\u00e9rica la poblaci\u00f3n vive en la pobreza y amenazada por la violencia.\u00a0 En los pa\u00edses latinoamericanos no hay empleos. Los j\u00f3venes se inclinan por la delincuencia.<\/p>\n<p>Ya est\u00e1 visto que el gobierno mexicano se encuentra sin posibilidades de contener el flujo migratorio que cruza por su territorio.<\/p>\n<p>En otras ocasiones ya se trat\u00f3 el tema del apoyo de Estados Unidos a los pa\u00edses centroamericanos, pero no parece que se cumpliera.<\/p>\n<p>En fin, los migrantes viven en peligro constante y a las autoridades poco o nada les importan sus m\u00faltiples tragedias.<\/p>\n<p style=\"text-align: center;\"><strong>La oposici\u00f3n y sus guerras<\/strong><\/p>\n<p>Con la negativa de la oposici\u00f3n a aceptar una reforma electoral se inici\u00f3 una serie de inconformidades contra el presidente L\u00f3pez Obrador y su partido Morena.<\/p>\n<p>Los enemigos del lopezobradorismo demostraron su inconformidad en todos los foros. \u201cEl INE no se toca\u201d, fue el canto de guerra.<\/p>\n<p>Ante la primera negativa a la mencionada reforma, se plante\u00f3 el \u201cplan B\u201d que tampoco fue aceptado y ya se encuentra en circulaci\u00f3n el \u201cplan C\u201d. Los morenistas no se dieron por vencidos.<\/p>\n<p>La nueva ley electoral planteaba reformas de fondo y sobre todo terminar con el control del INE por grupos o partidos pol\u00edticos.<\/p>\n<p>Una idea positiva del cambio consist\u00eda en reducir los salarios a los consejeros del INE y en general reducir el presupuesto.<\/p>\n<p>Cabe se\u00f1alar que la democracia en M\u00e9xico es de las m\u00e1s caras del mundo.\u00a0 En t\u00e9rminos generales, el mandatario tabasque\u00f1o y Morena no tuvieron \u00e9xito con su reforma; pero s\u00ed pueden resultar ganadores en la etapa de cambios que se viven en el INE.<\/p>\n<p>El controvertido presidente del instituto, Lorenzo C\u00f3rdova, dejar\u00e1 el cargo en los pr\u00f3ximos d\u00edas, as\u00ed lo ordena la ley. El consejero, en meses recientes, decidi\u00f3 enfrentar al gobierno lopezobradorista. Para empezar, cometi\u00f3 el error de ser juez y parte en la lucha pol\u00edtica, cuando debi\u00f3 desempe\u00f1ar su funci\u00f3n con imparcialidad.<\/p>\n<p>En el presente, la situaci\u00f3n que priva en el instituto podr\u00eda favorecer al presidente L\u00f3pez Obrador y su partido.\u00a0 Ya se comenta que la aspirante a consejera presidenta, que sustituya a Lorenzo C\u00f3rdova, podr\u00eda ser Bertha Mar\u00eda Alcalde Luj\u00e1n, hermana de la secretaria de Trabajo, Luisa Mar\u00eda Alcalde Luj\u00e1n; adem\u00e1s es hija de Bertha Luj\u00e1n, ex presidenta del Consejo Nacional de Morena.<\/p>\n<p>Ya se conocer\u00e1 si los morenistas se salen con la suya si Bertha Mar\u00eda Alcalde Lujan es nombrada titular del INE. De ocurrir as\u00ed, la oposici\u00f3n perder\u00eda una guerra m\u00e1s.<\/p>\n<p>\u00bfUsted qu\u00e9 opina amable lector?<\/p>\n<p><a href=\"mailto:augustocorro2742@gmail.com\" target=\"_blank\" rel=\"noopener\"><em>augustocorro2742@gmail.com<\/em><\/a><\/p>\n","protected":false},"excerpt":{"rendered":"<p><span style=\"color: #005497;\"><strong>Augusto Corro<\/strong><\/span><\/p>\n","protected":false},"author":3,"featured_media":0,"comment_status":"open","ping_status":"open","sticky":false,"template":"","format":"standard","meta":{"_monsterinsights_skip_tracking":false,"_monsterinsights_sitenote_active":false,"_monsterinsights_sitenote_note":"","_monsterinsights_sitenote_category":0,"footnotes":""},"categories":[157],"tags":[43686,43674,11515],"class_list":["post-579248","post","type-post","status-publish","format-standard","hentry","category-augusto-corro","tag-augusto-corro","tag-opinion","tag-punto-por-punto"],"_links":{"self":[{"href":"https:\/\/www.diarioimagen.net\/index.php?rest_route=\/wp\/v2\/posts\/579248","targetHints":{"allow":["GET"]}}],"collection":[{"href":"https:\/\/www.diarioimagen.net\/index.php?rest_route=\/wp\/v2\/posts"}],"about":[{"href":"https:\/\/www.diarioimagen.net\/index.php?rest_route=\/wp\/v2\/types\/post"}],"author":[{"embeddable":true,"href":"https:\/\/www.diarioimagen.net\/index.php?rest_route=\/wp\/v2\/users\/3"}],"replies":[{"embeddable":true,"href":"https:\/\/www.diarioimagen.net\/index.php?rest_route=%2Fwp%2Fv2%2Fcomments&post=579248"}],"version-history":[{"count":0,"href":"https:\/\/www.diarioimagen.net\/index.php?rest_route=\/wp\/v2\/posts\/579248\/revisions"}],"wp:attachment":[{"href":"https:\/\/www.diarioimagen.net\/index.php?rest_route=%2Fwp%2Fv2%2Fmedia&parent=579248"}],"wp:term":[{"taxonomy":"category","embeddable":true,"href":"https:\/\/www.diarioimagen.net\/index.php?rest_route=%2Fwp%2Fv2%2Fcategories&post=579248"},{"taxonomy":"post_tag","embeddable":true,"href":"https:\/\/www.diarioimagen.net\/index.php?rest_route=%2Fwp%2Fv2%2Ftags&post=579248"}],"curies":[{"name":"wp","href":"https:\/\/api.w.org\/{rel}","templated":true}]}}