{"id":579250,"date":"2023-03-29T00:03:30","date_gmt":"2023-03-29T06:03:30","guid":{"rendered":"https:\/\/www.diarioimagen.net\/?p=579250"},"modified":"2023-03-29T02:06:45","modified_gmt":"2023-03-29T08:06:45","slug":"holocausto-migrante-en-mexico","status":"publish","type":"post","link":"https:\/\/www.diarioimagen.net\/?p=579250","title":{"rendered":"\u201cHolocausto migrante\u201d en M\u00e9xico"},"content":{"rendered":"<h2>Espacio Electoral<\/h2>\n<h5>Eleazar Flores<\/h5>\n<p>&nbsp;<\/p>\n<p><strong>LAMENTABLE-.<\/strong> Buscar culpables, por supuesto que s\u00ed, para fincar responsabilidades as\u00ed sepamos que nada volver\u00e1 la vida a las v\u00edctimas ni el consuelo a los familiares, pero lamentablemente se da en territorio mexicano en instalaciones de un inmueble del gobierno mexicano, cuyos funcionarios del Instituto Nacional de Migraci\u00f3n son los directamente responsables.<\/p>\n<p>La desgracia \u201ces un recordatorio para componer un sistema de migraci\u00f3n quebrado\u201d, declar\u00f3 al respecto a esta lamentable tragedia el embajador de Estados Unidos en nuestro pa\u00eds, el se\u00f1or Ken Salazar, agregando que \u201cson riesgos de la migraci\u00f3n irregular\u201d, quien dijo que debe haber una \u201ccorresponsabilidad de los gobiernos de la regi\u00f3n.<\/p>\n<p>Ninguna explicaci\u00f3n justifica la indolencia, indiferencia o incapacidad de los funcionarios del Instituto Nacional de Migraci\u00f3n para atender con prontitud reclamos de los migrantes o explicarles los motivos por\u00a0 no extenderles documentaci\u00f3n que les permita regularizar su situaci\u00f3n en M\u00e9xico, pero jam\u00e1s encerrarlos en un inmueble como parece ser que sucedi\u00f3.<\/p>\n<p><strong>40 EN TOTAL-.<\/strong> Los primeros reportes provenientes de Ciudad Ju\u00e1rez, lugar de los lamentables y fat\u00eddicos acontecimientos, registran el fallecimiento de 18 guatemaltecos, 13 hondure\u00f1os y 12 venezolanos. Junto con la nacionalidad que es importante para la identificaci\u00f3n, lo lamentable es que se trata literalmente de hermanos centro y sudamericanos con evidentes necesidades econ\u00f3micas, por eso viajan en busca del sue\u00f1o americano.<\/p>\n<p>El llamarlos hermanos no es recurso ret\u00f3rico, palabra que se trata de seres humanos como usted o como yo, con anhelos aspiracionistas de mejorar y que los gobiernos de sus pa\u00edses no han podido ofrecerles trabajos bien remunerados. Este oficio le da a uno la oportunidad de cruzarse en la vida con mucho \u201cpaisas\u201d, como lo llaman a uno con afecto y otros le dicen \u201chermano\u201d.<\/p>\n<p>En este \u201ccuerno de la abundancia\u201d como se llam\u00f3 a M\u00e9xico en tiempo pasado, est\u00e1 rodeado de posibilidades territoriales migratorias llamadas FRONTERAS, en el norte las posibilidades casi para dar el BRINCO a la Uni\u00f3n Americana, incluso anhelo de nuestros hermanos de pa\u00eds\u2026pero en el sur sureste tenemos fronteras tan o m\u00e1s conflictivas que las del norte.<\/p>\n<p>En el sur-sureste llegan latinoamericanos de todos los pa\u00edses as\u00ed que incluya a todos y no se equivocar\u00e1, lo malo es que los funcionarios gubernamentales de MIGRACI\u00d3N de siempre, para que no diga que particularizo con los actuales, act\u00faan con prepotencia y tratan mal a quienes buscan la manera de entrar y cruzar al pa\u00eds con destino a Estados Unidos. Un alto ministro de la Iglesia detall\u00f3 la lastimosa actitud de los funcionarios mexicanos, \u201ca lo mejor son peores que los \u201cprimos\u201d con los mexicanos.<\/p>\n<p>Ojal\u00e1 y haya sensibilidad del gobierno para poner atenci\u00f3n al rengl\u00f3n de la MIGRACI\u00d3N, pues podr\u00eda empeorar y ser\u00eda fatal.<\/p>\n<p><em><a href=\"mailto:elefa44@gmail.com\" target=\"_blank\" rel=\"noopener noreferrer\">elefa44@gmail.com<\/a><\/em><\/p>\n","protected":false},"excerpt":{"rendered":"<p><span style=\"color: #005497;\"><strong>Eleazar Flores<\/strong><\/span><\/p>\n","protected":false},"author":3,"featured_media":0,"comment_status":"open","ping_status":"open","sticky":false,"template":"","format":"standard","meta":{"_monsterinsights_skip_tracking":false,"_monsterinsights_sitenote_active":false,"_monsterinsights_sitenote_note":"","_monsterinsights_sitenote_category":0,"footnotes":""},"categories":[81743],"tags":[81744,81776,43674],"class_list":["post-579250","post","type-post","status-publish","format-standard","hentry","category-eleazar-flores","tag-eleazar-flores","tag-espacio-electoral","tag-opinion"],"_links":{"self":[{"href":"https:\/\/www.diarioimagen.net\/index.php?rest_route=\/wp\/v2\/posts\/579250","targetHints":{"allow":["GET"]}}],"collection":[{"href":"https:\/\/www.diarioimagen.net\/index.php?rest_route=\/wp\/v2\/posts"}],"about":[{"href":"https:\/\/www.diarioimagen.net\/index.php?rest_route=\/wp\/v2\/types\/post"}],"author":[{"embeddable":true,"href":"https:\/\/www.diarioimagen.net\/index.php?rest_route=\/wp\/v2\/users\/3"}],"replies":[{"embeddable":true,"href":"https:\/\/www.diarioimagen.net\/index.php?rest_route=%2Fwp%2Fv2%2Fcomments&post=579250"}],"version-history":[{"count":0,"href":"https:\/\/www.diarioimagen.net\/index.php?rest_route=\/wp\/v2\/posts\/579250\/revisions"}],"wp:attachment":[{"href":"https:\/\/www.diarioimagen.net\/index.php?rest_route=%2Fwp%2Fv2%2Fmedia&parent=579250"}],"wp:term":[{"taxonomy":"category","embeddable":true,"href":"https:\/\/www.diarioimagen.net\/index.php?rest_route=%2Fwp%2Fv2%2Fcategories&post=579250"},{"taxonomy":"post_tag","embeddable":true,"href":"https:\/\/www.diarioimagen.net\/index.php?rest_route=%2Fwp%2Fv2%2Ftags&post=579250"}],"curies":[{"name":"wp","href":"https:\/\/api.w.org\/{rel}","templated":true}]}}