{"id":579258,"date":"2023-03-29T00:10:22","date_gmt":"2023-03-29T06:10:22","guid":{"rendered":"https:\/\/www.diarioimagen.net\/?p=579258"},"modified":"2023-04-05T18:44:54","modified_gmt":"2023-04-06T00:44:54","slug":"lealtad-y-disciplina","status":"publish","type":"post","link":"https:\/\/www.diarioimagen.net\/?p=579258","title":{"rendered":"Lealtad y disciplina"},"content":{"rendered":"<h2>De frente y de perfil<\/h2>\n<h5>Ram\u00f3n Zurita Sahag\u00fan<\/h5>\n<p>&nbsp;<\/p>\n<p>La disciplina que guardan, tradicionalmente, los aspirantes presidenciales del partido en el poder se llega a romper cuando uno de ellos es designado o designada candidato presidencial.<\/p>\n<p>Es entonces cuando ya no se guardan las formas y se llegan a desatar pasiones y hasta se revelan algunos secretos que fueron celosamente guardados.<\/p>\n<p>Desde que se instalaron los periodos presidenciales como sexenales, se han producido una serie de rompimientos, dando surgimiento a la disputa en las urnas.<\/p>\n<p>Instalada apenas la sucesi\u00f3n, como la conocemos ahora, el primer rompimiento sucedi\u00f3 cuando el general Juan Andreu Almaz\u00e1n se dio cuenta que L\u00e1zaro C\u00e1rdenas no lo consideraba dentro de la sucesi\u00f3n, la que divid\u00eda entre los general Francisco J. M\u00fagica y Manuel \u00c1vila Camacho, decant\u00e1ndose por el segundo. Almaz\u00e1n encabez\u00f3 la oposici\u00f3n.<\/p>\n<p>Seis a\u00f1os despu\u00e9s, el elegido por el presidente \u00c1vila Camacho fue Miguel Alem\u00e1n, causando la molestia de Ezequiel Padilla, titular de Relaciones Exteriores, quien renunci\u00f3 y se present\u00f3 como candidato contra el veracruzano.<\/p>\n<p>En 1952, los generales revolucionarios se apersonaron con Miguel Enr\u00edquez Guzm\u00e1n, quien renunci\u00f3 al PRI y se present\u00f3 como candidato de la naciente Federaci\u00f3n de Partidos del Pueblo Mexicano, para tratar de impedir, sin resultados, que Adolfo Ruiz Cortines ganara la Presidencia de M\u00e9xico.<\/p>\n<p>De 1958 a 1982 domin\u00f3 el PRI en los comicios presidenciales, sin que en ese tiempo se produjeran rompimientos en el partido mayoritario, hasta que en 1988, Cuauht\u00e9moc C\u00e1rdenas vislumbr\u00f3 que no lograr\u00eda ser incluido entre los presidenciales y form\u00f3 con un grupo de priistas un movimiento conocido como Corriente Democr\u00e1tica que lo aval\u00f3 junto con varios partidos de oposici\u00f3n en una candidatura presidencial que no logr\u00f3 el prop\u00f3sito de destronar al PRI.<\/p>\n<p>Seis a\u00f1os m\u00e1s tarde (94), el candidato priista Luis Donaldo Colosio fue asesinado y su adversario interno, Manuel Camacho Sol\u00eds no lleg\u00f3 al rompimiento con el partido, aunque s\u00ed dej\u00f3 en claro su molestia por no ser el candidato del PRI.<\/p>\n<p>En los comicios del a\u00f1o 2000, la candidatura de Francisco Labastida gener\u00f3 molestia y provoc\u00f3 que algunos priistas que se mantuvieron dentro del partido operaran en contra del nominado por el tricolor, que finalmente desplom\u00f3 al entonces gran\u00edtico PRI.<\/p>\n<p>Para el sexenio siguiente, y ya con el panismo atrincherado, la candidatura de Felipe Calder\u00f3n provoc\u00f3 enfado en Santiago Creel y Alberto C\u00e1rdenas Jim\u00e9nez, quienes se mantuvieron dentro del partido y los blanquiazules refrendaron la victoria.<\/p>\n<p>Con el panismo gobernando por doce a\u00f1os, Ernesto Cordero Arroyo era el favorito del Presidente, aunque no logr\u00f3 vencer en la interna a Josefina V\u00e1zquez Mota, la que no pudo ante el embate de sus propios compa\u00f1eros y cay\u00f3 hasta el tercer lugar en la votaci\u00f3n.<\/p>\n<p>Con el PRI regresando a Los Pinos, Enrique Pe\u00f1a Nieto observ\u00f3 que su partido estaba perdido y que sus aspirantes no representaban mucho, por lo que opt\u00f3 por llevar a un ajeno al partido, Jos\u00e9 Antonio Meade como candidato, quien perdi\u00f3 avasalladoramente.<\/p>\n<p>Hasta el momento, ninguno de los militantes rebeldes ha conseguido ganar la elecci\u00f3n presidencial, aunque varios de ellos s\u00ed contribuyeron a la derrota de su propio partido.<\/p>\n<p>Veremos qui\u00e9n de Claudia Sheinbaum, Ad\u00e1n Augusto L\u00f3pez, Marcelo Ebrard o Ricardo Monreal, decide, como forma de protesta por no ser el candidato(a), presentarse como abanderado de otro partido o act\u00faan en contra del beneficiado.<\/p>\n<p style=\"text-align: center;\"><strong>*****<\/strong><\/p>\n<p>Otra gran tragedia, ahora con una cuarentena de migrantes muertos en un incendio en una estaci\u00f3n del INM en Ciudad Ju\u00e1rez, habr\u00e1 que ver si en este gobierno se act\u00faa con seriedad y no se recurre a desv\u00edos como en el caso del ABC.<\/p>\n<p><a href=\"mailto:ramonzurita44@hotmail.com\" target=\"_blank\" rel=\"noopener noreferrer\"><em>ramonzurita44@hotmail.com<\/em><\/a><\/p>\n","protected":false},"excerpt":{"rendered":"<p><span style=\"color: #005497;\"><strong>Ram\u00f3n Zurita Sahag\u00fan<\/strong><\/span><\/p>\n","protected":false},"author":3,"featured_media":0,"comment_status":"open","ping_status":"open","sticky":false,"template":"","format":"standard","meta":{"_monsterinsights_skip_tracking":false,"_monsterinsights_sitenote_active":false,"_monsterinsights_sitenote_note":"","_monsterinsights_sitenote_category":0,"footnotes":""},"categories":[234],"tags":[304,43674,43687],"class_list":["post-579258","post","type-post","status-publish","format-standard","hentry","category-ramon-zurita-sahagun","tag-de-frente-y-de-perfil","tag-opinion","tag-ramon-zurita-sahagun"],"_links":{"self":[{"href":"https:\/\/www.diarioimagen.net\/index.php?rest_route=\/wp\/v2\/posts\/579258","targetHints":{"allow":["GET"]}}],"collection":[{"href":"https:\/\/www.diarioimagen.net\/index.php?rest_route=\/wp\/v2\/posts"}],"about":[{"href":"https:\/\/www.diarioimagen.net\/index.php?rest_route=\/wp\/v2\/types\/post"}],"author":[{"embeddable":true,"href":"https:\/\/www.diarioimagen.net\/index.php?rest_route=\/wp\/v2\/users\/3"}],"replies":[{"embeddable":true,"href":"https:\/\/www.diarioimagen.net\/index.php?rest_route=%2Fwp%2Fv2%2Fcomments&post=579258"}],"version-history":[{"count":0,"href":"https:\/\/www.diarioimagen.net\/index.php?rest_route=\/wp\/v2\/posts\/579258\/revisions"}],"wp:attachment":[{"href":"https:\/\/www.diarioimagen.net\/index.php?rest_route=%2Fwp%2Fv2%2Fmedia&parent=579258"}],"wp:term":[{"taxonomy":"category","embeddable":true,"href":"https:\/\/www.diarioimagen.net\/index.php?rest_route=%2Fwp%2Fv2%2Fcategories&post=579258"},{"taxonomy":"post_tag","embeddable":true,"href":"https:\/\/www.diarioimagen.net\/index.php?rest_route=%2Fwp%2Fv2%2Ftags&post=579258"}],"curies":[{"name":"wp","href":"https:\/\/api.w.org\/{rel}","templated":true}]}}