{"id":579261,"date":"2023-03-29T00:12:16","date_gmt":"2023-03-29T06:12:16","guid":{"rendered":"https:\/\/www.diarioimagen.net\/?p=579261"},"modified":"2023-03-29T02:14:22","modified_gmt":"2023-03-29T08:14:22","slug":"renuncia-edmundo-jacobo-molina-y-la-incertidumbre-invade-a-millones","status":"publish","type":"post","link":"https:\/\/www.diarioimagen.net\/?p=579261","title":{"rendered":"Renuncia Edmundo Jacobo Molina y la incertidumbre invade a millones"},"content":{"rendered":"<h2>Tras la puerta del poder<\/h2>\n<h5>Roberto Vizca\u00edno<\/h5>\n<p>&nbsp;<\/p>\n<p>La causal esgrimida por <strong>Edmundo Jacobo Molina,<\/strong> fue que \u201cno existen condiciones para continuar en el cargo\u201d.<\/p>\n<p>\u00bfDe qu\u00e9 habla el ahora s\u00ed ex secretario ejecutivo del INE?<\/p>\n<p>En este insospechado, inesperado contexto, hablar de \u201ccondiciones\u201d puede incluir hasta lo absurdo.<\/p>\n<p>Y lo ser\u00eda si no estuviera en esta renuncia tanto en juego.<\/p>\n<p>Viendo la trayectoria y estructura de ese grupo, y hablo de <strong>Lorenzo\u00a0 C\u00f3rdova, Ciro Murayama y \u00e9l<\/strong> <strong>mismo<\/strong> \u2014sin incluir por ahora al resto de la tropa (en la que podr\u00eda contarse a <strong>Woldenberg, Claudio X. Gonz\u00e1lez<\/strong> y los otros muchos jugadores)\u2014, se podr\u00eda afirmar que <strong><em>esta dimisi\u00f3n forma parte de una estrategia de m\u00e1s fondo y plazo<\/em><\/strong>.<\/p>\n<p>Negociada, platicada, analizada.<\/p>\n<p>Si fue \u2014como lo piensa muchos\u2014 por sentirse abandonado, solo ante el asedio de <strong>Andr\u00e9s Manuel L\u00f3pez Obrador<\/strong> y sus huestes, pues qu\u00e9 poca ma\u2026 car\u00e1cter.<\/p>\n<p>Si es dentro de una estrategia podr\u00eda ser porque sin <strong>Edmundo Jacobo Molina<\/strong> el INE dejar\u00eda de ser el blanco de <strong>AMLO<\/strong> y se generar\u00eda un ambiente menos tenso para el ajuste y asimilaci\u00f3n de los 4 nuevos consejeros que van a llegar en estos d\u00edas.<\/p>\n<p>Nueve fueron muchos a\u00f1os para que <strong>C\u00f3rdova<\/strong> y sus aliados internos consolidaran una cultura que hoy domina a los 7 consejeros que contin\u00faan en el instituto.<\/p>\n<p>Va a ser muy dif\u00edcil que quienes llegan impongan decisiones fuera de esa cultura de trabajo y comportamiento. Y menos, si llegan en medio de un proceso electoral tan importante como es el de la renovaci\u00f3n de gobernadores en el Estado de M\u00e9xico y en Coahuila, que deber\u00e1 concluir el 2 de junio entrante, apenas unas cuantas semanas.<\/p>\n<p>Sea quien sea que resulte presidenta del INE v\u00eda la t\u00f3mbola, requerir\u00e1 de un equipo de asesores muy fogueado para medio sacar adelante esos procesos y de inmediato entrarle al del 2024 que ser\u00e1 un mundo de elecciones.<\/p>\n<p>El del 2024 correr\u00e1 sobre los mismos rieles legales que el de 2018 y ante la mirada de miles de observadores internacionales e internos, as\u00ed como de una atenci\u00f3n de medios de todo el orbe c\u00f3mo nunca antes se habr\u00e1 visto.<\/p>\n<p>Quienes lleguen al INE, por m\u00e1s morenistas y lopezobradoristas que sean, no podr\u00e1n torcer las normas ni la operaci\u00f3n de esos comicios de tal forma que pudieran ser anulados o ajustados a las instrucciones de AMLO.<\/p>\n<p>A su lado tendr\u00e1n dos instituciones que los acotar\u00e1n y sancionar\u00e1n permanentemente: el Tribunal Electoral del Poder Judicial de la Federaci\u00f3n y la Suprema Corte.<\/p>\n<p>Detr\u00e1s de ellos est\u00e1 una sociedad cada vez m\u00e1s activa y concientizada y una alianza opositora que suma empresarios y acuerdos con fuerzas e instituciones internacionales, especialmente las de Estados Unidos y Europa.<\/p>\n<p>No, no ser\u00e1 tan f\u00e1cil como se cree para <strong>AMLO<\/strong> ir contra esa estructura.<\/p>\n<p>\u201cEsta renuncia es de car\u00e1cter irrevocable. Con mi renuncia les digo a quienes me han respaldado que soy uno como ustedes, comprometido a defender la democracia\u201d, dijo <strong>Molina<\/strong>.<\/p>\n<p>Y agreg\u00f3:<\/p>\n<p>\u201cLa notoriedad, que sin buscarla he adquirido, constituye un impedimento \u2014desde mi punto de vista\u2014 para continuar desempe\u00f1ando con discreci\u00f3n y eficacia las actividades propias del secretariado ejecutivo. Por eso, estoy convencido que conforme a la \u00e9tica de la responsabilidad es el momento de retirarme\u201d, precis\u00f3.<\/p>\n<p>Molina lleg\u00f3 a la secretar\u00eda Ejecutiva del INE en 2008 y, luego de la reforma a los procesos internos de 2014. Desde entonces actu\u00f3 como el mayor soporte pol\u00edtico y administrativo para <strong>Lorenzo C\u00f3rdova,<\/strong> quien en una jugada parecida al sabadazo de anta\u00f1o, en febrero de 2020 logr\u00f3 reelegirlo para otros 6 a\u00f1os.<\/p>\n<p><strong>Molina<\/strong> -\u2014de 67 a\u00f1os\u2014, era quien supervisaba las direcciones ejecutivas electorales as\u00ed como las dependencias\u00a0 t\u00e9cnicas y el servicio profesional electoral.<\/p>\n<p>Entre sus mayores encargos era el representante jur\u00eddico del organismo, por ello su nombre y firma est\u00e1n en todas las credenciales para votar.<\/p>\n<p><strong>Molina <\/strong>fue centro de primeras planas luego de que el \u201cplan B\u201d de <strong>AMLO <\/strong>incluy\u00f3 su despido inmediato el 2 de marzo lo que qued\u00f3 anulado por mandato judicial el 10 de marzo.<\/p>\n<p>Durante su reinstalaci\u00f3n el 13 de marzo, Molina indic\u00f3 que no se hab\u00eda amparado para quedarse en el cargo, sino para obligar a <strong>AMLO<\/strong> a respetar al Estado de Derecho.<\/p>\n<p>\u201cPorque no haya impunidad, lo que estaba en juego es la impunidad y la arbitrariedad, eso es lo que combat\u00ed. \u00bfEso es una victoria p\u00edrrica? \u00a1Por favor!\u201d, subray\u00f3.<\/p>\n<p>Hoy, una buena parte de la poblaci\u00f3n, especialmente de quienes llenaron el Z\u00f3calo y otras plazas el domingo 26 de febrero anterior, celebr\u00f3 su regreso y son quienes ahora sienten incertidumbre ante esta nueva decisi\u00f3n de <strong>Molina.<\/strong><\/p>\n<p style=\"text-align: center;\"><strong>Sheinmabum abri\u00f3 la gallera<\/strong><\/p>\n<p>\u00bfImprudencia? \u00bfSoberbia? Lo que haya motivado a <strong>Claudia Sheinbaum<\/strong> a decir tal cosa abri\u00f3 ya la ruptura interna de Morena y amenaza con hacer ingobernable para <strong>AMLO<\/strong> el proceso de su sucesi\u00f3n.<\/p>\n<p><strong>Ebrard<\/strong> le respondi\u00f3 ayer en <em>La Jornada<\/em> al exigir reglas claras en Morena con tiempos de separaci\u00f3n de cargos y debates mientras que <strong>Ricardo Monreal <\/strong>arreci\u00f3 su gira por comunidades mexicanas en las grandes ciudades de Estados Unidos.<\/p>\n<p>Evidentemente que en esta pelea ninguno de los contendientes est\u00e1 pensando en cargos de consolaci\u00f3n. Y la verdad es que los colmillos pol\u00edticos m\u00e1s afilados y experimentados los tienen <strong>Marcelo Ebrard y Ricardo Monreal<\/strong>.<\/p>\n<p>El canciller y el senador podr\u00e1n no ganar\u2026 pero pueden hundir a la Jefa de Gobierno.<\/p>\n<p>\u00a1Vaya alacranes que se ech\u00f3 a la espalda la doctora <strong>Sheinbaum<\/strong>!<\/p>\n<p><em><a href=\"mailto:rvizcainoa@gmail.com\" target=\"_blank\" rel=\"noopener noreferrer\">vizcainoa@gmail.com<\/a><a href=\"mailto:rvizcainoa@gmail.com\" target=\"_blank\" rel=\"noopener noreferrer\"><br \/>\n<\/a><a href=\"http:\/\/endirecto.mx\" target=\"_blank\" rel=\"noopener noreferrer\">www.endirecto.mx<\/a><a href=\"mailto:rvizcainoa@gmail.com\" target=\"_blank\" rel=\"noopener noreferrer\"><br \/>\n<\/a><a href=\"https:\/\/twitter.com\/_rvizcaino\" target=\"_blank\" rel=\"noopener noreferrer\">@_RVizcaino<\/a><a href=\"mailto:rvizcainoa@gmail.com\" target=\"_blank\" rel=\"noopener noreferrer\"><br \/>\n<\/a><a href=\"https:\/\/www.facebook.com\/rvizcainoa\" target=\"_blank\" rel=\"noopener noreferrer\">facebook.com\/rvizcainoa<\/a><\/em><\/p>\n","protected":false},"excerpt":{"rendered":"<p><span style=\"color: #005497;\"><strong>Roberto Vizca\u00edno<\/strong><\/span><\/p>\n","protected":false},"author":3,"featured_media":0,"comment_status":"open","ping_status":"open","sticky":false,"template":"","format":"standard","meta":{"_monsterinsights_skip_tracking":false,"_monsterinsights_sitenote_active":false,"_monsterinsights_sitenote_note":"","_monsterinsights_sitenote_category":0,"footnotes":""},"categories":[136],"tags":[43674,93,94],"class_list":["post-579261","post","type-post","status-publish","format-standard","hentry","category-roberto-vizcaino-opinion","tag-opinion","tag-roberto-vizcaino","tag-tras-la-puerta-del-poder"],"_links":{"self":[{"href":"https:\/\/www.diarioimagen.net\/index.php?rest_route=\/wp\/v2\/posts\/579261","targetHints":{"allow":["GET"]}}],"collection":[{"href":"https:\/\/www.diarioimagen.net\/index.php?rest_route=\/wp\/v2\/posts"}],"about":[{"href":"https:\/\/www.diarioimagen.net\/index.php?rest_route=\/wp\/v2\/types\/post"}],"author":[{"embeddable":true,"href":"https:\/\/www.diarioimagen.net\/index.php?rest_route=\/wp\/v2\/users\/3"}],"replies":[{"embeddable":true,"href":"https:\/\/www.diarioimagen.net\/index.php?rest_route=%2Fwp%2Fv2%2Fcomments&post=579261"}],"version-history":[{"count":0,"href":"https:\/\/www.diarioimagen.net\/index.php?rest_route=\/wp\/v2\/posts\/579261\/revisions"}],"wp:attachment":[{"href":"https:\/\/www.diarioimagen.net\/index.php?rest_route=%2Fwp%2Fv2%2Fmedia&parent=579261"}],"wp:term":[{"taxonomy":"category","embeddable":true,"href":"https:\/\/www.diarioimagen.net\/index.php?rest_route=%2Fwp%2Fv2%2Fcategories&post=579261"},{"taxonomy":"post_tag","embeddable":true,"href":"https:\/\/www.diarioimagen.net\/index.php?rest_route=%2Fwp%2Fv2%2Ftags&post=579261"}],"curies":[{"name":"wp","href":"https:\/\/api.w.org\/{rel}","templated":true}]}}