{"id":579300,"date":"2023-03-30T00:01:55","date_gmt":"2023-03-30T06:01:55","guid":{"rendered":"https:\/\/www.diarioimagen.net\/?p=579300"},"modified":"2023-03-30T01:28:25","modified_gmt":"2023-03-30T07:28:25","slug":"no-se-protegera-a-nadie-por-la-muerte-de-migrantes-en-chihuahua-amlo","status":"publish","type":"post","link":"https:\/\/www.diarioimagen.net\/?p=579300","title":{"rendered":"No se proteger\u00e1 a nadie por la muerte de migrantes en Chihuahua: AMLO"},"content":{"rendered":"<p>&nbsp;<\/p>\n<ul>\n<li><strong><em>En la tablita,\u00a0 Francisco Gardu\u00f1o, titular del INM<\/em><\/strong><\/li>\n<\/ul>\n<p>&nbsp;<\/p>\n<div id=\"attachment_579393\" style=\"width: 470px\" class=\"wp-caption aligncenter\"><a href=\"https:\/\/www.diarioimagen.net\/?attachment_id=579393\" rel=\"attachment wp-att-579393\"><img loading=\"lazy\" decoding=\"async\" aria-describedby=\"caption-attachment-579393\" class=\"size-full wp-image-579393\" src=\"https:\/\/www.diarioimagen.net\/wp-content\/uploads\/2023\/03\/amlo-14.jpg\" alt=\"\" width=\"460\" height=\"270\" \/><\/a><p id=\"caption-attachment-579393\" class=\"wp-caption-text\">Andr\u00e9s Manuel L\u00f3pez Obrador orden\u00f3 a la FGR realizar una investigaci\u00f3n sobre la muerte de los 38 migrantes en una estaci\u00f3n del INM y garantiz\u00f3 que habr\u00e1 impunidad.<\/p><\/div>\n<p>&nbsp;<\/p>\n<p>El presidente Andr\u00e9s Manuel L\u00f3pez Obrador orden\u00f3 a la Fiscal\u00eda General de la Rep\u00fablica (FGR) hacer una investigaci\u00f3n sobre la muerte de los 38 migrantes en una estaci\u00f3n del del Instituto Nacional de Migraci\u00f3n (INM) de Chihuahua, donde fueron abandonados, y garantiz\u00f3 que no habr\u00e1 impunidad, ni se proteger\u00e1 a nadie.<\/p>\n<p>\u201cEstoy solicitando a la Fiscal\u00eda General de la Rep\u00fablica que contin\u00fae con la investigaci\u00f3n judicial para que se act\u00fae, se finquen responsabilidad y no haya impunidad, que se aclare bien quienes fueron los responsables, se finquen de manera espec\u00edfica las responsables y se castigue a quienes hayan causado esta dolorosa tragedia\u201d, expres\u00f3.<\/p>\n<p>En conferencia de prensa, el presidente L\u00f3pez Obrador dijo que la secretaria de Seguridad, Rosa Icela Rodr\u00edguez, dar\u00e1 un informe sobre los hechos.<\/p>\n<p>\u201cVamos a informar, no vamos a ocultar los hechos, de ninguna manera vamos a actuar de forma injusta ante esto que es tan doloroso. La CNDH est\u00e1 haciendo su trabajo de manera independiente, no hay ning\u00fan prop\u00f3sito de ocultar los hechos, ning\u00fan prop\u00f3sito de proteger a nadie\u201d, manifest\u00f3 L\u00f3pez Obrador.<\/p>\n<p>Afirm\u00f3 que en su administraci\u00f3n no se permite la violaci\u00f3n a los derechos humanos ni se permite la impunidad.<\/p>\n<p>\u201cQuiero expresar mis condolencias a los familiares, a los habitantes de los pa\u00edses de donde son originarios los migrantes que lamentablemente perdieron la vida en este incendio en Ciudad Ju\u00e1rez, mi m\u00e1s profundo p\u00e9same a familiares a nuestros hermanos venezolanos, guatemaltecos, salvadore\u00f1os, ecuatorianos y colombianos\u201d, dijo.<\/p>\n<p style=\"text-align: center;\"><strong>Permanencia del titular del INM depender\u00e1 de las investigaciones<\/strong><\/p>\n<p>Sobre la permanencia de Francisco Gardu\u00f1o Y\u00e1\u00f1ez al frente del Instituto Nacional de Migraci\u00f3n (INM) tras los hechos tr\u00e1gicos, el presidente dijo se resolver\u00e1 a partir de los resultados que arroje la investigaci\u00f3n de la FGR. El mandatario acus\u00f3 que los medios de comunicaci\u00f3n desean que se actuar\u00e1 de forma sumaria, pero asegur\u00f3 que se tiene que hacer una investigaci\u00f3n.<\/p>\n<p>Asegur\u00f3 que los medios de comunicaci\u00f3n est\u00e1n interesados m\u00e1s por el dolor que puede causar \u201cpor el amarillismo\u201d.<\/p>\n<p>\u201c\u00bfEl comisionado se mantiene al frente?\u201d, se le pregunt\u00f3.<\/p>\n<p>\u201cEso lo vamos a resolver a partir de la investigaci\u00f3n, es que pues ustedes quisieran es que se actuar\u00e1 de manera sumaria y tenemos que conocer realmente lo que sucedi\u00f3. Hay versiones y existen, para eso la Fiscal\u00eda y va a llevar a cabo la investigaci\u00f3n\u201d, dijo.<\/p>\n<p style=\"text-align: center;\"><strong>\u201cRechazo a la ley electoral es por mantener<br \/>\nprivilegios de la burocracia dorada\u201d<\/strong><\/p>\n<p>En el tema de las suspensiones que est\u00e1 otorgando la Suprema Corte de Justicia de la Naci\u00f3n (SCJN) a diversos actores pol\u00edticos por las reformas a la ley electoral, el primer mandatario volvi\u00f3 a fustigar al consejero presidente del Instituto Nacional Electoral (INE), Lorenzo C\u00f3rdova, por defender los privilegios de la \u201cburocracia dorada\u201d.<\/p>\n<p>\u201cQue no enga\u00f1en a la gente, que no se deje tambi\u00e9n la gente manipular aunque les caigamos mal, tenemos la obligaci\u00f3n de informarles, nada de que el INE no se toca, cuando lo que no quieren que se toque es esto (privilegios)\u201d, lanz\u00f3 el jefe del Ejecutivo federal.<\/p>\n<p>L\u00f3pez Obrador explic\u00f3 que aunque el INE report\u00f3 que el funcionario s\u00f3lo recibir\u00e1 1.9 millones de pesos por concepto de liquidaci\u00f3n omiti\u00f3 el monto que le dar\u00e1n por concepto de \u201cseguro de separaci\u00f3n individualizada\u201d donde recibir\u00eda 8 millones de pesos m\u00e1s.<\/p>\n<p>En su conferencia de prensa, L\u00f3pez Obrador utiliz\u00f3 el argumento del diputado Mario Llergo, quien representa a Morena en el Consejo General del INE, en donde detall\u00f3 que por esta prestaci\u00f3n, que dijo en el Ejecutivo federal fue eliminada, C\u00f3rdova, Edmundo Jacobo y Ciro Murayama recibir\u00e1n otros miles de pesos por otras percepciones.<\/p>\n<p>De acuerdo con un documento compartido por el representante de Morena y exhibido en la rueda de prensa, el seguro de compensaci\u00f3n comprende 7 millones 30 mil pesos, y las otras percepciones suman 121 mil 880 pesos.<\/p>\n<p>El manual de percepciones de los funcionarios del INE establece que para el seguro de separaci\u00f3n individualizada podr\u00edan aportar de 2 al 10 por ciento del salario tabular.<\/p>\n","protected":false},"excerpt":{"rendered":"<p>El presidente Andr\u00e9s Manuel L\u00f3pez Obrador orden\u00f3 a la Fiscal\u00eda General de la Rep\u00fablica (FGR) hacer una investigaci\u00f3n sobre la muerte de los 38 migrantes en una estaci\u00f3n del del Instituto Nacional de Migraci\u00f3n (INM) de Chihuahua, donde fueron abandonados, y garantiz\u00f3 que no habr\u00e1 impunidad, ni se proteger\u00e1 a nadie.<\/p>\n","protected":false},"author":3,"featured_media":579393,"comment_status":"open","ping_status":"open","sticky":false,"template":"","format":"standard","meta":{"_monsterinsights_skip_tracking":false,"_monsterinsights_sitenote_active":false,"_monsterinsights_sitenote_note":"","_monsterinsights_sitenote_category":0,"footnotes":""},"categories":[3],"tags":[2545,43673,97611,97610],"class_list":["post-579300","post","type-post","status-publish","format-standard","has-post-thumbnail","hentry","category-nacional","tag-amlo","tag-nacional","tag-nadie","tag-protegera"],"_links":{"self":[{"href":"https:\/\/www.diarioimagen.net\/index.php?rest_route=\/wp\/v2\/posts\/579300","targetHints":{"allow":["GET"]}}],"collection":[{"href":"https:\/\/www.diarioimagen.net\/index.php?rest_route=\/wp\/v2\/posts"}],"about":[{"href":"https:\/\/www.diarioimagen.net\/index.php?rest_route=\/wp\/v2\/types\/post"}],"author":[{"embeddable":true,"href":"https:\/\/www.diarioimagen.net\/index.php?rest_route=\/wp\/v2\/users\/3"}],"replies":[{"embeddable":true,"href":"https:\/\/www.diarioimagen.net\/index.php?rest_route=%2Fwp%2Fv2%2Fcomments&post=579300"}],"version-history":[{"count":0,"href":"https:\/\/www.diarioimagen.net\/index.php?rest_route=\/wp\/v2\/posts\/579300\/revisions"}],"wp:featuredmedia":[{"embeddable":true,"href":"https:\/\/www.diarioimagen.net\/index.php?rest_route=\/wp\/v2\/media\/579393"}],"wp:attachment":[{"href":"https:\/\/www.diarioimagen.net\/index.php?rest_route=%2Fwp%2Fv2%2Fmedia&parent=579300"}],"wp:term":[{"taxonomy":"category","embeddable":true,"href":"https:\/\/www.diarioimagen.net\/index.php?rest_route=%2Fwp%2Fv2%2Fcategories&post=579300"},{"taxonomy":"post_tag","embeddable":true,"href":"https:\/\/www.diarioimagen.net\/index.php?rest_route=%2Fwp%2Fv2%2Ftags&post=579300"}],"curies":[{"name":"wp","href":"https:\/\/api.w.org\/{rel}","templated":true}]}}