{"id":579344,"date":"2023-03-30T00:02:47","date_gmt":"2023-03-30T06:02:47","guid":{"rendered":"https:\/\/www.diarioimagen.net\/?p=579344"},"modified":"2023-03-30T00:04:03","modified_gmt":"2023-03-30T06:04:03","slug":"francisco-garduno-sigue-escondido-en-el-senado-piden-su-renuncia-y-que-de-la-cara","status":"publish","type":"post","link":"https:\/\/www.diarioimagen.net\/?p=579344","title":{"rendered":"Francisco Gardu\u00f1o sigue escondido; en el Senado piden su renuncia y que d\u00e9 la cara"},"content":{"rendered":"<h2>La Retaguardia<\/h2>\n<h5>Adriana Moreno Cordero<\/h5>\n<p>&nbsp;<\/p>\n<ul>\n<li><strong><em>Rosa Icela Rodr\u00edguez y Sara Herrer\u00edas dejan muchos cabos sueltos<\/em><\/strong><\/li>\n<\/ul>\n<p>&nbsp;<\/p>\n<p>\u201cTodo, absolutamente todo va a quedar en manos de la Fiscal\u00eda General de la Rep\u00fablica\u201d, sentenci\u00f3 la flamante secretaria de Seguridad Ciudadana a nivel federal, <strong>Rosa Icela Rodr\u00edguez <\/strong>en la conferencia que ofreci\u00f3 ayer en la tarde noche para referirse a la tragedia ocurrida en la estaci\u00f3n migratoria de Ciudad Ju\u00e1rez, Chihuahua, donde resultaron muertos 39 migrantes por negligencia del Instituto Nacional de Migraci\u00f3n, cuyo comisionado es <strong>Francisco Gardu\u00f1o Y\u00e1\u00f1ez<\/strong>, quien por cierto, segu\u00eda escondido sin querer atender a lo que el presidente <strong>Andr\u00e9s Manuel L\u00f3pez Obrador<\/strong>, llam\u00f3 la \u201cprensa amarillista\u201d, solo porque reporta lo ocurrido, producto de la evidente ineptitud de esta errada y llamada cuarta transformaci\u00f3n, limit\u00e1ndose a circular fotos de \u00e9l con los migrantes hospitalizados y los boletines que emiti\u00f3 el INMI. Pura paja.<\/p>\n<p>Pues \u201ca buen \u00e1rbol\u201d se arrim\u00f3 Rosa Icela Rodr\u00edguez, porque es bien sabido que la FGR, que encabeza <strong>Alejandro Gertz Manero<\/strong>, solo act\u00faa cuando se lo indican en Palacio Nacional, aun as\u00ed, la funcionaria se\u00f1al\u00f3, al responder las preguntas que le hicieron los reporteros en una conferencia de prensa que le result\u00f3 muy embarazosa porque, vaya forma de pasarle la \u201cbolita\u201d a la se\u00f1ora Rodr\u00edguez, luego del acre intercambio entre el secretario de Gobernaci\u00f3n, <strong>Ad\u00e1n Augusto L\u00f3pez<\/strong> y el titular de Relaciones Exteriores, <strong>Marcelo Ebrard<\/strong>, que como buenas \u201ccorcholatas\u201d que son, intentaron \u201clavarse las manos\u201d sobre este desafortunado hecho y como prueba est\u00e1 que ni el titular de Gobernaci\u00f3n ni el canciller se presentaron en Palacio Nacional\u00a0 en la conferencia de prensa<\/p>\n<p>Recibiendo la \u201cbomba de tiempo\u201d en el que se ha convertido el incendio en la estaci\u00f3n migratoria de Ciudad Ju\u00e1rez, la titular de Seguridad Ciudadana a nivel federal, confi\u00f3 en que en las investigaciones, \u201cnada se va a ocultar, se va a conocer toda la investigaci\u00f3n\u201d.<\/p>\n<p>\u201cAntes de ser funcionarias p\u00fablicas, somos madres, hermanas, hijas e incluso abuelas\u201d, dijo visiblemente compungida Rosa Icela Rodr\u00edguez. Pese a estar en Palacio Nacional ofreciendo la referida conferencia de prensa, se le not\u00f3 nerviosa, teniendo que repetir el discurso que hab\u00eda dicho su jefe un d\u00eda antes frente a estos \u201clamentables acontecimientos\u201d, como lo llam\u00f3. Sin embargo, todo result\u00f3 ser una serie de lugares comunes, frases repetidas infinidad de veces en esta errada y llamada cuarta transformaci\u00f3n, cuid\u00e1ndose la funcionaria en todo momento y al extremo, de decir, siquiera de pasadita que se hab\u00eda tratado de un crimen de Estado.<\/p>\n<p>Intent\u00f3 imprimirle una buena dosis de tristeza a su discurso: \u201cImag\u00ednese \u2014le respondi\u00f3 a un reportero\u2014, el malestar es un sentimiento no solamente de impotencia, sino de coraje. Por eso est\u00e1bamos diciendo que tenemos una indignaci\u00f3n, es imperdonable, son vidas humanas\u201d.<\/p>\n<p>Aqu\u00ed entonces la pregunta es: guardada toda proporci\u00f3n, cuando se dio el terrible accidente en la L\u00ednea 12 del Metro, tanto la flamante jefa de Gobierno de la Ciudad de M\u00e9xico, <strong>Claudia Sheinbaum<\/strong>, como el resto de los funcionarios de esta errada y llamada cuarta transformaci\u00f3n, taparon en todo momento a la exdirectora del Metro, <strong>Florencia Serran\u00eda<\/strong>, ahora, \u00bfpor qu\u00e9 confiar en que este caso no va a quedar en la impunidad y que supuestamente se va a llegar a fondo? De entrada, las protestas de los migrantes no las atienden y pr\u00e1cticamente, ni caso hace esta administraci\u00f3n.<\/p>\n<p>De cualquier manera, Rosa Icela Rodr\u00edguez inform\u00f3 que ocho servidores p\u00fablicos van a ser presentados en breve como presuntos responsables de homicidio y por eso habr\u00e1 \u00f3rdenes de aprehensi\u00f3n, pero un dato llama poderosamente la atenci\u00f3n, \u00bfpor qu\u00e9 tanto la secretaria como <strong>Sara Irene Herrer\u00edas,<\/strong> titular de la fiscal\u00eda especializada en materia de Derechos Humanos de la FGR, dieron a conocer el nombre de la empresa privada que estaba en la estaci\u00f3n migratoria de Ciudad Ju\u00e1rez.<\/p>\n<p>Con todo y su conferencia de prensa, ambas funcionarias dejaron muchos cabos sueltos pero eso s\u00ed, la se\u00f1ora Herrer\u00edas dijo o prometi\u00f3 que conforme avancen las investigaciones, habr\u00e1 m\u00e1s detenidos y presentados. \u00bfSer\u00e1?<\/p>\n<p>En el Senado de la Rep\u00fablica el asunto tambi\u00e9n tuvo bastante eco. Luego de lamentar lo sucedido en Ciudad Ju\u00e1rez, el presidente de la Junta de Coordinaci\u00f3n Pol\u00edtica del Senado de la Rep\u00fablica, <strong>Ricardo Monreal<\/strong>, fue enf\u00e1tico al sentenciar que Francisco Gardu\u00f1o tiene que presentarse a la C\u00e1mara Alta y dar la cara.<\/p>\n<p>Pero como en la conferencia de prensa ofrecida por Rosa Icela Rodr\u00edguez, habl\u00f3 de que la salida o no de Gardu\u00f1o Y\u00e1\u00f1ez depender\u00e1 de c\u00f3mo vayan avanzando las investigaciones, pues es obvio que el comisionado del INMI, se siente protegido por el manto que le brinda el inquilino de Palacio Nacional.<\/p>\n<p>Monreal indic\u00f3 que lo que procede en el caso Ciudad Ju\u00e1rez, es que se agilicen las investigaciones y se procese a los responsables y recomend\u00f3 una vez m\u00e1s: \u201clo que conviene al Gobierno y a los integrantes del Poder Legislativo, es dar la cara, encabezar la indignaci\u00f3n y llegar hasta las consecuencias que se requieran. Asimismo, insisti\u00f3 en la necesidad de que comparezca el Comisionado del Instituto Nacional de Migraci\u00f3n y cualquier otro funcionario entre ellos los secretarios, como el de Gobernaci\u00f3n y el de Relaciones Exteriores<\/p>\n<p style=\"text-align: center;\"><strong>Municiones<\/strong><\/p>\n<p><strong>***<\/strong> La tragedia ocurrida en Ciudad Ju\u00e1rez, sigue sin interesarle en lo m\u00e1s m\u00ednimo a Ad\u00e1n Augusto L\u00f3pez Hern\u00e1ndez, quien ya muy metido en su campa\u00f1a de cara al 2024, estuvo en una visita rel\u00e1mpago en Veracruz, estado del que se ha vuelto asiduo visitante, para\u00a0\u00a0 colocar la primera piedra de alguna importante construcci\u00f3n, al parecer una empresa qu\u00edmica y cuando recibi\u00f3 las preguntas de los reporteros, evadi\u00f3 totalmente la tragedia y de manera somera, dijo y que, \u00a1oh, sorpresa!, est\u00e1 trabajando tambi\u00e9n la Fiscal\u00eda General de la Rep\u00fablica, pero al titular de la Segob, que no lo interrumpan en su campa\u00f1a.<\/p>\n<p><strong>***<\/strong> Por su parte, el secretario de Relaciones Exteriores, sigue presentando su libro, ahora en la CDMX,, antes en Monterrey, con el compadre de <strong>Elon Musk<\/strong>, bajo el supuesto de que\u00a0 \u00e9l ya le contest\u00f3 a Ad\u00e1n Augusto L\u00f3pez y no tiene por qu\u00e9 meterse m\u00e1s. \u00a1Qu\u00e9 tal!<\/p>\n<p><strong>***<\/strong> Mientras, en el Palacio Legislativo de San L\u00e1zaro Los coordinadores parlamentarios de\u00a0\u201c<strong>Va por M\u00e9xico\u201d<\/strong>\u00a0en la\u00a0<strong>C\u00e1mara de\u00a0Diputados, <\/strong>\u00a0vetaron a las candidatas propuestas para presidir <strong>el\u00a0<\/strong>Instituto\u00a0Nacional Electoral\u00a0y propondr\u00e1n que sean consideradas las otras seis mujeres finalistas del proceso de selecci\u00f3n. Y metiendo su cuchara L\u00f3pez Obrador, en su gustad\u00edsimo <em>stand-up<\/em> ma\u00f1anero dijo que su opini\u00f3n es que no negocien, como era antes, que se vayan a la insaculaci\u00f3n y que sea la fortuna, dir\u00eda Maquiavelo\u201d. Ya lo dice una canci\u00f3n de los a\u00f1os sesenta, \u201cla vida es una t\u00f3mbola, tom, tom, t\u00f3mbola\u201d.<\/p>\n<p><u><a href=\"mailto:morcora@gmail.com\" target=\"_blank\" rel=\"noopener noreferrer\"><em>morcora@gmail.com<\/em><\/a><\/u><\/p>\n","protected":false},"excerpt":{"rendered":"<p><span style=\"color: #005497;\"><strong>Adriana Moreno Cordero<\/strong><\/span><\/p>\n","protected":false},"author":3,"featured_media":0,"comment_status":"open","ping_status":"open","sticky":false,"template":"","format":"standard","meta":{"_monsterinsights_skip_tracking":false,"_monsterinsights_sitenote_active":false,"_monsterinsights_sitenote_note":"","_monsterinsights_sitenote_category":0,"footnotes":""},"categories":[69370],"tags":[69369,69368,43674],"class_list":["post-579344","post","type-post","status-publish","format-standard","hentry","category-adriana-moreno-cordero","tag-adriana-moreno-cordero","tag-la-retaguardia","tag-opinion"],"_links":{"self":[{"href":"https:\/\/www.diarioimagen.net\/index.php?rest_route=\/wp\/v2\/posts\/579344","targetHints":{"allow":["GET"]}}],"collection":[{"href":"https:\/\/www.diarioimagen.net\/index.php?rest_route=\/wp\/v2\/posts"}],"about":[{"href":"https:\/\/www.diarioimagen.net\/index.php?rest_route=\/wp\/v2\/types\/post"}],"author":[{"embeddable":true,"href":"https:\/\/www.diarioimagen.net\/index.php?rest_route=\/wp\/v2\/users\/3"}],"replies":[{"embeddable":true,"href":"https:\/\/www.diarioimagen.net\/index.php?rest_route=%2Fwp%2Fv2%2Fcomments&post=579344"}],"version-history":[{"count":0,"href":"https:\/\/www.diarioimagen.net\/index.php?rest_route=\/wp\/v2\/posts\/579344\/revisions"}],"wp:attachment":[{"href":"https:\/\/www.diarioimagen.net\/index.php?rest_route=%2Fwp%2Fv2%2Fmedia&parent=579344"}],"wp:term":[{"taxonomy":"category","embeddable":true,"href":"https:\/\/www.diarioimagen.net\/index.php?rest_route=%2Fwp%2Fv2%2Fcategories&post=579344"},{"taxonomy":"post_tag","embeddable":true,"href":"https:\/\/www.diarioimagen.net\/index.php?rest_route=%2Fwp%2Fv2%2Ftags&post=579344"}],"curies":[{"name":"wp","href":"https:\/\/api.w.org\/{rel}","templated":true}]}}