{"id":579346,"date":"2023-03-30T00:06:48","date_gmt":"2023-03-30T06:06:48","guid":{"rendered":"https:\/\/www.diarioimagen.net\/?p=579346"},"modified":"2023-03-30T00:06:48","modified_gmt":"2023-03-30T06:06:48","slug":"responsabilidad-compartida-adan-augusto","status":"publish","type":"post","link":"https:\/\/www.diarioimagen.net\/?p=579346","title":{"rendered":"Responsabilidad compartida: Ad\u00e1n Augusto"},"content":{"rendered":"<h2>Desde el portal<\/h2>\n<h5>\u00c1ngel Soriano<\/h5>\n<p>&nbsp;<\/p>\n<p>En la tragedia de Ciudad Ju\u00e1rez, Chihuahua, donde murieron 38 migrantes hacinados en una estaci\u00f3n migratoria y 30 resultaron heridos, hay responsabilidad compartida en tan lamentable hecho, dijo el secretario de Gobernaci\u00f3n, Ad\u00e1n Augusto Hern\u00e1ndez L\u00f3pez, al indicar que el Gobierno no es de uno u otro, lo preside el presidente L\u00f3pez Obrador y todos asumen la parte que les corresponde.<\/p>\n<p>El mundo ha quedado estupefacto al ver c\u00f3mo la polic\u00eda y los agentes del INM huyen de la c\u00e1rcel migratoria de Ciudad Ju\u00e1rez donde se origin\u00f3 el incendio y los servicios de emergencia tardan en llegar, en tanto que los desafortunados migrantes eran pr\u00e1cticamente calcinados, sin ayuda alguna, los dejaron a su suerte como un mensaje a quienes quieren seguir sus pasos.<\/p>\n<p>Desde los custodios, pertenezcan a la corporaci\u00f3n que pertenezcan, las autoridades a cargo del infierno llamado refugio, hasta los funcionarios responsables de las b\u00e1rbaras condiciones en las que mantienen recluidos a estos seres humanos deber\u00e1n ser llamados a cuenta, pues est\u00e1n lejos de cumplir con una pol\u00edtica humanitaria en la pol\u00edtica de migrantes y refugiados.<\/p>\n<p>El alcalde de Ciudad Ju\u00e1rez, Cruz P\u00e9rez Cu\u00e9llar, lament\u00f3 que este hecho sea utilizado pol\u00edticamente, en tanto que el titular de la Segob censur\u00f3 al gobierno panista de Maru Campos de no respetar a las v\u00edctimas y sus familiares de este doloroso hecho y, en pleno golpeteo por la candidatura presidencial de Morena, dijo que la pol\u00edtica migratoria del gobierno federal est\u00e1 a cargo del canciller Marcelo Ebrard, aunque formalmente pertenece a la Segob. \u00bfY Francisco Gardu\u00f1o, titular del INM?.<\/p>\n<p style=\"text-align: center;\"><strong>TURBULENCIAS<br \/>\nSheinbaum anuncia retirada de la GN<\/strong><\/p>\n<p>Y sobre el tema de las tragedias y el lucro pol\u00edtico, hace dos meses y medio fueron enviados 6,600 elementos de la Guardia Nacional a la custodia de las instalaciones del Metro, ante los sucesivos accidentes que han cobrado tambi\u00e9n varias v\u00edctimas. Se dijo que es o era sabotaje para afectar las aspiraciones pol\u00edticas de la jefa de Gobierno de la CDMX, Claudia Sheinbaum Pardo, quien indic\u00f3 que se encontr\u00f3 que tales afectaciones fueron producto del robo de cables de alta tensi\u00f3n. Al parecer las cosas se han tranquilizado, han disminuido o son inevitables aun con la presencia de los elementos de la GN por lo cual fueron retirados. Las tragedias tienen otro origen: El descuido o la corrupci\u00f3n que impera en las instalaciones federales a cargo de la custodia de la vida de miles de mexicanos y lo cual debe asumirse con responsabilidad\u2026 As\u00ed como va el pa\u00eds y los enfrentamientos entre aspirantes presidenciales, se considera que se llegar\u00e1 al proceso electoral del 2024 en un ambiente muy caldeado si es que de aqu\u00ed a lo que falta para el arranque de la campa\u00f1a no se tranquilizan las cosas: En lo de Ciudad Ju\u00e1rez habr\u00e1 retiro de alguno de los contendientes o se superar\u00e1 la tragedia al paso del tiempo?&#8230; Un \u00e9xito el Congreso Internacional de Justicia Penal en Quer\u00e9taro , que consolida nuevamente al estado como el punto neur\u00e1lgico de discusi\u00f3n sobre justicia penal. El gobernador Mauricio Kuri Gonz\u00e1lez logr\u00f3 reunir a especialistas nacionales y extranjeros que abordaron la problem\u00e1tica actual en materia de justicia penal a 15 a\u00f1os de haber iniciado la Reforma constitucional en M\u00e9xico. De acuerdo a World Justice Project, el estado de Quer\u00e9taro es el mejor del pa\u00eds en el factor de justicia penal de acuerdo al \u00edndice de Estado de Derecho en M\u00e9xico, adem\u00e1s de que suma 5 a\u00f1os consecutivos en lo m\u00e1s alto del ranking nacional de avance en la consolidaci\u00f3n del Sistema de Justicia Penal Acusatorio, as\u00ed considerado por M\u00e9xico Eval\u00faa.<\/p>\n<p><u><a href=\"mailto:asorianocarrasco@yahoo.com\" target=\"_blank\" rel=\"noopener noreferrer\"><em>asorianocarrasco@yahoo.com<\/em><\/a><br \/>\n<em><a href=\"https:\/\/revistabrecha.com\" target=\"_blank\" rel=\"noopener noreferrer\">www.revistabrecha.com<\/a><br \/>\n<\/em><\/u><em>facebook oficial <a href=\"https:\/\/es-la.facebook.com\/RevistaBrecha.Oficial\" target=\"_blank\" rel=\"noopener\">@BrechaRevista<\/a><\/em><\/p>\n","protected":false},"excerpt":{"rendered":"<p><span style=\"color: #005497;\"><strong>\u00c1ngel Soriano<\/strong><\/span><\/p>\n","protected":false},"author":3,"featured_media":0,"comment_status":"open","ping_status":"open","sticky":false,"template":"","format":"standard","meta":{"_monsterinsights_skip_tracking":false,"_monsterinsights_sitenote_active":false,"_monsterinsights_sitenote_note":"","_monsterinsights_sitenote_category":0,"footnotes":""},"categories":[135],"tags":[85,86,43674],"class_list":["post-579346","post","type-post","status-publish","format-standard","hentry","category-angel-soriano-opinion","tag-angel-soriano","tag-desde-el-portal","tag-opinion"],"_links":{"self":[{"href":"https:\/\/www.diarioimagen.net\/index.php?rest_route=\/wp\/v2\/posts\/579346","targetHints":{"allow":["GET"]}}],"collection":[{"href":"https:\/\/www.diarioimagen.net\/index.php?rest_route=\/wp\/v2\/posts"}],"about":[{"href":"https:\/\/www.diarioimagen.net\/index.php?rest_route=\/wp\/v2\/types\/post"}],"author":[{"embeddable":true,"href":"https:\/\/www.diarioimagen.net\/index.php?rest_route=\/wp\/v2\/users\/3"}],"replies":[{"embeddable":true,"href":"https:\/\/www.diarioimagen.net\/index.php?rest_route=%2Fwp%2Fv2%2Fcomments&post=579346"}],"version-history":[{"count":0,"href":"https:\/\/www.diarioimagen.net\/index.php?rest_route=\/wp\/v2\/posts\/579346\/revisions"}],"wp:attachment":[{"href":"https:\/\/www.diarioimagen.net\/index.php?rest_route=%2Fwp%2Fv2%2Fmedia&parent=579346"}],"wp:term":[{"taxonomy":"category","embeddable":true,"href":"https:\/\/www.diarioimagen.net\/index.php?rest_route=%2Fwp%2Fv2%2Fcategories&post=579346"},{"taxonomy":"post_tag","embeddable":true,"href":"https:\/\/www.diarioimagen.net\/index.php?rest_route=%2Fwp%2Fv2%2Ftags&post=579346"}],"curies":[{"name":"wp","href":"https:\/\/api.w.org\/{rel}","templated":true}]}}