{"id":579366,"date":"2023-03-30T00:07:16","date_gmt":"2023-03-30T06:07:16","guid":{"rendered":"https:\/\/www.diarioimagen.net\/?p=579366"},"modified":"2023-03-30T00:23:21","modified_gmt":"2023-03-30T06:23:21","slug":"la-4t-busca-a-los-culpables-de-la-tragedia-de-ciudad-juarez","status":"publish","type":"post","link":"https:\/\/www.diarioimagen.net\/?p=579366","title":{"rendered":"La 4T \u201cbusca\u201d a los culpables de la tragedia de Ciudad Ju\u00e1rez"},"content":{"rendered":"<h2>Clase Pol\u00edtica<\/h2>\n<h5>Miguel \u00c1ngel Rivera<\/h5>\n<p>&nbsp;<\/p>\n<p>La llamada Cuarta Transformaci\u00f3n actu\u00f3 con sagacidad para enfrentar la grave situaci\u00f3n derivada de la muerte de 38 migrantes en un \u201crefugio\u201d de migrantes y, de un momento a otro, se convirti\u00f3 de ser presunto responsable en v\u00edctima.<\/p>\n<p>El habilidoso recurso se empez\u00f3 a manifestar desde la ma\u00f1anera del presidente L\u00f3pez Obrador que, en vez de asumir presuntas responsabilidades, orden\u00f3 una investigaci\u00f3n para encontrar y castigar a los presuntos responsables.<\/p>\n<p>Al contrario de lo sucedido un d\u00eda antes, cuando apenas dedic\u00f3 menos de tres minutos a la tragedia en Ciudad Ju\u00e1rez y pr\u00e1cticamente culp\u00f3 a los propios migrantes de su desgracia, al quemar colchones, el jefe del Ejecutivo opt\u00f3 por se\u00f1alar a presuntos responsables fuera de la llamada Cuarta Transformaci\u00f3n o cuando menos los defini\u00f3 como disidentes al no cumplir con el mandato central de \u201cprimero los pobres\u201d.<\/p>\n<p>Esto qued\u00f3 claro cuando el primer mandatario anunci\u00f3 que ser\u00e1 la Fiscal\u00eda General de la Rep\u00fablica la que se encargar\u00e1 de las investigaciones para determinar las causas que llevaron a que 39 migrantes perdieran la vida en un incendio en la estaci\u00f3n del Instituto Nacional de Migraci\u00f3n en Ciudad Ju\u00e1rez. Como complemento, destac\u00f3 que ese \u201crefugio\u201d para migrantes estaba concesionado a una empresa privada, con lo cual apareci\u00f3 el recurso para culpar a anteriores gobiernos por dejar todo en manos de particulares y su \u201cperverso\u201d mecanismo en donde lo \u00fanico que importan son las utilidades<\/p>\n<p>\u201cTenemos ya una informaci\u00f3n preliminar, pero queremos tener todos los elementos para informar si es posible hoy mismo y dar conocer lo que sucedi\u00f3 en la versi\u00f3n del Gobierno que represento\u201d, manifest\u00f3 el mandatario en Palacio Nacional, con lo cual rest\u00f3 importancia a testimoniales como los videos en donde se observa a los migrantes encerrados tras rejas \u2014en lo que es una verdadera prisi\u00f3n y no un refugio, como se les llama oficialmente\u2014 sin que nadie acuda en su auxilio.<\/p>\n<p>Como complemento de la operaci\u00f3n de distraer la atenci\u00f3n sobre funcionarios de alto nivel y crear \u201cchivos expiatorios\u201d, la secretaria de Seguridad y Protecci\u00f3n Ciudadana (SSPC), Rosa Icela Rodr\u00edguez, inform\u00f3 que tienen identificadas, inicialmente, a ocho personas probablemente responsables.<\/p>\n<p>Se trata, indic\u00f3 la funcionaria, de \u201cdos agentes federales, un agente estatal de Migraci\u00f3n, as\u00ed como cinco elementos de la empresa de seguridad privada, quienes ya est\u00e1n rindiendo sus declaraciones ministeriales correspondientes\u201d.<\/p>\n<p>Adem\u00e1s, en un intento por dejar constancia de la preocupaci\u00f3n de la llamada Cuarta Transformaci\u00f3n por los \u201cm\u00e1s pobres\u201d, la secretaria de Seguridad anunci\u00f3 que el Instituto Nacional de Migraci\u00f3n (INM), dependiente de la Secretar\u00eda de Gobernaci\u00f3n \u2014pero en realidad conducido por Relaciones Exteriores, seg\u00fan Ad\u00e1n Augusto L\u00f3pez Hern\u00e1ndez\u2014 se har\u00e1 cargo del retorno de los cuerpos y movilidad de migrantes y familiares. Para el efecto, \u201cla Secretar\u00eda de Relaciones Exteriores (SRE) estableci\u00f3 contacto con las canciller\u00edas de Colombia, Ecuador, Guatemala, Honduras, El Salvador y Venezuela para coordinar la identificaci\u00f3n y traslado de los cuerpos a los pa\u00edses de origen\u201d.<\/p>\n<p style=\"text-align: center;\"><strong>La \u201coperaci\u00f3n pinza\u201d se cerr\u00f3 en el Senado<\/strong><\/p>\n<p>Mientras la operaci\u00f3n para salvar el prestigio de la llamada Cuarta Transformaci\u00f3n se inici\u00f3 en Palacio Nacional, el complemento ideal se dio en el Senado, donde brill\u00f3 nuevamente ingenio del presidente de la Junta de Coordinaci\u00f3n Pol\u00edtica (Jucopo) y coordinador de la bancada de Morena, Ricardo Monreal \u00c1vila, para tratar de lograr consensos.<\/p>\n<p>Como era previsible que los partidos de oposici\u00f3n se lanzar\u00edan contra el gobierno del presidente L\u00f3pez Obrador, al responsabilizarlo por la tragedia de Ciudad Ju\u00e1rez.<\/p>\n<p>Para empezar, el grupo parlamentario de Morena intent\u00f3 arrebatar la iniciativa a la oposici\u00f3n y en vez de responder a las denuncias, se declar\u00f3 indignado por lo ocurrido y pidi\u00f3 una investigaci\u00f3n detallada acerca de lo ocurrido y sanciones para quienes resulten responsables, para lo cual present\u00f3 un punto de acuerdo para \u201cdemandar\u201d acciones del Ejecutivo y de la \u201caut\u00f3noma\u201d Fiscal\u00eda General de la Rep\u00fablica.<\/p>\n<p>La encargada de presentar el punto de acuerdo fue la ex presidenta de la C\u00e1mara, la tabasque\u00f1a M\u00f3nica Fern\u00e1ndez Balboa.<\/p>\n<p>La senadora \u201cmorena\u201d expres\u00f3 que \u201clas y los senadores, del grupo parlamentario de Morena, creemos que esta tragedia no debe quedar como un lamentable accidente o descuido, lo sucedido con los migrantes, en Ciudad Ju\u00e1rez, debe investigarse.<\/p>\n<p>\u201cEn nuestro grupo tenemos claro que no se debe actuar de manera laxa en la aplicaci\u00f3n de la justicia y en el deslinde de responsabilidades ante esta tragedia, los derechos humanos m\u00e1s fundamentales y, en general, el Estado de derecho no podemos dejarlo fuera ni a interpretaciones pol\u00edticas.<\/p>\n<p>\u201cLa Ley de Migraci\u00f3n se\u00f1ala que corresponde al titular del Instituto analizar y proponer los programas, estrategias, proyectos, directrices, procesos, procedimientos, entre otras acciones, para la protecci\u00f3n y el respeto a los derechos humanos de las personas migrantes. Asimismo, coordinar con autoridades federales de las entidades federativas y de los municipios la atenci\u00f3n de los temas operativos en materia migratoria\u2026<\/p>\n<p>\u201cDesde esta tribuna hemos denunciado varias veces las omisiones y la desatenci\u00f3n a las llamadas de alerta que d\u00eda a d\u00eda se manifestaban a trav\u00e9s de diversas voces de organizaciones internacionales y cr\u00f3nicas informativas.<\/p>\n<p>\u201cComo soberan\u00eda de la Rep\u00fablica, de nueva cuenta levantamos la voz para exigir a las autoridades de los tres niveles de gobierno que de una vez se generen las condiciones de coparticipaci\u00f3n activa, manifest\u00f3 Fern\u00e1ndez Balboa al presentar el punto de acuerdo que dice:<\/p>\n<p>\u201cPrimero. Que el Senado de la Rep\u00fablica exhorte a la Secretar\u00edas de Gobernaci\u00f3n; de Relaciones Exteriores; y al Instituto Nacional de Migraci\u00f3n para que implementen acciones inmediatas de atenci\u00f3n y, en su caso, reparaci\u00f3n del da\u00f1o debido al incendio ocurrido el 27 de marzo de 2023, en Ciudad Ju\u00e1rez, Chihuahua.<\/p>\n<p>\u201cSegundo. El Senado de la Rep\u00fablica exhorta a la Fiscal\u00eda General de la Rep\u00fablica y a la Secretar\u00eda de la Funci\u00f3n P\u00fablica para que inicien los procedimientos de investigaci\u00f3n y de responsabilidad administrativa para deslindar responsabilidades y se decreten las medidas cautelares correspondientes y conforme a la ley.<\/p>\n<p>\u201cTercero. El Senado de la Rep\u00fablica exhorta al gobierno federal, a trav\u00e9s del Instituto Nacional de Migraci\u00f3n, a llevar a cabo una revisi\u00f3n de todos los centros de detenci\u00f3n que hay en el pa\u00eds a efecto de que se cumplan las condiciones de seguridad.<\/p>\n<p>\u201cCuarto. El Senado de la Rep\u00fablica exhorta a la Secretar\u00eda de Seguridad P\u00fablica Federal a que informe sobre las acciones llevadas a cabo de la empresa de seguridad privada sobre el incendio ocurrido el 27 de marzo de 2023\u201d.<\/p>\n<p>En principio pareci\u00f3 que la propuesta de Morena ten\u00eda aceptaci\u00f3n general e inclusive hubo sugerencias complementarias como la presentada por la senadora del PRI Beatriz Paredes Rangel:<\/p>\n<p>\u201cEn primer lugar, que se establezca una comisi\u00f3n especial integrada de manera plural por el Senado de la Rep\u00fablica, a trav\u00e9s de la Junta de Coordinaci\u00f3n Pol\u00edtica, para que les d\u00e9 seguimiento a los hechos ocurridos el 27 de marzo de 2023 en la estaci\u00f3n migratoria Lerdo Stanton, ubicada en Ciudad Ju\u00e1rez, Chihuahua, que nos permita llegar a las \u00faltimas consecuencias en cuanto a la verificaci\u00f3n de la responsabilidad institucional de las autoridades competentes.<\/p>\n<p>\u201cY, en segundo lugar, que comparezca el titular del Instituto Nacional de Migraci\u00f3n, para que d\u00e9 una explicaci\u00f3n vasta y suficiente de los hechos sucedidos.<\/p>\n<p>El coordinador de los senadores \u201cmorenos\u201d secund\u00f3 la propuesta de crear una comisi\u00f3n especial y en lo inmediato pareci\u00f3 que la sesi\u00f3n continuar\u00eda sin contratiempos, pero primero el senador del grupo independiente \u2014ex dirigente nacional del PAN\u2014 Gustavo Madero Mu\u00f1oz se\u00f1al\u00f3 que no se necesita ninguna excitativa para el Ejecutivo, pues est\u00e1 obligado a cumplir con todo lo necesario para salvaguardar a los migrantes que cruzan territorio nacional.<\/p>\n<p>Luego se desat\u00f3 la pol\u00e9mica a favor y en contra, pero a final de cuentas, la \u201cl\u00ednea dura\u201d de Morena impidi\u00f3 cambios a su propuesta, al grado que su mismo coordinador, el mencionado Ricardo Monreal, tuvo que retirar sus sugerencias de adiciones.<\/p>\n<p><em><a href=\"mailto:riparcangel@hotmail.com\" target=\"_blank\" rel=\"noopener noreferrer\">riparcangel@hotmail.com<\/a><\/em><\/p>\n","protected":false},"excerpt":{"rendered":"<p><span style=\"color: #005497;\"><strong>Miguel \u00c1ngel Rivera<\/strong><\/span<\/span><\/p>\n","protected":false},"author":3,"featured_media":0,"comment_status":"open","ping_status":"open","sticky":false,"template":"","format":"standard","meta":{"_monsterinsights_skip_tracking":false,"_monsterinsights_sitenote_active":false,"_monsterinsights_sitenote_note":"","_monsterinsights_sitenote_category":0,"footnotes":""},"categories":[84119],"tags":[84120,84121,43674],"class_list":["post-579366","post","type-post","status-publish","format-standard","hentry","category-miguel-angel-rivera","tag-clase-politica","tag-miguel-angel-rivera","tag-opinion"],"_links":{"self":[{"href":"https:\/\/www.diarioimagen.net\/index.php?rest_route=\/wp\/v2\/posts\/579366","targetHints":{"allow":["GET"]}}],"collection":[{"href":"https:\/\/www.diarioimagen.net\/index.php?rest_route=\/wp\/v2\/posts"}],"about":[{"href":"https:\/\/www.diarioimagen.net\/index.php?rest_route=\/wp\/v2\/types\/post"}],"author":[{"embeddable":true,"href":"https:\/\/www.diarioimagen.net\/index.php?rest_route=\/wp\/v2\/users\/3"}],"replies":[{"embeddable":true,"href":"https:\/\/www.diarioimagen.net\/index.php?rest_route=%2Fwp%2Fv2%2Fcomments&post=579366"}],"version-history":[{"count":0,"href":"https:\/\/www.diarioimagen.net\/index.php?rest_route=\/wp\/v2\/posts\/579366\/revisions"}],"wp:attachment":[{"href":"https:\/\/www.diarioimagen.net\/index.php?rest_route=%2Fwp%2Fv2%2Fmedia&parent=579366"}],"wp:term":[{"taxonomy":"category","embeddable":true,"href":"https:\/\/www.diarioimagen.net\/index.php?rest_route=%2Fwp%2Fv2%2Fcategories&post=579366"},{"taxonomy":"post_tag","embeddable":true,"href":"https:\/\/www.diarioimagen.net\/index.php?rest_route=%2Fwp%2Fv2%2Ftags&post=579366"}],"curies":[{"name":"wp","href":"https:\/\/api.w.org\/{rel}","templated":true}]}}