{"id":579466,"date":"2023-03-31T00:02:41","date_gmt":"2023-03-31T06:02:41","guid":{"rendered":"https:\/\/www.diarioimagen.net\/?p=579466"},"modified":"2023-04-03T23:44:48","modified_gmt":"2023-04-04T05:44:48","slug":"destaca-amlo-cifra-record-de-empleos-ante-empresarios-del-consejo-de-la-comunicacion","status":"publish","type":"post","link":"https:\/\/www.diarioimagen.net\/?p=579466","title":{"rendered":"Destaca AMLO cifra r\u00e9cord de empleos ante empresarios del Consejo de la Comunicaci\u00f3n"},"content":{"rendered":"<p>&nbsp;<\/p>\n<ul>\n<li><em><strong>M\u00e1s de 21 millones de plazas laborales en marzo<\/strong><\/em><\/li>\n<\/ul>\n<p>&nbsp;<\/p>\n<div id=\"attachment_579591\" style=\"width: 470px\" class=\"wp-caption aligncenter\"><a href=\"https:\/\/www.diarioimagen.net\/?attachment_id=579591\" rel=\"attachment wp-att-579591\"><img loading=\"lazy\" decoding=\"async\" aria-describedby=\"caption-attachment-579591\" class=\"size-full wp-image-579591\" src=\"https:\/\/www.diarioimagen.net\/wp-content\/uploads\/2023\/03\/amlo-15.jpg\" alt=\"\" width=\"460\" height=\"270\" \/><\/a><p id=\"caption-attachment-579591\" class=\"wp-caption-text\">Andres Manuel L\u00f3pez Obrador pidi\u00f3 al Consejo de la Comunicaci\u00f3n ayudar a la elaboraci\u00f3n de una campa\u00f1a de informaci\u00f3n para alertar sobre el consumo mortal de fentanilo.<\/p><\/div>\n<p>&nbsp;<\/p>\n<p>El presidente Andr\u00e9s Manuel L\u00f3pez Obrador present\u00f3 un breve\u00a0 informe sobre las diversas variables econ\u00f3micas ante empresarios e integrantes del Consejo de la Comunicaci\u00f3n, entre las que destac\u00f3 cifras r\u00e9cord en materia de empleo: 21 millones 676 mil plazas laborales en marzo, lo que significa un mill\u00f3n 147 mil 284 empleos m\u00e1s que en febrero de 2020, antes de la pandemia; salario promedio de los empleos formales de 15 mil 969 pesos y un salario m\u00ednimo de 207 pesos.<\/p>\n<p>En su ma\u00f1anera, el mandatario federal dijo que el salario m\u00ednimo es de 207 pesos diarios, increment\u00e1ndose sustancialmente en esta administraci\u00f3n lo que rompe con el mito de que si se incrementaba el salario, disparaba la inflaci\u00f3n.<\/p>\n<p>Subray\u00f3 que todos los incrementos se han otorgado por consenso, lo que da cuenta de acuerdos entre los sectores obrero y empresarial, esto demuestra, dijo, que hay empresarios con dimensi\u00f3n social, \u201ctodav\u00eda hay algunos que se resisten\u2026\u201d.<\/p>\n<p>En este contexto, refiri\u00f3 que la inflaci\u00f3n anual es de 7.62 por ciento, menor a algunos pa\u00edses industrializados, destacando que la pr\u00f3xima semana participar\u00e1 en una cumbre regional con 10 presidentes de pa\u00edses latinoamericanos para acordar esquemas de coordinaci\u00f3n para adquirir productos a mas bajos precios y contribuir a reducir la inflaci\u00f3n.<\/p>\n<p>Tambi\u00e9n destac\u00f3 que el peso es la moneda que m\u00e1s se ha apreciado frente al d\u00f3lar, alcanzando esta ma\u00f1ana 18.30 pesos por d\u00f3lar.<\/p>\n<p style=\"text-align: center;\"><strong>Pide a Consejo de la Comunicaci\u00f3n hacer campa\u00f1a contra fentanilo<\/strong><\/p>\n<p>L\u00f3pez Obrador pidi\u00f3 al Consejo de la Comunicaci\u00f3n ayudar a la elaboraci\u00f3n de una campa\u00f1a de informaci\u00f3n para alertar sobre el consumo mortal de fentanilo.<\/p>\n<p>\u201c\u00bfQu\u00e9 tenemos que hacer? Enfrentar el consumo, el que no se fomente la adicci\u00f3n y nosotros tenemos una circunstancia favorable en M\u00e9xico porque nosotros somos herederos de grandes culturas y civilizaciones.<\/p>\n<p>\u201cGracias a eso a que la familia es la principal instituci\u00f3n de seguridad social del pa\u00eds, no es el IMSS el ISSSTE, es la familia, gracias a esa fraternidad familiar hemos podido enfrentar todas las calamidades\u201d, se\u00f1al\u00f3.<\/p>\n<p>Con esta estrategia, consider\u00f3 el mandatario federal, se contribuir\u00e1 a reducir la violencia que genera el consumo pues en algunas partes del pa\u00eds, como Guanajuato, se dej\u00f3 el tr\u00e1nsito y se opt\u00f3 por el consumo.<\/p>\n<p>El jefe del Ejecutivo federal ejemplific\u00f3 el caso de Guanajuato donde los \u00edndices delictivos son los m\u00e1s altos a nivel nacional y est\u00e1n relacionados con el consumo de drogas sint\u00e9ticas.<\/p>\n<p>L\u00f3pez Obrador expuso que pese a tener un alto desarrollo industrial, los trabajadores de las grandes maquilladoras est\u00e1n dando positivo al consumo de drogas lo cual tiene prendidas las alarmas de los gobiernos estatal y federal.<\/p>\n<p>En el marco del cambio de la presidencia del Consejo de la Comunicaci\u00f3n donde Jos\u00e9 Carlos Azc\u00e1rraga entreg\u00f3 la estafeta a Francisco Casanueva, el mandatario federal habl\u00f3 de la necesidad de que el gobierno de Estados Unidos fortalezca sus lazos sociales para combatir el consumo.<\/p>\n<p style=\"text-align: center;\"><strong>AMLO refuta veto de EU a estados de M\u00e9xico por violencia e inseguridad<\/strong><\/p>\n<p>En otro tema, L\u00f3pez Obrador refut\u00f3 que el Departamento de Estado de Estados Unidos haya \u201cvetado\u201d a estados del pa\u00eds por violencia e inseguridad, porque el pa\u00eds est\u00e1 lleno de estadounidenses.<\/p>\n<p>El Presidente explic\u00f3 que en materia de seguridad los principales indicadores van a la baja, como los delitos del fuero federal 30% menos, el homicidio doloso 11% menos.<\/p>\n<p>\u201cEsto nos ha costado, la mayor parte de los homicidios el 70% vinculados con la delincuencia organizada, por eso no aceptamos cuando hablan legisladores del extranjero diciendo que no se puede visitar M\u00e9xico.<\/p>\n<p>\u201cEl Departamento de Estado nos vet\u00f3 30 de los 32 estados, pero est\u00e1 lleno de estadounidenses, Quintana Roo est\u00e1 lleno de estadounidenses, pero no les hace caso porque la realidad es otra\u201d, mencion\u00f3 el Presidente.<\/p>\n<p>Asegur\u00f3 que el delito de secuestro tambi\u00e9n va a la baja con 64% menos desde que inici\u00f3 su administraci\u00f3n.<\/p>\n","protected":false},"excerpt":{"rendered":"<p>El presidente Andr\u00e9s Manuel L\u00f3pez Obrador present\u00f3 un breve\u00a0 informe sobre las diversas variables econ\u00f3micas ante empresarios e integrantes del Consejo de la Comunicaci\u00f3n, entre las que destac\u00f3 cifras r\u00e9cord en materia de empleo: 21 millones 676 mil plazas laborales en marzo, lo que significa un mill\u00f3n 147 mil 284 empleos m\u00e1s que en febrero de 2020, antes de la pandemia; salario promedio de los empleos formales de 15 mil 969 pesos y un salario m\u00ednimo de 207 pesos.<\/p>\n","protected":false},"author":3,"featured_media":579591,"comment_status":"open","ping_status":"open","sticky":false,"template":"","format":"standard","meta":{"_monsterinsights_skip_tracking":false,"_monsterinsights_sitenote_active":false,"_monsterinsights_sitenote_note":"","_monsterinsights_sitenote_category":0,"footnotes":""},"categories":[3],"tags":[87627,481,95454,43673],"class_list":["post-579466","post","type-post","status-publish","format-standard","has-post-thumbnail","hentry","category-nacional","tag-consejo-de-la-comunicacion","tag-empleo","tag-fentanilo","tag-nacional"],"_links":{"self":[{"href":"https:\/\/www.diarioimagen.net\/index.php?rest_route=\/wp\/v2\/posts\/579466","targetHints":{"allow":["GET"]}}],"collection":[{"href":"https:\/\/www.diarioimagen.net\/index.php?rest_route=\/wp\/v2\/posts"}],"about":[{"href":"https:\/\/www.diarioimagen.net\/index.php?rest_route=\/wp\/v2\/types\/post"}],"author":[{"embeddable":true,"href":"https:\/\/www.diarioimagen.net\/index.php?rest_route=\/wp\/v2\/users\/3"}],"replies":[{"embeddable":true,"href":"https:\/\/www.diarioimagen.net\/index.php?rest_route=%2Fwp%2Fv2%2Fcomments&post=579466"}],"version-history":[{"count":0,"href":"https:\/\/www.diarioimagen.net\/index.php?rest_route=\/wp\/v2\/posts\/579466\/revisions"}],"wp:featuredmedia":[{"embeddable":true,"href":"https:\/\/www.diarioimagen.net\/index.php?rest_route=\/wp\/v2\/media\/579591"}],"wp:attachment":[{"href":"https:\/\/www.diarioimagen.net\/index.php?rest_route=%2Fwp%2Fv2%2Fmedia&parent=579466"}],"wp:term":[{"taxonomy":"category","embeddable":true,"href":"https:\/\/www.diarioimagen.net\/index.php?rest_route=%2Fwp%2Fv2%2Fcategories&post=579466"},{"taxonomy":"post_tag","embeddable":true,"href":"https:\/\/www.diarioimagen.net\/index.php?rest_route=%2Fwp%2Fv2%2Ftags&post=579466"}],"curies":[{"name":"wp","href":"https:\/\/api.w.org\/{rel}","templated":true}]}}